{"id":564925,"date":"2026-07-01T16:40:17","date_gmt":"2026-07-01T16:40:17","guid":{"rendered":"https:\/\/www.europesays.com\/it\/564925\/"},"modified":"2026-07-01T16:40:17","modified_gmt":"2026-07-01T16:40:17","slug":"bianchi-specialissima-rc-tour-de-france-serie-limitata","status":"publish","type":"post","link":"https:\/\/www.europesays.com\/it\/564925\/","title":{"rendered":"Bianchi Specialissima RC Tour de France: serie limitata"},"content":{"rendered":"<p><a href=\"https:\/\/www.bianchi.com\/\" rel=\"nofollow noopener\" target=\"_blank\">Bianchi<\/a> rafforza il proprio legame con il Tour de France grazie a un nuovo accordo pluriennale con Amaury Sport Organisation (A.S.O.), organizzatrice della corsa francese. L\u2019intesa assegna al marchio italiano il ruolo di <strong>Bicicletta Ufficiale del Tour de France<\/strong> e viene celebrata con una serie speciale della nuova <a href=\"https:\/\/cyclinside.it\/bianchi-rilancia-la-specialissima-fino-a-16-watt-risparmiati-e-telaio-piu-leggero\/\" rel=\"nofollow noopener\" target=\"_blank\">Specialissima RC<\/a>, prodotta in appena 113 esemplari numerati.<\/p>\n<p>La collaborazione richiama una storia comune che attraversa oltre un secolo di ciclismo. Le biciclette Bianchi hanno accompagnato le imprese di campioni come Fausto Coppi, Felice Gimondi e Marco Pantani. Nel 2026 saranno invece i corridori del Team Bahrain Victorious a portare il marchio italiano sulle strade della Grande Boucle.<\/p>\n<p><img loading=\"lazy\" title=\"bianchi specialissima tour de france 6 \u2013 Cyclinside.it\" decoding=\"async\" class=\"aligncenter size-full wp-image-132381\" src=\"https:\/\/www.europesays.com\/it\/wp-content\/uploads\/2026\/07\/bianchi-specialissima-tour-de-france-6.jpg\" alt=\"bianchi specialissima tour de france\" width=\"794\" height=\"1100\"  \/><\/p>\n<p>Una serie limitata dedicata alla 113a edizione del Tour<\/p>\n<p>Per celebrare il nuovo accordo \u00e8 stata realizzata una versione esclusiva della Specialissima RC. Il numero degli esemplari non \u00e8 casuale: sono infatti 113, come le edizioni del Tour de France celebrate dalla corsa francese.<\/p>\n<p>Ogni bicicletta \u00e8 numerata singolarmente ed \u00e8 stata sviluppata dal Reparto Corse Bianchi con l\u2019obiettivo di diventare un oggetto da collezione, senza rinunciare alle caratteristiche tecniche del modello destinato alle competizioni.<\/p>\n<p>Durante il Tour de France 2026 la bicicletta sar\u00e0 esposta ogni giorno nel villaggio ufficiale di partenza della corsa. Inoltre sar\u00e0<strong> visibile anche presso il temporary store Casa Bianchi di Milano, in Corso Garibaldi 65.<\/strong><\/p>\n<p><img loading=\"lazy\" title=\"bianchi specialissima tour de france 7 \u2013 Cyclinside.it\" decoding=\"async\" class=\"aligncenter size-full wp-image-132382\" src=\"https:\/\/www.europesays.com\/it\/wp-content\/uploads\/2026\/07\/bianchi-specialissima-tour-de-france-7.jpg\" alt=\"bianchi specialissima tour de france\" width=\"734\" height=\"1100\"  \/><\/p>\n<p>Specialissima RC: la piattaforma racing di Bianchi<\/p>\n<p>La Specialissima RC rappresenta, insieme alla Oltre RC, il vertice della gamma strada del costruttore italiano. \u00c8 progettata per offrire prestazioni sia in salita sia nei tratti pianeggianti, mantenendo precisione di guida anche nelle discese pi\u00f9 veloci.<\/p>\n<p>Tra gli elementi tecnici spicca l\u2019ultima evoluzione della tecnologia Countervail, studiata per migliorare la capacit\u00e0 del telaio di dissipare le vibrazioni senza compromettere la rigidit\u00e0 necessaria nelle accelerazioni e negli sprint.<\/p>\n<p>Componenti dedicati alla versione Tour de France<\/p>\n<p>L\u2019edizione limitata introduce anche una serie di componenti sviluppati appositamente.<\/p>\n<p>Le nuove ruote in carbonio Reparto Corse RC 49R adottano un profilo da 49 millimetri, canale interno da 25 millimetri e raggi straight pull. La finitura in carbonio marmorizzato \u00e8 completata da dettagli gialli che richiamano la Maglia Gialla.<\/p>\n<p>La sella \u00e8 una Prologo Choice aero da 148 millimetri, personalizzata con i quattro colori simbolo delle classifiche del Tour de France. Anche il cockpit \u00e8 dedicato, con nastro manubrio nero e giallo coordinato alla grafica del telaio.<\/p>\n<p>Una livrea che richiama tutte le maglie del Tour<\/p>\n<p>La grafica della Specialissima RC Tour de France Limited Edition \u00e8 stata verniciata a mano e riunisce gli elementi distintivi delle quattro maglie ufficiali della corsa.<\/p>\n<p>La parte anteriore del telaio presenta una finitura giallo metallizzato che sfuma verso il bianco. Nella zona posteriore trovano spazio dettagli verdi, mentre l\u2019interno della forcella riprende il motivo bianco a pois rossi dedicato alla classifica degli scalatori.<\/p>\n<p>Il logo ufficiale del Tour de France compare sul tubo verticale, mentre il numero progressivo di ciascun esemplare \u00e8 riportato sul tubo obliquo.<\/p>\n<p>Un kit esclusivo per i proprietari<\/p>\n<p>Chi acquister\u00e0 una delle 113 biciclette ricever\u00e0 anche un kit di benvenuto dedicato. L\u2019elemento principale \u00e8 una replica della bicicletta in scala 1:12, realizzata a mano in Italia e numerata con lo stesso numero dell\u2019esemplare originale.<\/p>\n<p>Secondo Claudio Masnata, Head of Brand Marketing and Communication di Bianchi, l\u2019accordo rappresenta un\u2019opportunit\u00e0 importante per aumentare la visibilit\u00e0 internazionale del marchio attraverso uno degli eventi sportivi pi\u00f9 seguiti al mondo, trasmesso in 190 Paesi e seguito da quasi 15 milioni di fan sulle piattaforme social.<\/p>\n<p>Prezzo e disponibilit\u00e0<\/p>\n<p>La Bianchi Specialissima RC Tour de France Limited Edition \u00e8 proposta a un prezzo di listino di <strong>12.900 euro<\/strong>. La produzione \u00e8 limitata a 113 esemplari numerati.<\/p>\n","protected":false},"excerpt":{"rendered":"Bianchi rafforza il proprio legame con il Tour de France grazie a un nuovo accordo pluriennale con Amaury&hellip;\n","protected":false},"author":3,"featured_media":564926,"comment_status":"","ping_status":"","sticky":false,"template":"","format":"standard","meta":{"footnotes":"","_share_on_mastodon":"0"},"categories":[1456],"tags":[24540,1824,1825,1537,90,89,311433,245,244,26869],"class_list":["post-564925","post","type-post","status-publish","format-standard","has-post-thumbnail","category-ciclismo","tag-bianchi","tag-ciclismo","tag-cycling","tag-it","tag-italia","tag-italy","tag-specialissima","tag-sport","tag-sports","tag-tour-de-france-2026"],"share_on_mastodon":{"url":"","error":""},"_links":{"self":[{"href":"https:\/\/www.europesays.com\/it\/wp-json\/wp\/v2\/posts\/564925","targetHints":{"allow":["GET"]}}],"collection":[{"href":"https:\/\/www.europesays.com\/it\/wp-json\/wp\/v2\/posts"}],"about":[{"href":"https:\/\/www.europesays.com\/it\/wp-json\/wp\/v2\/types\/post"}],"author":[{"embeddable":true,"href":"https:\/\/www.europesays.com\/it\/wp-json\/wp\/v2\/users\/3"}],"replies":[{"embeddable":true,"href":"https:\/\/www.europesays.com\/it\/wp-json\/wp\/v2\/comments?post=564925"}],"version-history":[{"count":0,"href":"https:\/\/www.europesays.com\/it\/wp-json\/wp\/v2\/posts\/564925\/revisions"}],"wp:featuredmedia":[{"embeddable":true,"href":"https:\/\/www.europesays.com\/it\/wp-json\/wp\/v2\/media\/564926"}],"wp:attachment":[{"href":"https:\/\/www.europesays.com\/it\/wp-json\/wp\/v2\/media?parent=564925"}],"wp:term":[{"taxonomy":"category","embeddable":true,"href":"https:\/\/www.europesays.com\/it\/wp-json\/wp\/v2\/categories?post=564925"},{"taxonomy":"post_tag","embeddable":true,"href":"https:\/\/www.europesays.com\/it\/wp-json\/wp\/v2\/tags?post=564925"}],"curies":[{"name":"wp","href":"https:\/\/api.w.org\/{rel}","templated":true}]}}