{"id":564972,"date":"2026-07-01T17:22:12","date_gmt":"2026-07-01T17:22:12","guid":{"rendered":"https:\/\/www.europesays.com\/it\/564972\/"},"modified":"2026-07-01T17:22:12","modified_gmt":"2026-07-01T17:22:12","slug":"favino-sara-marchionne-in-falcon-il-nuovo-film-di-marco-bellocchio","status":"publish","type":"post","link":"https:\/\/www.europesays.com\/it\/564972\/","title":{"rendered":"Favino sar\u00e0 Marchionne in \u00abFalcon\u00bb, il nuovo film di Marco Bellocchio"},"content":{"rendered":"<p>Le riprese inizieranno in autunno, come ha annunciato Paolo Del Brocco, ad di Raicinema durante la presentazione del nuovo listino a Riccione<\/p>\n<p class=\"chapter-paragraph\">Sar\u00e0 Pierfrancesco Favino a prestare volto e corpo a <b>Sergio Marchionne<\/b> in Falcon,\u00a0il film che Marco Bellocchio inizier\u00e0 a girare il prossimo autunno. Lo ha annunciato l&#8217;amministratore delegato di Rai Cinema Paolo Del Brocco, in collegamento da Riccione, per\u00a0\u00abCin\u00e9 &#8211; Giornate di Cinema\u00bb, presentando il listino 2026 di 01 Distribution, ricco di produzioni targate Rai Cinema. Falcon,\u00a0 scritto da Bellocchio con Ludovica Rampoldi, Andrea Di Stefano, Stefano Rulli e con la partecipazione di Oliviero Del Papa, \u00e8 prodotto da Simone Gattoni per Kavac Film, Mattia Mor per Emotion Network e Rai Cinema. \u00abLe riprese iniziano in autunno, con un cast internazionale e la collaborazione con Hbo Max\u00bb, gi\u00e0 al fianco di Bellocchio per la sua serie Portobello. \u00abBellocchio porter\u00e0 sullo schermo la straordinaria vicenda umana e professionale di Sergio Marchionne, una figura che ha segnato profondamente la storia industriale, economica e sociale del nostro Paese\u00bb, ha spiegato Del Brocco, \u00abil film non sar\u00e0 soltanto il racconto di una delle pi\u00f9 importanti operazioni finanziarie e industriali degli ultimi decenni. Sar\u00e0 soprattutto il ritratto di un uomo, della sua visione, della sua determinazione, delle sue responsabilit\u00e0 e delle sue contraddizioni\u00bb. Nel cast, accanto a Favino che per Bellocchio si \u00e8 calato nel 2018 nei panni di Tommaso Buscetta ne Il traditore,\u00a0 ci saranno attori internazionali.\u00a0<br \/>Quello che lo ha spinto il grande regista a misurarsi con la figura dell&#8217;ex ad Fiat, ha racconto di recente il grande regista,\u00a0\u00ab\u00e8 l&#8217;idea\u00a0di raccontare un italiano, Sergio Marchionne, che sfida in America due giganti, GM e Chrysler e vince. Non si fa assoggettare, non si fa schiacciare, la sua genialit\u00e0, il suo coraggio e la sua spietatezza manageriale salvano la Fiat che, come dicevano gli esperti, era &#8220;tecnicamente fallita&#8221;. Risorge non solo con lui ma con la partecipazione attiva del giovanissimo &#8220;maggiore azionista&#8221; e di tutta la famiglia. Mi piace raccontare di un vincitore che ritornato in patria \u00e8 accolto da alcune istituzioni italiane di sinistra, di centro e di destra con ostilit\u00e0. Un \u201cvincitore tragico si potrebbe definire alla fine della storia\u00bb.\u00a0<br \/>Tra i titoli 01 in arrivo nella nuova stagione, spiccano i nuovi film di Nanni Moretti (Succeder\u00e0 questa notte), Mario Martone (Scherzetto) , Gianni Amelio (Nessun dolore), Andrea Pallaoro (The Echo chamber, dall&#8217;ultima sceneggiatura di Bertolucci), molto probabilmente in dirittura di Venezia 83, cos\u00ec come L&#8217;estranea di Paolo Strippoli.\u00a0\u00a0Nel listino, anche\u00a0Il rumore delle cose nuove di Paolo Genovese (gi\u00e0 al lavoro su Follemente 2, in usicta nel 2027),\u00a0Bianco di Daniele Vicari e\u00a0Cambogia, l&#8217;opera prima di Valerio Lundini.\u00a0    &#13;<br \/>\n&#13;<br \/>\n&#13;<br \/>\n&#13;<br \/>\n&#13;<br \/>\n&#13;<br \/>\n&#13;<br \/>\n&#13;<br \/>\n&#13;<br \/>\n&#13;<br \/>\n&#13;<br \/>\n&#13;<br \/>\n&#13;<br \/>\n&#13;<br \/>\n&#13;<br \/>\n&#13;<br \/>\n&#13;<br \/>\n&#13;<br \/>\n&#13;<br \/>\n&#13;<br \/>\n&#13;<br \/>\n&#13;<br \/>\n&#13;<br \/>\n&#13;<br \/>\n&#13;<br \/>\n&#13;<br \/>\n&#13;<br \/>\n&#13;<br \/>\n&#13;<br \/>\n&#13;<br \/>\n&#13;<br \/>\n&#13;<br \/>\n&#13;<br \/>\n&#13;<br \/>\n&#13;<br \/>\n&#13;<br \/>\n&#13;<br \/>\n&#13;<br \/>\n&#13;<br \/>\n&#13;<br \/>\n&#13;<br \/>\n&#13;<br \/>\n&#13;<br \/>\n&#13;<br \/>\n&#13;<br \/>\n&#13;<br \/>\n&#13;<br \/>\n&#13;<br \/>\n&#13;<br \/>\n&#13;<br \/>\n&#13;<br \/>\n&#13;<br \/>\n&#13;\n<\/p>\n<p class=\"is-last-update\" datetime=\"2026-07-01T18:17:19+02:00\">1 luglio 2026 ( modifica il 1 luglio 2026 | 18:17)<\/p>\n<p class=\"is-copyright\">\n            \u00a9 RIPRODUZIONE RISERVATA\n        <\/p>\n","protected":false},"excerpt":{"rendered":"Le riprese inizieranno in autunno, come ha annunciato Paolo Del Brocco, ad di Raicinema durante la presentazione del&hellip;\n","protected":false},"author":3,"featured_media":564973,"comment_status":"","ping_status":"","sticky":false,"template":"","format":"standard","meta":{"footnotes":"","_share_on_mastodon":"0"},"categories":[174],"tags":[2700,118,5854,311457,60058,311454,2389,640,203,124206,311458,311459,24649,8903,9443,454,311460,311461,204,1537,90,89,76252,98942,311462,311463,4047,60165,652,311464,27384,5210,2848,311455,6977,311456],"class_list":["post-564972","post","type-post","status-publish","format-standard","has-post-thumbnail","category-intrattenimento","tag-andrea","tag-annunciato","tag-autunno","tag-autunno-annunciato","tag-bellocchio","tag-brocco","tag-cast","tag-cinema","tag-entertainment","tag-falcon","tag-falcon-film","tag-falcon-film-marco","tag-favino","tag-fiat","tag-figura","tag-film","tag-film-marco","tag-film-marco-bellocchio","tag-intrattenimento","tag-it","tag-italia","tag-italy","tag-listino","tag-marchionne","tag-marchionne-falcon","tag-marchionne-falcon-film","tag-marco","tag-marco-bellocchio","tag-paolo","tag-paolo-brocco","tag-partecipazione","tag-raccontare","tag-rai","tag-rai-cinema","tag-sergio","tag-sergio-marchionne"],"share_on_mastodon":{"url":"https:\/\/pubeurope.com\/@it\/116845881063515379","error":""},"_links":{"self":[{"href":"https:\/\/www.europesays.com\/it\/wp-json\/wp\/v2\/posts\/564972","targetHints":{"allow":["GET"]}}],"collection":[{"href":"https:\/\/www.europesays.com\/it\/wp-json\/wp\/v2\/posts"}],"about":[{"href":"https:\/\/www.europesays.com\/it\/wp-json\/wp\/v2\/types\/post"}],"author":[{"embeddable":true,"href":"https:\/\/www.europesays.com\/it\/wp-json\/wp\/v2\/users\/3"}],"replies":[{"embeddable":true,"href":"https:\/\/www.europesays.com\/it\/wp-json\/wp\/v2\/comments?post=564972"}],"version-history":[{"count":0,"href":"https:\/\/www.europesays.com\/it\/wp-json\/wp\/v2\/posts\/564972\/revisions"}],"wp:featuredmedia":[{"embeddable":true,"href":"https:\/\/www.europesays.com\/it\/wp-json\/wp\/v2\/media\/564973"}],"wp:attachment":[{"href":"https:\/\/www.europesays.com\/it\/wp-json\/wp\/v2\/media?parent=564972"}],"wp:term":[{"taxonomy":"category","embeddable":true,"href":"https:\/\/www.europesays.com\/it\/wp-json\/wp\/v2\/categories?post=564972"},{"taxonomy":"post_tag","embeddable":true,"href":"https:\/\/www.europesays.com\/it\/wp-json\/wp\/v2\/tags?post=564972"}],"curies":[{"name":"wp","href":"https:\/\/api.w.org\/{rel}","templated":true}]}}