{"id":565017,"date":"2026-07-01T18:02:15","date_gmt":"2026-07-01T18:02:15","guid":{"rendered":"https:\/\/www.europesays.com\/it\/565017\/"},"modified":"2026-07-01T18:02:15","modified_gmt":"2026-07-01T18:02:15","slug":"saldi-al-via-ce-interesse-speriamo-bene","status":"publish","type":"post","link":"https:\/\/www.europesays.com\/it\/565017\/","title":{"rendered":"Saldi al via. \u201cC\u2019\u00e8 interesse, speriamo bene\u201d"},"content":{"rendered":"<p>\u201cLuglio m&#8217;ha fatto una promessa\u201d ripeteva la seconda strofa di una famosa canzone del &#8217;68. E si spera che la promessa di un mese fruttuoso sia rispettata, caldo a parte. E&#8217; questa la speranza di tanti commercianti che si stanno preparando ad accogliere, sabato 4, i saldi estivi. Bilancio positivo quello della scorsa stagione ma l&#8217;incertezza bussa alle serrande, specie per temperature record che hanno investito le mura rodigine, in una canicola veramente sfidante. \u201cI saldi partono sempre troppo presto perch\u00e9 il caldo \u00e8 scoppiato in questi giorni. Come ogni volta, bisognerebbe secondo me posticiparli\u201d commenta <b>Silvia<\/b>, continuando: \u201cC&#8217;\u00e8 comunque molto interesse, mi aspetto un buon risultato. La stagione scorsa \u00e8 andata bene, quindi spero che vada allo stesso modo\u201d.<\/p>\n<p>Per <b>Jessica<\/b>: \u201cLa scorsa stagione \u00e8 partita un po&#8217; rallentata, invece quest&#8217;anno mi aspetto degli ottimi risultati, anche perch\u00e9 i clienti non vedono l&#8217;ora di arrivare alla ricerca dei nostri articoli\u201d. Se la tipica corsa allo sconto perfetto per alcuni fa correre, per altri si aggiunge a una routine abbastanza normale, come conferma <b>Ilaria<\/b>: \u201cIl mio negozio fortunatamente non ha bisogno dei saldi, nel senso che riesco a lavorare tranquillamente in stagione, poi, tenendo della merce con prezzi non molto alti, la gente viene a prescindere dal saldo o meno\u201d. Archiviate le temperature, l&#8217;altro nodo da sciogliere resta l&#8217;accessibilit\u00e0 al centro storico. \u201cI saldi sono partiti i primi 4 giorni, poi si \u00e8 fermato tutto. Ormai funzionano cos\u00ec, non servirebbero neanche pi\u00f9 a nulla, sinceramente\u201d sentenzia <b>Roberto<\/b>, analizzando la situazione. \u201cIl caldo in questi 10 giorni ci ha praticamente stroncato il giro di persone. Mancano ovviamente parcheggi, viabilit\u00e0 per il centro, ma non serve neanche pi\u00f9 discutere, i clienti desistono dal venire in centro col caldo. Il centro \u00e8 vuoto per questo motivo. Noi lo abbiamo fatto capire ma non ci ascolta nessuno\u201d. Tra le difficolt\u00e0, <b>Linda<\/b> aggiunge: \u201cSiamo propositivi, la gente aspetta il periodo del saldo per sfruttare le occasioni, fare eventualmente anche il cambio armadio\u201d. Segue <b>Alice<\/b>: \u201cLa problematica che stiamo riscontrando tutti \u00e8 che ormai sono sempre troppo presto. Questo mese, specialmente a causa del molto caldo, c&#8217;\u00e8 un po&#8217; la morte in centro, quindi speriamo che arrivi un afflusso maggiore. Speriamo che la gente rientri nei centri storici perch\u00e9, come potete ben vedere, di negozi vuoti ce ne sono anche troppi\u201d.<\/p>\n","protected":false},"excerpt":{"rendered":"\u201cLuglio m&#8217;ha fatto una promessa\u201d ripeteva la seconda strofa di una famosa canzone del &#8217;68. E si spera&hellip;\n","protected":false},"author":3,"featured_media":565018,"comment_status":"","ping_status":"","sticky":false,"template":"","format":"standard","meta":{"footnotes":"","_share_on_mastodon":"0"},"categories":[1458],"tags":[37492,10494,40614,1537,90,89,19838,9361,102459,9638,8516,1840,296960,17062,245,244],"class_list":["post-565017","post","type-post","status-publish","format-standard","has-post-thumbnail","category-rugby","tag-alice","tag-centro-storico","tag-ilaria","tag-it","tag-italia","tag-italy","tag-jessica","tag-linda","tag-mattia-tridello","tag-roberto","tag-rovigo","tag-rugby","tag-saldi-estivi","tag-silvia","tag-sport","tag-sports"],"share_on_mastodon":{"url":"https:\/\/pubeurope.com\/@it\/116846038067112467","error":""},"_links":{"self":[{"href":"https:\/\/www.europesays.com\/it\/wp-json\/wp\/v2\/posts\/565017","targetHints":{"allow":["GET"]}}],"collection":[{"href":"https:\/\/www.europesays.com\/it\/wp-json\/wp\/v2\/posts"}],"about":[{"href":"https:\/\/www.europesays.com\/it\/wp-json\/wp\/v2\/types\/post"}],"author":[{"embeddable":true,"href":"https:\/\/www.europesays.com\/it\/wp-json\/wp\/v2\/users\/3"}],"replies":[{"embeddable":true,"href":"https:\/\/www.europesays.com\/it\/wp-json\/wp\/v2\/comments?post=565017"}],"version-history":[{"count":0,"href":"https:\/\/www.europesays.com\/it\/wp-json\/wp\/v2\/posts\/565017\/revisions"}],"wp:featuredmedia":[{"embeddable":true,"href":"https:\/\/www.europesays.com\/it\/wp-json\/wp\/v2\/media\/565018"}],"wp:attachment":[{"href":"https:\/\/www.europesays.com\/it\/wp-json\/wp\/v2\/media?parent=565017"}],"wp:term":[{"taxonomy":"category","embeddable":true,"href":"https:\/\/www.europesays.com\/it\/wp-json\/wp\/v2\/categories?post=565017"},{"taxonomy":"post_tag","embeddable":true,"href":"https:\/\/www.europesays.com\/it\/wp-json\/wp\/v2\/tags?post=565017"}],"curies":[{"name":"wp","href":"https:\/\/api.w.org\/{rel}","templated":true}]}}