{"id":565054,"date":"2026-07-01T18:31:15","date_gmt":"2026-07-01T18:31:15","guid":{"rendered":"https:\/\/www.europesays.com\/it\/565054\/"},"modified":"2026-07-01T18:31:15","modified_gmt":"2026-07-01T18:31:15","slug":"nazionale-malago-nel-giro-di-una-settimana-avremo-dt-e-ct","status":"publish","type":"post","link":"https:\/\/www.europesays.com\/it\/565054\/","title":{"rendered":"Nazionale, Malag\u00f2: &#8220;Nel giro di una settimana avremo dt e ct&#8221;"},"content":{"rendered":"<p>                                Il nuovo presidente Figc dopo il suo primo Consiglio federale: &#8220;La Lega voter\u00e0 in Assemblea una forma di aiuto ai nostri bilanci&#8221;. Nessun problema sulle licenze nazionali, eletti i due vicepresidenti: Simonelli (vicario) e Calcagno<\/p>\n<p>            <a class=\"image is-50x50\" href=\"https:\/\/www.gazzetta.it\/redazione\/elisabetta-esposito\/\" rel=\"nofollow noopener\" target=\"_blank\"><br \/>\n                <img decoding=\"async\" class=\"is-rounded\" src=\"https:\/\/www.europesays.com\/it\/wp-content\/uploads\/2025\/11\/elisabetta_esposito_avatar.png\" alt=\"Elisabetta Esposito\"\/><br \/>\n            <\/a><\/p>\n<p>Giornalista<\/p>\n<p>                    1 luglio &#8211; 19:01  &#8211; ROMA<\/p>\n<p class=\"paragraph\" spellcheck=\"true\">&#8220;Nel giro di una settimana tutto sar\u00e0 chiuso, ma potrebbero volerci anche poche ore&#8221;. Giovanni Malag\u00f2, al termine del suo primo Consiglio federale da presidente della Figc, affronta senza tanti giri di parole il tema ct: &#8220;\u00c8 urgentissimo, ma ci sono tante variabili che incidono&#8221;, dice. Poi sottolinea di non aver ancora &#8220;contattato nessuno. Mi sono imposto che debba avvenire dopo che si \u00e8 chiusa la casella del direttore tecnico, che potrebbe essere abbinata a quella del presidente del Club Italia visto che hanno competenze molto similari. Gli italiani desiderano qualcuno che abbia storia, esperienza e conoscenza della materia, qualcuno che condivida con il presidente da scelta del ct&#8221;.\u00a0Per questo primo incarico da scegliere si parla soprattutto di Paolo Maldini, con cui Malag\u00f2 ha gi\u00e0 avuto contatti: &#8220;Non so dirvi se sono vicinissimo o molto lontano, ci lavoro tanto. Ho letto diversi nomi uno in particolare (Maldini appunto, ndr), non posso smentire n\u00e9 confermare, anche per correttezza verso le possibili alternative. Non concentratevi su un nome solo&#8221;.<\/p>\n<p>        serie a in soccorso\u2014 \u00a0<\/p>\n<p class=\"paragraph\" spellcheck=\"true\">Quindi conferma un ritrovato e forte interesse della Lega Serie A verso le Nazionale: &#8220;Il consigliere federale Marotta ha detto che la Lega di Serie A, in considerazione del suo interesse verso la nazionale, cercher\u00e0 di individuare una forma di sostegno per le finalit\u00e0 di alto livello della Figc, una proposta da portare in assemblea di di Lega il prossimo 23 luglio, anche per il budget federale che non permette di fare voli pindarici. Ho molto apprezzato&#8221;.<\/p>\n<p>        incontri con abodi\u2014 \u00a0<\/p>\n<p class=\"paragraph\" spellcheck=\"true\">Sul fronte politico il presidente ha detto di aver parlato a lungo in Consiglio\u00a0&#8220;dell\u2019incontro avuto con il ministro Abodi, ce ne sar\u00e0 un altro venerd\u00ec. Il fatto di essere cos\u00ec disponibile dimostra che i tempi sono stretti per entrambi. Non abbiamo parlato in quell&#8217;occasione dello ius soli sportivo,\u00a0ma il mondo istituzionale sa bene come la penso: tutto deve essere rivisitato sulla base della realt\u00e0. Andate a guardare quanti giocatori del Marocco sono nati in Marocco?&#8221;<\/p>\n<p>        licenze nazionali ok\u2014 \u00a0<\/p>\n<p class=\"paragraph\" spellcheck=\"true\">Malag\u00f2 aveva aperto la conferenza confermando che tutti i club professionistici &#8220;hanno superato i parametri per l&#8217;ammissione ai campionati. Sono scaramantico, per cui mi considero fortunato ad essere partito cos\u00ec, \u00e8 la prima volta dopo diversi anni. C&#8217;\u00e8 da riempire\u00a0solo la casella della Ternana: la commissione deve verificare chi ha i requisiti migliori su base nazionale.<\/p>\n<p><a class=\"is-partner-link\" href=\"https:\/\/aipredictor.gazzetta.it\/?intcmp=Nazionali\" rel=\"nofollow noopener\" target=\"_blank\">Promo Mondiale 1\u20ac al mese per 3 mesi &#8211; Scopri chi vince con Gazzetta AI Predictor!<\/a><\/p>\n<p>        vicepresidenti\u2014 \u00a0<\/p>\n<p class=\"paragraph\" spellcheck=\"true\">Il Consiglio ha anche votato all\u2019unanimit\u00e0, su proposta di Malag\u00f2, i due vicepresidenti: Ezio Maria Simonelli (Lega Serie A) e Umberto Calcagno (Aic).\u00a0 Il primo, sostenuto dalle quattro Leghe, sar\u00e0 anche il vicario di Malag\u00f2.<\/p>\n<p class=\"is-copyright\">\u00a9 RIPRODUZIONE RISERVATA<\/p>\n","protected":false},"excerpt":{"rendered":"Il nuovo presidente Figc dopo il suo primo Consiglio federale: &#8220;La Lega voter\u00e0 in Assemblea una forma di&hellip;\n","protected":false},"author":3,"featured_media":565055,"comment_status":"","ping_status":"","sticky":false,"template":"","format":"standard","meta":{"footnotes":"","_share_on_mastodon":"0"},"categories":[1456],"tags":[39420,10147,2333,311505,15551,1824,554,5886,1825,2391,284,23067,2498,3369,311506,5292,1537,90,89,109,23549,42000,311507,63425,20361,7157,1654,66,135,84997,1398,1821,989,21804,245,244,251344],"class_list":["post-565054","post","type-post","status-publish","format-standard","has-post-thumbnail","category-ciclismo","tag-abodi","tag-assemblea","tag-base","tag-calcagno","tag-casella","tag-ciclismo","tag-club","tag-ct","tag-cycling","tag-diversi","tag-federale","tag-figc","tag-forma","tag-giro","tag-giro-settimana","tag-interesse","tag-it","tag-italia","tag-italy","tag-lega","tag-lega-serie","tag-licenze","tag-licenze-nazionali","tag-malago","tag-maldini","tag-marocco","tag-nazionali","tag-parlato","tag-presidente","tag-presidente-figc","tag-proposta","tag-serie","tag-settimana","tag-simonelli","tag-sport","tag-sports","tag-vicepresidenti"],"share_on_mastodon":{"url":"https:\/\/pubeurope.com\/@it\/116846152785125833","error":""},"_links":{"self":[{"href":"https:\/\/www.europesays.com\/it\/wp-json\/wp\/v2\/posts\/565054","targetHints":{"allow":["GET"]}}],"collection":[{"href":"https:\/\/www.europesays.com\/it\/wp-json\/wp\/v2\/posts"}],"about":[{"href":"https:\/\/www.europesays.com\/it\/wp-json\/wp\/v2\/types\/post"}],"author":[{"embeddable":true,"href":"https:\/\/www.europesays.com\/it\/wp-json\/wp\/v2\/users\/3"}],"replies":[{"embeddable":true,"href":"https:\/\/www.europesays.com\/it\/wp-json\/wp\/v2\/comments?post=565054"}],"version-history":[{"count":0,"href":"https:\/\/www.europesays.com\/it\/wp-json\/wp\/v2\/posts\/565054\/revisions"}],"wp:featuredmedia":[{"embeddable":true,"href":"https:\/\/www.europesays.com\/it\/wp-json\/wp\/v2\/media\/565055"}],"wp:attachment":[{"href":"https:\/\/www.europesays.com\/it\/wp-json\/wp\/v2\/media?parent=565054"}],"wp:term":[{"taxonomy":"category","embeddable":true,"href":"https:\/\/www.europesays.com\/it\/wp-json\/wp\/v2\/categories?post=565054"},{"taxonomy":"post_tag","embeddable":true,"href":"https:\/\/www.europesays.com\/it\/wp-json\/wp\/v2\/tags?post=565054"}],"curies":[{"name":"wp","href":"https:\/\/api.w.org\/{rel}","templated":true}]}}