{"id":565149,"date":"2026-07-01T19:58:19","date_gmt":"2026-07-01T19:58:19","guid":{"rendered":"https:\/\/www.europesays.com\/it\/565149\/"},"modified":"2026-07-01T19:58:19","modified_gmt":"2026-07-01T19:58:19","slug":"belgio-senegal-il-risultato-in-diretta-live-dei-sedicesimi-di-finale-dei-mondiali-2026","status":"publish","type":"post","link":"https:\/\/www.europesays.com\/it\/565149\/","title":{"rendered":"Belgio Senegal, il risultato in diretta live dei sedicesimi di finale dei Mondiali 2026"},"content":{"rendered":"<p>Ci siamo quasi, tutto pronto per <strong>Belgio-Senegal, <\/strong>si gioca a Seattle&#8221;,&#8221;postId&#8221;:&#8221;f1245831-90ee-411c-b584-2bd87274c6d3&#8243;,&#8221;postLink&#8221;:{&#8220;title&#8221;:&#8221;&#8221;,&#8221;url&#8221;:&#8221;&#8221;,&#8221;imageSrc&#8221;:&#8221;&#8221;}},{&#8220;timestamp&#8221;:&#8221;2026-07-01T19:53:59.674Z&#8221;,&#8221;timestampUtcIt&#8221;:&#8221;2026-07-01T21:53:59+0200&#8243;,&#8221;altBackground&#8221;:false,&#8221;content&#8221;:&#8221;<\/p>\n<p><strong>SQUADRE IN CAMPO E INNI NAZIONALI<\/strong><\/p>\n<p>&#8220;,&#8221;postId&#8221;:&#8221;f49ea48f-f877-46a3-9dab-bc1747d32bc1&#8243;,&#8221;postLink&#8221;:{&#8220;title&#8221;:&#8221;&#8221;,&#8221;url&#8221;:&#8221;&#8221;,&#8221;imageSrc&#8221;:&#8221;&#8221;}},{&#8220;timestamp&#8221;:&#8221;2026-07-01T19:45:00.468Z&#8221;,&#8221;timestampUtcIt&#8221;:&#8221;2026-07-01T21:45:00+0200&#8243;,&#8221;altBackground&#8221;:false,&#8221;title&#8221;:&#8221;I giocatori del Senegal al momento della ricognizione&#8221;,&#8221;social&#8221;:{&#8220;socialType&#8221;:&#8221;twitter&#8221;,&#8221;src&#8221;:&#8221;https:\/\/twitter.com\/GaindeYi\/status\/2072393236350738660&#8243;,&#8221;cookieAllowed&#8221;:true},&#8221;postId&#8221;:&#8221;41b2e798-1c1a-4112-8af6-2f1c612cfb30&#8243;,&#8221;postLink&#8221;:{&#8220;title&#8221;:&#8221;&#8221;,&#8221;url&#8221;:&#8221;&#8221;,&#8221;imageSrc&#8221;:&#8221;&#8221;}},{&#8220;timestamp&#8221;:&#8221;2026-07-01T19:40:00.302Z&#8221;,&#8221;timestampUtcIt&#8221;:&#8221;2026-07-01T21:40:00+0200&#8243;,&#8221;altBackground&#8221;:false,&#8221;title&#8221;:&#8221;La maglia che il Belgio indosser\u00e0 stasera&#8221;,&#8221;social&#8221;:{&#8220;socialType&#8221;:&#8221;twitter&#8221;,&#8221;src&#8221;:&#8221;https:\/\/twitter.com\/DiablesActu\/status\/2071982482153460117&#8243;,&#8221;cookieAllowed&#8221;:true},&#8221;postId&#8221;:&#8221;3a5118c1-8260-444f-8629-87ca187c0a11&#8243;,&#8221;postLink&#8221;:{&#8220;title&#8221;:&#8221;&#8221;,&#8221;url&#8221;:&#8221;&#8221;,&#8221;imageSrc&#8221;:&#8221;&#8221;}},{&#8220;timestamp&#8221;:&#8221;2026-07-01T19:35:00.287Z&#8221;,&#8221;timestampUtcIt&#8221;:&#8221;2026-07-01T21:35:00+0200&#8243;,&#8221;altBackground&#8221;:false,&#8221;title&#8221;:&#8221;Mondiali di calcio, accadde oggi: il record di parate di Howard (e Obama lo chiama)&#8221;,&#8221;content&#8221;:&#8221;<\/p>\n<p>La storia dei Mondiali ripercorsa con un gol al giorno. Per tutta la durata del Mondiale 2026 ripeschiamo quotidianamente una rete che \u00e8 stata segnata nelle passate edizioni, proprio in quel giorno. Oggi vi raccontiamo di&#8230; un gol, anzi tanti gol, evitati dalla miglior prestazione di un portiere mai vista a un Mondiale. Tanto che negli Stati Uniti lo fecero Segretario della Difesa e lo chiam\u00f2 anche il presidente Obama<\/p>\n<p>&#8220;,&#8221;postId&#8221;:&#8221;6b19e221-47b2-4e24-8e30-78e24955df62&#8243;,&#8221;postLink&#8221;:{&#8220;title&#8221;:&#8221;Mondiali, accadde oggi: Howard para qualsiasi cosa e nasce un hashtag esilarante&#8221;,&#8221;url&#8221;:&#8221;https:\/\/sport.sky.it\/calcio\/mondiali\/mondiali-calcio-accadde-oggi-1-luglio&#8221;,&#8221;imageSrc&#8221;:&#8221;https:\/\/sport.sky.it\/assets\/images\/2c3ae31a974e12b6f7cc885539ed2831ea2f0c1d\/skysport\/it\/calcio\/mondiali\/mondiali-calcio-accadde-oggi-1-luglio\/howard_origi_usa_belgio_2014_getty.jpg?im=Resize,width=1218&#8243;}},{&#8220;timestamp&#8221;:&#8221;2026-07-01T19:30:00.542Z&#8221;,&#8221;timestampUtcIt&#8221;:&#8221;2026-07-01T21:30:00+0200&#8243;,&#8221;altBackground&#8221;:false,&#8221;title&#8221;:&#8221;Il rendimento dei 66 giocatori della Serie A convocati al Mondiale&#8221;,&#8221;content&#8221;:&#8221;<\/p>\n<p>Sono in totale 66 i giocatori delle squadre di Serie A convocati al Mondiale. Il\u00a0<strong>Milan <\/strong>\u00e8 quella che ne porta di pi\u00f9, dieci, seguita da <strong>Atalanta<\/strong> (8),<strong>\u00a0Inter <\/strong>(7),\u00a0<strong>Juventus <\/strong>e<strong> Roma<\/strong> (6). <strong>Ma come stanno andando effettivamente le loro partite?<\/strong><\/p>\n<p>&#8220;,&#8221;postId&#8221;:&#8221;93b0ac91-234d-4bb5-a63e-3bbbcd99cd2a&#8221;,&#8221;postLink&#8221;:{&#8220;title&#8221;:&#8221;Il rendimento dei 66 giocatori del nostro campionato al Mondiale&#8221;,&#8221;url&#8221;:&#8221;https:\/\/sport.sky.it\/calcio\/mondiali\/serie-a-convocati-mondiali-2026&#8243;,&#8221;imageSrc&#8221;:&#8221;https:\/\/sport.sky.it\/assets\/images\/bf198487995bde543e508d6a68529a990c1a3145\/skysport\/it\/calcio\/mondiali\/serie-a-convocati-mondiali-2026\/vasquez_messico_ipa.jpg?im=Resize,width=1218&#8243;}},{&#8220;timestamp&#8221;:&#8221;2026-07-01T19:25:00.858Z&#8221;,&#8221;timestampUtcIt&#8221;:&#8221;2026-07-01T21:25:00+0200&#8243;,&#8221;altBackground&#8221;:false,&#8221;title&#8221;:&#8221;Mondiali 2026, il tabellone delle big: possibili avversarie e incroci&#8221;,&#8221;postId&#8221;:&#8221;a1f47feb-3192-4d72-84d4-fe11ba8a3897&#8243;,&#8221;postLink&#8221;:{&#8220;title&#8221;:&#8221;Mondiali, l&#8217;Argentina ha davvero il percorso pi\u00f9 facile? I tabelloni delle big&#8221;,&#8221;url&#8221;:&#8221;https:\/\/sport.sky.it\/calcio\/mondiali\/mondiali-2026-tabellone-squadre-big-avversarie&#8221;,&#8221;imageSrc&#8221;:&#8221;https:\/\/sport.sky.it\/assets\/images\/a4d063290f82b7e2ff21e477587de2b1526921cf\/skysport\/it\/calcio\/mondiali\/mondiali-2026-tabellone-squadre-big-avversarie\/incroci_big_og.jpg?im=Resize,width=1218&#8243;}},{&#8220;timestamp&#8221;:&#8221;2026-07-01T19:20:00.457Z&#8221;,&#8221;timestampUtcIt&#8221;:&#8221;2026-07-01T21:20:00+0200&#8243;,&#8221;altBackground&#8221;:false,&#8221;title&#8221;:&#8221; Mondiali 2026, tabellone e calendario partite fino alla finale&#8221;,&#8221;content&#8221;:&#8221;<\/p>\n<p>L&#8217;Inghilterra soffre ma rimonta 2-1 la Repubblica Democratica del Congo: domenica sar\u00e0 sfida al Messico che ha eliminato l&#8217;Ecuador. Tutto facile per la\u00a0Francia che batte la Svezia 3-0 e agli ottavi affronter\u00e0 il sorprendente Paraguay che ha eliminato la Germania. La Norvegia elimina la Costa d&#8217;Avorio e se la vedr\u00e0 col Brasile di Ancelotti. Ecco il tabellone aggiornato del Mondiale 2026 e la guida completa<\/p>\n<p>&#8220;,&#8221;postId&#8221;:&#8221;f3c8c630-c5fe-48f1-8875-a86dde5ae3cc&#8221;,&#8221;postLink&#8221;:{&#8220;title&#8221;:&#8221;Mondiali 2026,  il tabellone aggiornato&#8221;,&#8221;url&#8221;:&#8221;https:\/\/sport.sky.it\/calcio\/mondiali\/tabellone-mondiali-2026&#8243;,&#8221;imageSrc&#8221;:&#8221;https:\/\/sport.sky.it\/assets\/images\/d9acfcf2dc2b1a3ecae6a147918f91031f03bc8a\/skysport\/it\/calcio\/mondiali\/tabellone-mondiali-2026\/tabellone_mondiale_1_luglio.jpg?im=Resize,width=1218&#8243;}},{&#8220;timestamp&#8221;:&#8221;2026-07-01T19:15:00.181Z&#8221;,&#8221;timestampUtcIt&#8221;:&#8221;2026-07-01T21:15:00+0200&#8243;,&#8221;altBackground&#8221;:false,&#8221;title&#8221;:&#8221; Mondiali, la classifica marcatori aggiornata&#8221;,&#8221;content&#8221;:&#8221;<\/p>\n<p>Leo Messi raggiunto da Mbapp\u00e9 in testa alla classifica marcatori di questo Mondiale con 6 reti.\u00a0\u00c8 anche lotta per il miglior bomber all-time del torneo. Haaland insegue a quota 5 insieme a Kane dopo la doppietta alla Repubblica Democratica del Congo. Dembel\u00e9 e Vinicius appaiati a 4. Con il gol all&#8217;Ecuador, Quinones sale a 3.\u00a0Tutti i marcatori fin qui<\/p>\n<p>&#8220;,&#8221;postId&#8221;:&#8221;dd4e5aa0-757f-439a-b83c-5e2da0d89fd6&#8243;,&#8221;postLink&#8221;:{&#8220;title&#8221;:&#8221;La classifica marcatori dei Mondiali&#8221;,&#8221;url&#8221;:&#8221;https:\/\/sport.sky.it\/calcio\/mondiali\/classifica-marcatori-mondiali-2026&#8243;,&#8221;imageSrc&#8221;:&#8221;https:\/\/sport.sky.it\/assets\/images\/460f51f4a78ffb85322a0e0a0fd1235e6ed63b4d\/skysport\/it\/calcio\/mondiali\/classifica-marcatori-mondiali-2026\/ansa_messi_argentina_gol_giordania.jpg?im=Resize,width=1218&#8243;}},{&#8220;timestamp&#8221;:&#8221;2026-07-01T19:10:00.557Z&#8221;,&#8221;timestampUtcIt&#8221;:&#8221;2026-07-01T21:10:00+0200&#8243;,&#8221;altBackground&#8221;:false,&#8221;title&#8221;:&#8221;Mondiali, la classifica marcatori all time: Mbapp\u00e9 supera Klose e insegue Messi&#8221;,&#8221;content&#8221;:&#8221;<\/p>\n<p>Prosegue la sfida a distanza tra Messi e Mbapp\u00e9: se l&#8217;argentino ha superato il vecchio record di Klose arrivando a quota 19 gol segnati ai Mondiali, il francese risponde con la doppietta contro la Svezia (la terza in questo Mondiale) con cui si prende il secondo posto nella graduatoria all-time&#8230; e batte un primato di Ronaldo il Fenomeno. Intanto Kane sale a 13 reti e supera Pel\u00e9<\/p>\n<p>&#8220;,&#8221;postId&#8221;:&#8221;621b9248-25f0-4243-8bb0-3dfce572cf98&#8243;,&#8221;postLink&#8221;:{&#8220;title&#8221;:&#8221;Mbapp\u00e9 supera Klose e insegue Messi: i migliori bomber di sempre ai Mondiali&#8221;,&#8221;url&#8221;:&#8221;https:\/\/sport.sky.it\/calcio\/mondiali\/mondiali-calcio-classifica-marcatori-all-time&#8221;,&#8221;imageSrc&#8221;:&#8221;https:\/\/sport.sky.it\/assets\/images\/6e6ec0e11971645ef403c9903d201a8eeded7841\/skysport\/it\/calcio\/mondiali\/mondiali-calcio-classifica-marcatori-all-time\/mbappe_ansa.JPG?im=Resize,width=1218&#8243;}},{&#8220;timestamp&#8221;:&#8221;2026-07-01T19:05:00.201Z&#8221;,&#8221;timestampUtcIt&#8221;:&#8221;2026-07-01T21:05:00+0200&#8243;,&#8221;altBackground&#8221;:false,&#8221;title&#8221;:&#8221;Messi, CR7, Mbapp\u00e9, Haaland e Kane: chi ha segnato di pi\u00f9 e chi far\u00e0 meglio al Mondiale?&#8221;,&#8221;content&#8221;:&#8221;<\/p>\n<p>Si fa sul serio ai Mondiali: <strong>chi far\u00e0 meglio tra Kane, Haaland, Mbapp\u00e9, Messi e Cristiano Ronaldo? <\/strong>Leo e Kylian sono appaiati in testa alla classifica marcatori, anche se il capitano dell&#8217;Argentina deve ancora giocare i sedicesimi di finale. Alle loro spalle, staccati di una sola rete, ci sono Kane e Haaland, entrambi decisivi nel trascinare agli ottavi Inghilterra e Norvegia. Pi\u00f9 indietro, invece, CR7.\u00a0<strong>S\u00ec, ma come ci arrivano al Mondiale i cinque super-attaccanti? <\/strong>Cosa hanno vinto nella stagione appena conclusa?\u00a0Quanti gol hanno segnato nei rispettivi campionati e quanti in stagione contando anche la nazionale? Spoiler: <strong>Kane \u00e8 arrivato a quota 72! Ma il record storico \u00e8 ancora lontano 10 gol\u2026<\/strong><\/p>\n<p>&#8220;,&#8221;postId&#8221;:&#8221;796db290-eccd-4404-87ab-64efb993cd4b&#8221;,&#8221;postLink&#8221;:{&#8220;title&#8221;:&#8221;Kane \u00e8 arrivato a quota 72 gol in stagione, ma il record assoluto \u00e8 ancora lontano\u2026&#8221;,&#8221;url&#8221;:&#8221;https:\/\/sport.sky.it\/calcio\/mondiali\/messi-ronaldo-haaland-mbappe-kane-confronto-gol-mondiali-2026&#8243;,&#8221;imageSrc&#8221;:&#8221;https:\/\/sport.sky.it\/assets\/images\/d5448464295c8875d6ab89854ffde39d0a61322f\/skysport\/it\/calcio\/mondiali\/messi-ronaldo-haaland-mbappe-kane-confronto-gol-mondiali-2026\/og_kane_ansa.jpg?im=Resize,width=1218&#8243;}},{&#8220;timestamp&#8221;:&#8221;2026-07-01T19:00:00.745Z&#8221;,&#8221;timestampUtcIt&#8221;:&#8221;2026-07-01T21:00:00+0200&#8243;,&#8221;altBackground&#8221;:false,&#8221;title&#8221;:&#8221;Inghilterra RD Congo 2-1&#8243;,&#8221;content&#8221;:&#8221;<\/p>\n<p>Uno strepitoso Harry Kane trascina l&#8217;Inghilterra agli ottavi di finale: rimontata 2-1 ad Atlanta la Repubblica Democratica del Congo. Domenica la squadra di Tuchel affronter\u00e0 il Messico allo stadio Azteca. &#8216;Leopardi&#8217; avanti a sorpresa al 7&#8242;\u00a0con Cipenga, che batte Pickford.\u00a0Wan-Bissaka salva tutto, palo di Wissa.\u00a0Applausi per Mpasi, che ferma tre volte Bellingham. La ribalta uno strepitoso Kane, che pareggia al 75&#8242; e completa la rimonta con un gran destro<\/p>\n<p>&#8220;,&#8221;postId&#8221;:&#8221;a986cc06-0701-4c40-9f75-335b8cfa1389&#8243;,&#8221;postLink&#8221;:{&#8220;title&#8221;:&#8221;Mondiali, Inghilterra agli ottavi: Kane ribalta la Repubblica Democratica del Congo&#8221;,&#8221;url&#8221;:&#8221;https:\/\/sport.sky.it\/calcio\/mondiali\/partite\/2026\/sedicesimi\/inghilterra-congo\/risultato-gol&#8221;,&#8221;imageSrc&#8221;:&#8221;https:\/\/sport.sky.it\/assets\/images\/09ae50590a3f666dafa8933c3c0878688e51b91b\/skysport\/it\/calcio\/mondiali\/partite\/2026\/sedicesimi\/inghilterra-congo\/live\/content\/ipa_kane_gol_inghilterra_congo.jpg?im=Resize,width=1218&#8243;}},{&#8220;timestamp&#8221;:&#8221;2026-07-01T18:55:39.738Z&#8221;,&#8221;timestampUtcIt&#8221;:&#8221;2026-07-01T20:55:39+0200&#8243;,&#8221;image&#8221;:{&#8220;imgSrc&#8221;:&#8221;https:\/\/www.europesays.com\/it\/wp-content\/uploads\/2026\/07\/senegal_formazione_belgio.jpg&#8221;,&#8221;imgAlt&#8221;:&#8221;Senegal&#8221;,&#8221;imgCredits&#8221;:null,&#8221;imgCaption&#8221;:null},&#8221;altBackground&#8221;:true,&#8221;title&#8221;:&#8221;La formazione del Senegal in grafica&#8221;,&#8221;postId&#8221;:&#8221;efabfcfb-c6b9-498f-ab9f-aebb830f50cf&#8221;,&#8221;postLink&#8221;:{&#8220;title&#8221;:&#8221;&#8221;,&#8221;url&#8221;:&#8221;&#8221;,&#8221;imageSrc&#8221;:&#8221;&#8221;}},{&#8220;timestamp&#8221;:&#8221;2026-07-01T18:55:10.495Z&#8221;,&#8221;timestampUtcIt&#8221;:&#8221;2026-07-01T20:55:10+0200&#8243;,&#8221;altBackground&#8221;:false,&#8221;title&#8221;:&#8221;Senegal, le scelte di formazione&#8221;,&#8221;content&#8221;:&#8221;<\/p>\n<p>Anche Thiaw cambia qualcosa e schiera <strong>Sarr <\/strong>al centro dell&#8217;attacco con ai lati <strong>Man\u00e9 <\/strong>e <strong>Ndiaye <\/strong>che gioca al posto di <strong>Jackson<\/strong>. <strong>Diarra <\/strong>sulla linea dei centrocampisti con <strong>Pape Gueye<\/strong> e Idrissa <strong>Gueye<\/strong>. In difesa dal 1&#8242; <strong>Ciss<\/strong><\/p>\n<p>&#8220;,&#8221;postId&#8221;:&#8221;f61f5853-9bc0-4ff5-9164-0cf57e141f99&#8243;,&#8221;postLink&#8221;:{&#8220;title&#8221;:&#8221;&#8221;,&#8221;url&#8221;:&#8221;&#8221;,&#8221;imageSrc&#8221;:&#8221;&#8221;}},{&#8220;timestamp&#8221;:&#8221;2026-07-01T18:53:58.677Z&#8221;,&#8221;timestampUtcIt&#8221;:&#8221;2026-07-01T20:53:58+0200&#8243;,&#8221;image&#8221;:{&#8220;imgSrc&#8221;:&#8221;https:\/\/www.europesays.com\/it\/wp-content\/uploads\/2026\/07\/belgio_formazione_senegal.jpg&#8221;,&#8221;imgAlt&#8221;:&#8221;Belgio&#8221;,&#8221;imgCredits&#8221;:null,&#8221;imgCaption&#8221;:null},&#8221;altBackground&#8221;:true,&#8221;title&#8221;:&#8221;La formazione del Belgio in grafica&#8221;,&#8221;postId&#8221;:&#8221;a6897808-4f07-4f9d-baca-6152c1e2a63b&#8221;,&#8221;postLink&#8221;:{&#8220;title&#8221;:&#8221;&#8221;,&#8221;url&#8221;:&#8221;&#8221;,&#8221;imageSrc&#8221;:&#8221;&#8221;}},{&#8220;timestamp&#8221;:&#8221;2026-07-01T18:53:29.994Z&#8221;,&#8221;timestampUtcIt&#8221;:&#8221;2026-07-01T20:53:29+0200&#8243;,&#8221;altBackground&#8221;:false,&#8221;title&#8221;:&#8221;Belgio, le scelte di formazione&#8221;,&#8221;content&#8221;:&#8221;<\/p>\n<p>Garcia con <strong>De Ketelaere<\/strong> al centro dell&#8217;attacco. Alle sue spalle giocano <strong>Trossard<\/strong>, <strong>De Bruyne<\/strong> e <strong>Doku<\/strong>. A centrocampo c&#8217;\u00e8 <strong>Vanaken <\/strong>e non <strong>Onana<\/strong>. In difesa a destra spazio a <strong>Castagne<\/strong><\/p>\n<p>&#8220;,&#8221;postId&#8221;:&#8221;d35a2aa7-01d8-4e3d-ba25-74a4736c2303&#8243;,&#8221;postLink&#8221;:{&#8220;title&#8221;:&#8221;&#8221;,&#8221;url&#8221;:&#8221;&#8221;,&#8221;imageSrc&#8221;:&#8221;&#8221;}},{&#8220;timestamp&#8221;:&#8221;2026-07-01T18:40:03.089Z&#8221;,&#8221;timestampUtcIt&#8221;:&#8221;2026-07-01T20:40:03+0200&#8243;,&#8221;altBackground&#8221;:false,&#8221;title&#8221;:&#8221;Le formazioni ufficiali&#8221;,&#8221;content&#8221;:&#8221;<\/p>\n<p><strong>BELGIO (4-2-3-1):<\/strong> Courtois; Castagne, Mechele, Theate, De Cuyper; Tielemans, Vanaken; Trossard, De Bruyne, Doku; De Ketelaere. Ct Garcia<\/p>\n<p>\\n<\/p>\n<p><strong>SENEGAL (4-3-3): D<\/strong>iaw; Diatta, Ciss, Niakhat\u00e9, Jakobs; Diarra, Idrissa Gueye, Pape Gueye; Ndiaye, Sarr, Man\u00e9. Ct. Thiaw<\/p>\n<p>&#8220;,&#8221;postId&#8221;:&#8221;69038026-3142-4ec5-b8ec-1bd18cc00693&#8243;,&#8221;postLink&#8221;:{&#8220;title&#8221;:&#8221;&#8221;,&#8221;url&#8221;:&#8221;&#8221;,&#8221;imageSrc&#8221;:&#8221;&#8221;}},{&#8220;timestamp&#8221;:&#8221;2026-07-01T18:30:29.773Z&#8221;,&#8221;timestampUtcIt&#8221;:&#8221;2026-07-01T20:30:29+0200&#8243;,&#8221;altBackground&#8221;:false,&#8221;title&#8221;:&#8221;Statistiche e curiosit\u00e0&#8221;,&#8221;content&#8221;:&#8221;<\/p>\n<p>Questo sar\u00e0 il primo match in assoluto tra <strong>Belgio e Senegal<\/strong><\/p>\n<p>&#8220;,&#8221;postId&#8221;:&#8221;fdff5a80-d65f-4565-a943-4041a796d8ae&#8221;,&#8221;postLink&#8221;:{&#8220;title&#8221;:&#8221;&#8221;,&#8221;url&#8221;:&#8221;&#8221;,&#8221;imageSrc&#8221;:&#8221;&#8221;}},{&#8220;timestamp&#8221;:&#8221;2026-07-01T18:30:13.161Z&#8221;,&#8221;timestampUtcIt&#8221;:&#8221;2026-07-01T20:30:13+0200&#8243;,&#8221;altBackground&#8221;:false,&#8221;title&#8221;:&#8221;Belgio ko in una sola delle sei gare disputate contro nazionali africane&#8221;,&#8221;content&#8221;:&#8221;<\/p>\n<p>Il <strong>Belgio <\/strong>ha perso solo una delle sei partite contro nazionali africane ai Mondiali (3 vittorie, 2 pareggi), ovvero il 2-0 contro il Marocco nella fase a gironi del 2022. Nessuno dei sei precedenti incontri si \u00e8 svolto nella fase a eliminazione diretta.<\/p>\n<p>&#8220;,&#8221;postId&#8221;:&#8221;fc1bd6c4-55fc-4dfc-bdfc-c2ad287e9a8b&#8221;,&#8221;postLink&#8221;:{&#8220;title&#8221;:&#8221;&#8221;,&#8221;url&#8221;:&#8221;&#8221;,&#8221;imageSrc&#8221;:&#8221;&#8221;}},{&#8220;timestamp&#8221;:&#8221;2026-07-01T18:29:47.449Z&#8221;,&#8221;timestampUtcIt&#8221;:&#8221;2026-07-01T20:29:47+0200&#8243;,&#8221;altBackground&#8221;:false,&#8221;title&#8221;:&#8221;Senegal sempre ko nelle ultime 4 gare ai Mondiali contro europee&#8221;,&#8221;content&#8221;:&#8221;<\/p>\n<p>Il <strong>Senegal <\/strong>ha perso tutte le ultime quattro partite ai Mondiali contro nazionali europee, disputate nelle ultime due edizioni (contro Olanda e Inghilterra nel 2022, contro Francia e Norvegia nel 2026). In precedenza, aveva subito solo una sconfitta nelle prime cinque sfide contro formazioni europee nel torneo (3 vittorie, 1 pareggio).<\/p>\n<p>&#8220;,&#8221;postId&#8221;:&#8221;8c38d5dc-e29a-466d-abb9-7c85efdf563c&#8221;,&#8221;postLink&#8221;:{&#8220;title&#8221;:&#8221;&#8221;,&#8221;url&#8221;:&#8221;&#8221;,&#8221;imageSrc&#8221;:&#8221;&#8221;}},{&#8220;timestamp&#8221;:&#8221;2026-07-01T18:29:19.162Z&#8221;,&#8221;timestampUtcIt&#8221;:&#8221;2026-07-01T20:29:19+0200&#8243;,&#8221;altBackground&#8221;:false,&#8221;title&#8221;:&#8221;Senegal a caccia della seconda vittoria nella fase a eliminazione diretta&#8221;,&#8221;content&#8221;:&#8221;<\/p>\n<p>Il <strong>Senegal <\/strong>cercher\u00e0 la sua seconda vittoria nella fase a eliminazione diretta dei Mondiali. Dopo aver sconfitto la Svezia negli ottavi di finale del 2002 (2-1), ha perso le due partite successive senza segnare: 0-1 contro la Turchia nel 2002 (quarti di finale) e 0-3 contro l&#8217;Inghilterra nel 2022 (ottavi di finale).<\/p>\n<p>&#8220;,&#8221;postId&#8221;:&#8221;92403001-d883-453f-93f8-5b84d43ae47d&#8221;,&#8221;postLink&#8221;:{&#8220;title&#8221;:&#8221;&#8221;,&#8221;url&#8221;:&#8221;&#8221;,&#8221;imageSrc&#8221;:&#8221;&#8221;}},{&#8220;timestamp&#8221;:&#8221;2026-07-01T18:28:54.721Z&#8221;,&#8221;timestampUtcIt&#8221;:&#8221;2026-07-01T20:28:54+0200&#8243;,&#8221;altBackground&#8221;:false,&#8221;title&#8221;:&#8221;Belgio, prima nel girone senza vincere nessuna delle prime due gare&#8221;,&#8221;content&#8221;:&#8221;<\/p>\n<p>Il <strong>Belgio <\/strong>\u00e8 la prima nazionale a chiudere al primo posto il proprio girone ai Mondiali senza vincere nessuna delle prime due partite dai tempi degli Stati Uniti nel 2010, e la prima europea dall&#8217;Inghilterra nel 1990. Il 5-1 contro la Nuova Zelanda nell&#8217;ultima giornata \u00e8 stata la vittoria pi\u00f9 larga di sempre per il Belgio ai Mondiali, segnando pi\u00f9 gol in quella partita (5) che nelle precedenti sette gare sommate nella Coppa del Mondo (4).<\/p>\n<p>&#8220;,&#8221;postId&#8221;:&#8221;a194f777-4e1a-4931-9186-70605b42ce49&#8243;,&#8221;postLink&#8221;:{&#8220;title&#8221;:&#8221;&#8221;,&#8221;url&#8221;:&#8221;&#8221;,&#8221;imageSrc&#8221;:&#8221;&#8221;}},{&#8220;timestamp&#8221;:&#8221;2026-07-01T18:28:31.745Z&#8221;,&#8221;timestampUtcIt&#8221;:&#8221;2026-07-01T20:28:31+0200&#8243;,&#8221;altBackground&#8221;:false,&#8221;title&#8221;:&#8221;Senegal, in tre gare 14 gol tra fatti e subiti&#8221;,&#8221;content&#8221;:&#8221;<\/p>\n<p>Le tre partite del <strong>Senegal <\/strong>ai Mondiali 2026 hanno visto un totale di 14 gol (8 fatti e 6 subiti); solo le gare della Norvegia (15) ne hanno registrati di pi\u00f9 nella fase a gironi<\/p>\n<p>&#8220;,&#8221;postId&#8221;:&#8221;39f64a2e-63ef-4d12-8bda-e7c4ca3dcbb6&#8243;,&#8221;postLink&#8221;:{&#8220;title&#8221;:&#8221;&#8221;,&#8221;url&#8221;:&#8221;&#8221;,&#8221;imageSrc&#8221;:&#8221;&#8221;}},{&#8220;timestamp&#8221;:&#8221;2026-07-01T18:28:07.105Z&#8221;,&#8221;timestampUtcIt&#8221;:&#8221;2026-07-01T20:28:07+0200&#8243;,&#8221;altBackground&#8221;:false,&#8221;title&#8221;:&#8221;Sarr ha preso parte a quattro reti in questo Mondiale&#8221;,&#8221;content&#8221;:&#8221;<\/p>\n<p>Isma\u00efla <strong>Sarr <\/strong>ha preso parte a quattro reti ai Mondiali 2026 (3 gol e 1 assist), nessun giocatore del Senegal ha mai fatto meglio in una singola edizione del torneo (4 anche per Henri Camara nel 2002).<\/p>\n<p>&#8220;,&#8221;postId&#8221;:&#8221;8f53146d-a242-4708-8520-f273d5d88325&#8243;,&#8221;postLink&#8221;:{&#8220;title&#8221;:&#8221;&#8221;,&#8221;url&#8221;:&#8221;&#8221;,&#8221;imageSrc&#8221;:&#8221;&#8221;}},{&#8220;timestamp&#8221;:&#8221;2026-07-01T18:27:48.089Z&#8221;,&#8221;timestampUtcIt&#8221;:&#8221;2026-07-01T20:27:48+0200&#8243;,&#8221;altBackground&#8221;:false,&#8221;title&#8221;:&#8221;Il record di Romelu Lukaku&#8221;,&#8221;content&#8221;:&#8221;<\/p>\n<p>Con sei reti e otto partecipazioni al gol (6 gol+2 assist), Romelu <strong>Lukaku <\/strong>detiene il record sia di marcature (nella storia) e di partecipazioni al gol (dal 1966) per un giocatore del Belgio ai Mondiali. Subentrato dalla panchina, ha segnato e fornito un assist contro la Nuova Zelanda nell&#8217;ultimo turno; potrebbe inoltre andare a segno in due partite consecutive ai Mondiali solo per la seconda volta, dopo esserci riuscito nel 2018 contro Panama e Tunisia.<\/p>\n<p>&#8220;,&#8221;postId&#8221;:&#8221;e35cc3d2-9496-498f-9e5d-685ff12e628a&#8221;,&#8221;postLink&#8221;:{&#8220;title&#8221;:&#8221;&#8221;,&#8221;url&#8221;:&#8221;&#8221;,&#8221;imageSrc&#8221;:&#8221;&#8221;}},{&#8220;timestamp&#8221;:&#8221;2026-07-01T18:27:28.928Z&#8221;,&#8221;timestampUtcIt&#8221;:&#8221;2026-07-01T20:27:28+0200&#8243;,&#8221;altBackground&#8221;:false,&#8221;title&#8221;:&#8221;I numeri sui passaggi di Idrissa Gueye&#8221;,&#8221;content&#8221;:&#8221;<\/p>\n<p>Idrissa <strong>Gueye <\/strong>\u00e8 il giocatore del Senegal con pi\u00f9 line-breaking passes (39) nella fase a gironi di questo Mondiale. \u00c8 stato inoltre il calciatore con il maggior numero di line-breaking passes nel suo precedente torneo internazionale (tra tutte le nazionali), ovvero nella Coppa d&#8217;Africa 2025 (100)<\/p>\n<p>&#8220;,&#8221;postId&#8221;:&#8221;35d3a3a1-1dce-47b5-a0dc-80e03a9fbb8e&#8221;,&#8221;postLink&#8221;:{&#8220;title&#8221;:&#8221;&#8221;,&#8221;url&#8221;:&#8221;&#8221;,&#8221;imageSrc&#8221;:&#8221;&#8221;}},{&#8220;timestamp&#8221;:&#8221;2026-07-01T18:27:10.035Z&#8221;,&#8221;timestampUtcIt&#8221;:&#8221;2026-07-01T20:27:10+0200&#8243;,&#8221;altBackground&#8221;:false,&#8221;title&#8221;:&#8221;Trossard, 13 occasioni create in questo Mondiale&#8221;,&#8221;content&#8221;:&#8221;<\/p>\n<p>Leandro <strong>Trossard <\/strong>del Belgio ha creato 13 occasioni in questo Mondiale, record per un giocatore nella fase a gironi a partire dal 2014, quando Miralem Pjanic ne cre\u00f2 altrettante per la Bosnia-Erzegovina. Tutte le sue 13 occasioni sono arrivate su azione, il numero pi\u00f9 alto di occasioni create su azione da un giocatore in una singola fase a gironi dei Mondiali dai tempi di un altro belga: Enzo Scifo nel 1994 (15).<\/p>\n<p>&#8220;,&#8221;postId&#8221;:&#8221;e1686ce5-f7e1-446b-9640-b81c371a68bc&#8221;,&#8221;postLink&#8221;:{&#8220;title&#8221;:&#8221;&#8221;,&#8221;url&#8221;:&#8221;&#8221;,&#8221;imageSrc&#8221;:&#8221;&#8221;}}]}&#8221; query='{&#8220;configurationName&#8221;:&#8221;LIVEBLOG_CONTAINER_WIDGET&#8221;,&#8221;liveblogId&#8221;:&#8221;03a8bdfa-dd70-4453-9e38-b5864a47c2ed&#8221;,&#8221;tenant&#8221;:&#8221;sport&#8221;,&#8221;limit&#8221;:800}&#8217; config='{&#8220;live&#8221;:true,&#8221;isWebView&#8221;:false,&#8221;postsPerPageMobile&#8221;:10,&#8221;postsPerPageDesktop&#8221;:10}&#8217;&gt;<\/p>\n<p>meno di un minuto fa<\/p>\n<p>Ci siamo quasi, tutto pronto per <strong>Belgio-Senegal, <\/strong>si gioca a Seattle<\/p>\n<p>2 minuti fa<\/p>\n<p><strong>SQUADRE IN CAMPO E INNI NAZIONALI<\/strong><\/p>\n<p>11 minuti fa<\/p>\n<p>I giocatori del Senegal al momento della ricognizione<\/p>\n<p>16 minuti fa<\/p>\n<p>La maglia che il Belgio indosser\u00e0 stasera<\/p>\n<p>21 minuti fa<\/p>\n<p>Mondiali di calcio, accadde oggi: il record di parate di Howard (e Obama lo chiama)<\/p>\n<p>La storia dei Mondiali ripercorsa con un gol al giorno. Per tutta la durata del Mondiale 2026 ripeschiamo quotidianamente una rete che \u00e8 stata segnata nelle passate edizioni, proprio in quel giorno. Oggi vi raccontiamo di&#8230; un gol, anzi tanti gol, evitati dalla miglior prestazione di un portiere mai vista a un Mondiale. Tanto che negli Stati Uniti lo fecero Segretario della Difesa e lo chiam\u00f2 anche il presidente Obama<\/p>\n<p><a href=\"https:\/\/sport.sky.it\/calcio\/mondiali\/mondiali-calcio-accadde-oggi-1-luglio\" title=\"Mondiali, accadde oggi: Howard para qualsiasi cosa e nasce un hashtag esilarante\" class=\"lvbg-post-link\" data-intcmp=\"skysport_liveblog_liveblog-preview_null\" data-analytics-element=\"liveblog-preview\" rel=\"nofollow noopener\" target=\"_blank\"><img alt=\"Mondiali, accadde oggi: Howard para qualsiasi cosa e nasce un hashtag esilarante\" style=\"opacity:0;transition:opacity 0.3s\" class=\"lvbg-post-link__image\"\/>Mondiali, accadde oggi: Howard para qualsiasi cosa e nasce un hashtag esilaranteVai al contenuto <\/a><\/p>\n<p>26 minuti fa<\/p>\n<p>Il rendimento dei 66 giocatori della Serie A convocati al Mondiale<\/p>\n<p>Sono in totale 66 i giocatori delle squadre di Serie A convocati al Mondiale. Il\u00a0<strong>Milan <\/strong>\u00e8 quella che ne porta di pi\u00f9, dieci, seguita da <strong>Atalanta<\/strong> (8),<strong>\u00a0Inter <\/strong>(7),\u00a0<strong>Juventus <\/strong>e<strong> Roma<\/strong> (6). <strong>Ma come stanno andando effettivamente le loro partite?<\/strong><\/p>\n<p><a href=\"https:\/\/sport.sky.it\/calcio\/mondiali\/serie-a-convocati-mondiali-2026\" title=\"Il rendimento dei 66 giocatori del nostro campionato al Mondiale\" class=\"lvbg-post-link\" data-intcmp=\"skysport_liveblog_liveblog-preview_null\" data-analytics-element=\"liveblog-preview\" rel=\"nofollow noopener\" target=\"_blank\"><img alt=\"Il rendimento dei 66 giocatori del nostro campionato al Mondiale\" style=\"opacity:0;transition:opacity 0.3s\" class=\"lvbg-post-link__image\"\/>Il rendimento dei 66 giocatori del nostro campionato al MondialeVai al contenuto <\/a><\/p>\n<p>31 minuti fa<\/p>\n<p>Mondiali 2026, il tabellone delle big: possibili avversarie e incroci<a href=\"https:\/\/sport.sky.it\/calcio\/mondiali\/mondiali-2026-tabellone-squadre-big-avversarie\" title=\"Mondiali, l&#039;Argentina ha davvero il percorso pi\u00f9 facile? I tabelloni delle big\" class=\"lvbg-post-link\" data-intcmp=\"skysport_liveblog_liveblog-preview_null\" data-analytics-element=\"liveblog-preview\" rel=\"nofollow noopener\" target=\"_blank\"><img alt=\"Mondiali, l'Argentina ha davvero il percorso pi\u00f9 facile? I tabelloni delle big\" style=\"opacity:0;transition:opacity 0.3s\" class=\"lvbg-post-link__image\"\/>Mondiali, l&#8217;Argentina ha davvero il percorso pi\u00f9 facile? I tabelloni delle bigVai al contenuto <\/a><\/p>\n<p>36 minuti fa<\/p>\n<p> Mondiali 2026, tabellone e calendario partite fino alla finale<\/p>\n<p>L&#8217;Inghilterra soffre ma rimonta 2-1 la Repubblica Democratica del Congo: domenica sar\u00e0 sfida al Messico che ha eliminato l&#8217;Ecuador. Tutto facile per la\u00a0Francia che batte la Svezia 3-0 e agli ottavi affronter\u00e0 il sorprendente Paraguay che ha eliminato la Germania. La Norvegia elimina la Costa d&#8217;Avorio e se la vedr\u00e0 col Brasile di Ancelotti. Ecco il tabellone aggiornato del Mondiale 2026 e la guida completa<\/p>\n<p><a href=\"https:\/\/sport.sky.it\/calcio\/mondiali\/tabellone-mondiali-2026\" title=\"Mondiali 2026,  il tabellone aggiornato\" class=\"lvbg-post-link\" data-intcmp=\"skysport_liveblog_liveblog-preview_null\" data-analytics-element=\"liveblog-preview\" rel=\"nofollow noopener\" target=\"_blank\"><img alt=\"Mondiali 2026,  il tabellone aggiornato\" style=\"opacity:0;transition:opacity 0.3s\" class=\"lvbg-post-link__image\"\/>Mondiali 2026,  il tabellone aggiornatoVai al contenuto <\/a><\/p>\n<p>41 minuti fa<\/p>\n<p> Mondiali, la classifica marcatori aggiornata<\/p>\n<p>Leo Messi raggiunto da Mbapp\u00e9 in testa alla classifica marcatori di questo Mondiale con 6 reti.\u00a0\u00c8 anche lotta per il miglior bomber all-time del torneo. Haaland insegue a quota 5 insieme a Kane dopo la doppietta alla Repubblica Democratica del Congo. Dembel\u00e9 e Vinicius appaiati a 4. Con il gol all&#8217;Ecuador, Quinones sale a 3.\u00a0Tutti i marcatori fin qui<\/p>\n<p><a href=\"https:\/\/sport.sky.it\/calcio\/mondiali\/classifica-marcatori-mondiali-2026\" title=\"La classifica marcatori dei Mondiali\" class=\"lvbg-post-link\" data-intcmp=\"skysport_liveblog_liveblog-preview_null\" data-analytics-element=\"liveblog-preview\" rel=\"nofollow noopener\" target=\"_blank\"><img alt=\"La classifica marcatori dei Mondiali\" style=\"opacity:0;transition:opacity 0.3s\" class=\"lvbg-post-link__image\"\/>La classifica marcatori dei MondialiVai al contenuto <\/a><\/p>\n<p>46 minuti fa<\/p>\n<p>Mondiali, la classifica marcatori all time: Mbapp\u00e9 supera Klose e insegue Messi<\/p>\n<p>Prosegue la sfida a distanza tra Messi e Mbapp\u00e9: se l&#8217;argentino ha superato il vecchio record di Klose arrivando a quota 19 gol segnati ai Mondiali, il francese risponde con la doppietta contro la Svezia (la terza in questo Mondiale) con cui si prende il secondo posto nella graduatoria all-time&#8230; e batte un primato di Ronaldo il Fenomeno. Intanto Kane sale a 13 reti e supera Pel\u00e9<\/p>\n<p><a href=\"https:\/\/sport.sky.it\/calcio\/mondiali\/mondiali-calcio-classifica-marcatori-all-time\" title=\"Mbapp\u00e9 supera Klose e insegue Messi: i migliori bomber di sempre ai Mondiali\" class=\"lvbg-post-link\" data-intcmp=\"skysport_liveblog_liveblog-preview_null\" data-analytics-element=\"liveblog-preview\" rel=\"nofollow noopener\" target=\"_blank\"><img alt=\"Mbapp\u00e9 supera Klose e insegue Messi: i migliori bomber di sempre ai Mondiali\" style=\"opacity:0;transition:opacity 0.3s\" class=\"lvbg-post-link__image\"\/>Mbapp\u00e9 supera Klose e insegue Messi: i migliori bomber di sempre ai MondialiVai al contenuto <\/a><\/p>\n<p>51 minuti fa<\/p>\n<p>Messi, CR7, Mbapp\u00e9, Haaland e Kane: chi ha segnato di pi\u00f9 e chi far\u00e0 meglio al Mondiale?<\/p>\n<p>Si fa sul serio ai Mondiali: <strong>chi far\u00e0 meglio tra Kane, Haaland, Mbapp\u00e9, Messi e Cristiano Ronaldo? <\/strong>Leo e Kylian sono appaiati in testa alla classifica marcatori, anche se il capitano dell&#8217;Argentina deve ancora giocare i sedicesimi di finale. Alle loro spalle, staccati di una sola rete, ci sono Kane e Haaland, entrambi decisivi nel trascinare agli ottavi Inghilterra e Norvegia. Pi\u00f9 indietro, invece, CR7.\u00a0<strong>S\u00ec, ma come ci arrivano al Mondiale i cinque super-attaccanti? <\/strong>Cosa hanno vinto nella stagione appena conclusa?\u00a0Quanti gol hanno segnato nei rispettivi campionati e quanti in stagione contando anche la nazionale? Spoiler: <strong>Kane \u00e8 arrivato a quota 72! Ma il record storico \u00e8 ancora lontano 10 gol\u2026<\/strong><\/p>\n<p><a href=\"https:\/\/sport.sky.it\/calcio\/mondiali\/messi-ronaldo-haaland-mbappe-kane-confronto-gol-mondiali-2026\" title=\"Kane \u00e8 arrivato a quota 72 gol in stagione, ma il record assoluto \u00e8 ancora lontano\u2026\" class=\"lvbg-post-link\" data-intcmp=\"skysport_liveblog_liveblog-preview_null\" data-analytics-element=\"liveblog-preview\" rel=\"nofollow noopener\" target=\"_blank\"><img alt=\"Kane \u00e8 arrivato a quota 72 gol in stagione, ma il record assoluto \u00e8 ancora lontano\u2026\" style=\"opacity:0;transition:opacity 0.3s\" class=\"lvbg-post-link__image\"\/>Kane \u00e8 arrivato a quota 72 gol in stagione, ma il record assoluto \u00e8 ancora lontano\u2026Vai al contenuto <\/a><\/p>\n<p>56 minuti fa<\/p>\n<p>Inghilterra RD Congo 2-1<\/p>\n<p>Uno strepitoso Harry Kane trascina l&#8217;Inghilterra agli ottavi di finale: rimontata 2-1 ad Atlanta la Repubblica Democratica del Congo. Domenica la squadra di Tuchel affronter\u00e0 il Messico allo stadio Azteca. &#8216;Leopardi&#8217; avanti a sorpresa al 7&#8242;\u00a0con Cipenga, che batte Pickford.\u00a0Wan-Bissaka salva tutto, palo di Wissa.\u00a0Applausi per Mpasi, che ferma tre volte Bellingham. La ribalta uno strepitoso Kane, che pareggia al 75&#8242; e completa la rimonta con un gran destro<\/p>\n<p><a href=\"https:\/\/sport.sky.it\/calcio\/mondiali\/partite\/2026\/sedicesimi\/inghilterra-congo\/risultato-gol\" title=\"Mondiali, Inghilterra agli ottavi: Kane ribalta la Repubblica Democratica del Congo\" class=\"lvbg-post-link\" data-intcmp=\"skysport_liveblog_liveblog-preview_null\" data-analytics-element=\"liveblog-preview\" rel=\"nofollow noopener\" target=\"_blank\"><img alt=\"Mondiali, Inghilterra agli ottavi: Kane ribalta la Repubblica Democratica del Congo\" style=\"opacity:0;transition:opacity 0.3s\" class=\"lvbg-post-link__image\"\/>Mondiali, Inghilterra agli ottavi: Kane ribalta la Repubblica Democratica del CongoVai al contenuto <\/a><\/p>\n<p>20:55<\/p>\n<p>La formazione del Senegal in grafica<img decoding=\"async\" src=\"https:\/\/www.europesays.com\/it\/wp-content\/uploads\/2026\/07\/senegal_formazione_belgio.jpg\" alt=\"Senegal\" loading=\"lazy\"\/><\/p>\n<p>20:55<\/p>\n<p>Senegal, le scelte di formazione<\/p>\n<p>Anche Thiaw cambia qualcosa e schiera <strong>Sarr <\/strong>al centro dell&#8217;attacco con ai lati <strong>Man\u00e9 <\/strong>e <strong>Ndiaye <\/strong>che gioca al posto di <strong>Jackson<\/strong>. <strong>Diarra <\/strong>sulla linea dei centrocampisti con <strong>Pape Gueye<\/strong> e Idrissa <strong>Gueye<\/strong>. In difesa dal 1&#8242; <strong>Ciss<\/strong><\/p>\n<p>20:53<\/p>\n<p>La formazione del Belgio in grafica<img decoding=\"async\" src=\"https:\/\/www.europesays.com\/it\/wp-content\/uploads\/2026\/07\/belgio_formazione_senegal.jpg\" alt=\"Belgio\" loading=\"lazy\"\/><\/p>\n<p>20:53<\/p>\n<p>Belgio, le scelte di formazione<\/p>\n<p>Garcia con <strong>De Ketelaere<\/strong> al centro dell&#8217;attacco. Alle sue spalle giocano <strong>Trossard<\/strong>, <strong>De Bruyne<\/strong> e <strong>Doku<\/strong>. A centrocampo c&#8217;\u00e8 <strong>Vanaken <\/strong>e non <strong>Onana<\/strong>. In difesa a destra spazio a <strong>Castagne<\/strong><\/p>\n<p>20:40<\/p>\n<p>Le formazioni ufficiali<\/p>\n<p><strong>BELGIO (4-2-3-1):<\/strong> Courtois; Castagne, Mechele, Theate, De Cuyper; Tielemans, Vanaken; Trossard, De Bruyne, Doku; De Ketelaere. Ct Garcia<\/p>\n<p><strong>SENEGAL (4-3-3): D<\/strong>iaw; Diatta, Ciss, Niakhat\u00e9, Jakobs; Diarra, Idrissa Gueye, Pape Gueye; Ndiaye, Sarr, Man\u00e9. Ct. Thiaw<\/p>\n<p>20:30<\/p>\n<p>Statistiche e curiosit\u00e0<\/p>\n<p>Questo sar\u00e0 il primo match in assoluto tra <strong>Belgio e Senegal<\/strong><\/p>\n<p>20:30<\/p>\n<p>Belgio ko in una sola delle sei gare disputate contro nazionali africane<\/p>\n<p>Il <strong>Belgio <\/strong>ha perso solo una delle sei partite contro nazionali africane ai Mondiali (3 vittorie, 2 pareggi), ovvero il 2-0 contro il Marocco nella fase a gironi del 2022. Nessuno dei sei precedenti incontri si \u00e8 svolto nella fase a eliminazione diretta.<\/p>\n<p>20:29<\/p>\n<p>Senegal sempre ko nelle ultime 4 gare ai Mondiali contro europee<\/p>\n<p>Il <strong>Senegal <\/strong>ha perso tutte le ultime quattro partite ai Mondiali contro nazionali europee, disputate nelle ultime due edizioni (contro Olanda e Inghilterra nel 2022, contro Francia e Norvegia nel 2026). In precedenza, aveva subito solo una sconfitta nelle prime cinque sfide contro formazioni europee nel torneo (3 vittorie, 1 pareggio).<\/p>\n<p>20:29<\/p>\n<p>Senegal a caccia della seconda vittoria nella fase a eliminazione diretta<\/p>\n<p>Il <strong>Senegal <\/strong>cercher\u00e0 la sua seconda vittoria nella fase a eliminazione diretta dei Mondiali. Dopo aver sconfitto la Svezia negli ottavi di finale del 2002 (2-1), ha perso le due partite successive senza segnare: 0-1 contro la Turchia nel 2002 (quarti di finale) e 0-3 contro l&#8217;Inghilterra nel 2022 (ottavi di finale).<\/p>\n<p>20:28<\/p>\n<p>Belgio, prima nel girone senza vincere nessuna delle prime due gare<\/p>\n<p>Il <strong>Belgio <\/strong>\u00e8 la prima nazionale a chiudere al primo posto il proprio girone ai Mondiali senza vincere nessuna delle prime due partite dai tempi degli Stati Uniti nel 2010, e la prima europea dall&#8217;Inghilterra nel 1990. Il 5-1 contro la Nuova Zelanda nell&#8217;ultima giornata \u00e8 stata la vittoria pi\u00f9 larga di sempre per il Belgio ai Mondiali, segnando pi\u00f9 gol in quella partita (5) che nelle precedenti sette gare sommate nella Coppa del Mondo (4).<\/p>\n<p>20:28<\/p>\n<p>Senegal, in tre gare 14 gol tra fatti e subiti<\/p>\n<p>Le tre partite del <strong>Senegal <\/strong>ai Mondiali 2026 hanno visto un totale di 14 gol (8 fatti e 6 subiti); solo le gare della Norvegia (15) ne hanno registrati di pi\u00f9 nella fase a gironi<\/p>\n<p>20:28<\/p>\n<p>Sarr ha preso parte a quattro reti in questo Mondiale<\/p>\n<p>Isma\u00efla <strong>Sarr <\/strong>ha preso parte a quattro reti ai Mondiali 2026 (3 gol e 1 assist), nessun giocatore del Senegal ha mai fatto meglio in una singola edizione del torneo (4 anche per Henri Camara nel 2002).<\/p>\n<p>20:27<\/p>\n<p>Il record di Romelu Lukaku<\/p>\n<p>Con sei reti e otto partecipazioni al gol (6 gol+2 assist), Romelu <strong>Lukaku <\/strong>detiene il record sia di marcature (nella storia) e di partecipazioni al gol (dal 1966) per un giocatore del Belgio ai Mondiali. Subentrato dalla panchina, ha segnato e fornito un assist contro la Nuova Zelanda nell&#8217;ultimo turno; potrebbe inoltre andare a segno in due partite consecutive ai Mondiali solo per la seconda volta, dopo esserci riuscito nel 2018 contro Panama e Tunisia.<\/p>\n<p>20:27<\/p>\n<p>I numeri sui passaggi di Idrissa Gueye<\/p>\n<p>Idrissa <strong>Gueye <\/strong>\u00e8 il giocatore del Senegal con pi\u00f9 line-breaking passes (39) nella fase a gironi di questo Mondiale. \u00c8 stato inoltre il calciatore con il maggior numero di line-breaking passes nel suo precedente torneo internazionale (tra tutte le nazionali), ovvero nella Coppa d&#8217;Africa 2025 (100)<\/p>\n<p>20:27<\/p>\n<p>Trossard, 13 occasioni create in questo Mondiale<\/p>\n<p>Leandro <strong>Trossard <\/strong>del Belgio ha creato 13 occasioni in questo Mondiale, record per un giocatore nella fase a gironi a partire dal 2014, quando Miralem Pjanic ne cre\u00f2 altrettante per la Bosnia-Erzegovina. Tutte le sue 13 occasioni sono arrivate su azione, il numero pi\u00f9 alto di occasioni create su azione da un giocatore in una singola fase a gironi dei Mondiali dai tempi di un altro belga: Enzo Scifo nel 1994 (15).<\/p>\n<p>      <script async src=\"https:\/\/platform.twitter.com\/widgets.js\" charset=\"utf-8\"><\/script><\/p>\n","protected":false},"excerpt":{"rendered":"Ci siamo quasi, tutto pronto per Belgio-Senegal, si gioca a Seattle&#8221;,&#8221;postId&#8221;:&#8221;f1245831-90ee-411c-b584-2bd87274c6d3&#8243;,&#8221;postLink&#8221;:{&#8220;title&#8221;:&#8221;&#8221;,&#8221;url&#8221;:&#8221;&#8221;,&#8221;imageSrc&#8221;:&#8221;&#8221;}},{&#8220;timestamp&#8221;:&#8221;2026-07-01T19:53:59.674Z&#8221;,&#8221;timestampUtcIt&#8221;:&#8221;2026-07-01T21:53:59+0200&#8243;,&#8221;altBackground&#8221;:false,&#8221;content&#8221;:&#8221; SQUADRE IN CAMPO E INNI NAZIONALI &#8220;,&#8221;postId&#8221;:&#8221;f49ea48f-f877-46a3-9dab-bc1747d32bc1&#8243;,&#8221;postLink&#8221;:{&#8220;title&#8221;:&#8221;&#8221;,&#8221;url&#8221;:&#8221;&#8221;,&#8221;imageSrc&#8221;:&#8221;&#8221;}},{&#8220;timestamp&#8221;:&#8221;2026-07-01T19:45:00.468Z&#8221;,&#8221;timestampUtcIt&#8221;:&#8221;2026-07-01T21:45:00+0200&#8243;,&#8221;altBackground&#8221;:false,&#8221;title&#8221;:&#8221;I&hellip;\n","protected":false},"author":3,"featured_media":565150,"comment_status":"","ping_status":"","sticky":false,"template":"","format":"standard","meta":{"footnotes":"","_share_on_mastodon":"0"},"categories":[1452],"tags":[291,721,1740,1537,90,89,4422,36860,1739,245,244],"class_list":["post-565149","post","type-post","status-publish","format-standard","has-post-thumbnail","category-calcio","tag-belgio","tag-calcio","tag-football","tag-it","tag-italia","tag-italy","tag-mondiali","tag-senegal","tag-soccer","tag-sport","tag-sports"],"share_on_mastodon":{"url":"https:\/\/pubeurope.com\/@it\/116846495417511018","error":""},"_links":{"self":[{"href":"https:\/\/www.europesays.com\/it\/wp-json\/wp\/v2\/posts\/565149","targetHints":{"allow":["GET"]}}],"collection":[{"href":"https:\/\/www.europesays.com\/it\/wp-json\/wp\/v2\/posts"}],"about":[{"href":"https:\/\/www.europesays.com\/it\/wp-json\/wp\/v2\/types\/post"}],"author":[{"embeddable":true,"href":"https:\/\/www.europesays.com\/it\/wp-json\/wp\/v2\/users\/3"}],"replies":[{"embeddable":true,"href":"https:\/\/www.europesays.com\/it\/wp-json\/wp\/v2\/comments?post=565149"}],"version-history":[{"count":0,"href":"https:\/\/www.europesays.com\/it\/wp-json\/wp\/v2\/posts\/565149\/revisions"}],"wp:featuredmedia":[{"embeddable":true,"href":"https:\/\/www.europesays.com\/it\/wp-json\/wp\/v2\/media\/565150"}],"wp:attachment":[{"href":"https:\/\/www.europesays.com\/it\/wp-json\/wp\/v2\/media?parent=565149"}],"wp:term":[{"taxonomy":"category","embeddable":true,"href":"https:\/\/www.europesays.com\/it\/wp-json\/wp\/v2\/categories?post=565149"},{"taxonomy":"post_tag","embeddable":true,"href":"https:\/\/www.europesays.com\/it\/wp-json\/wp\/v2\/tags?post=565149"}],"curies":[{"name":"wp","href":"https:\/\/api.w.org\/{rel}","templated":true}]}}