{"id":565231,"date":"2026-07-01T21:01:20","date_gmt":"2026-07-01T21:01:20","guid":{"rendered":"https:\/\/www.europesays.com\/it\/565231\/"},"modified":"2026-07-01T21:01:20","modified_gmt":"2026-07-01T21:01:20","slug":"di-gregorio-lagente-contro-la-juve-pretendiamo-rispetto","status":"publish","type":"post","link":"https:\/\/www.europesays.com\/it\/565231\/","title":{"rendered":"Di Gregorio, l&#8217;agente contro la Juve: &#8220;Pretendiamo rispetto&#8221;"},"content":{"rendered":"<p>                                Carlo Alberto Belloni va all&#8217;attacco del club bianconero: &#8220;Ha 3 anni di contratto, partir\u00e0 in ritiro e durante il mercato capiremo eventuali opportunit\u00e0. \u00c8 nella short list di diverse societ\u00e0 europee, non abbiamo fretta&#8221;<\/p>\n<p>            <a class=\"image is-50x50\" href=\"https:\/\/www.gazzetta.it\/redazione\/fabio-russo\/\" rel=\"nofollow noopener\" target=\"_blank\"><br \/>\n                <img decoding=\"async\" class=\"is-rounded\" src=\"https:\/\/www.europesays.com\/it\/wp-content\/uploads\/2025\/11\/fabio_russo_avatar.png\" alt=\"Fabio Russo\"\/><br \/>\n            <\/a><\/p>\n<p>Giornalista<\/p>\n<p>                    1 luglio &#8211; 21:54  &#8211; MILANO<\/p>\n<p class=\"paragraph\" spellcheck=\"true\">&#8220;Pretendiamo rispetto&#8221;. L&#8217;agente di Michele Di Gregorio, attraverso le storie Instagram della sua agenzia, si scaglia contro la Juventus per il trattamento riservato al suo assistito. Anche nell&#8217;ultima uscita pubblica, <a href=\"https:\/\/www.gazzetta.it\/Calcio\/Serie-A\/Juventus\/29-06-2026\/juventus-carnevali-su-kolo-muani-dibu-martinez-e-vlahovic.shtml?intcmp=hyperlink-articolo-gazit\" title=\"Carnevali e i piani Juve: \" obiettivi=\"\" kolo=\"\" muani=\"\" e=\"\" dibu=\"\" martinez=\"\" ecco=\"\" la=\"\" situazione.=\"\" su=\"\" vlahovic...=\"\" rel=\"nofollow noopener\" target=\"_blank\">l&#8217;ad Carnevali aveva &#8220;scaricato&#8221; il numero uno<\/a> titolare dei bianconeri nelle ultime due stagioni, specificando come &#8220;sia il portiere sia l\u2019attaccante sono le due pedine fondamentali&#8221;. La risposta, caustica, dell&#8217;entourage dell&#8217;ex Monza non si \u00e8 fatta attendere. &#8220;Venti giocatori nuovi in due stagioni, tre allenatori in due stagioni e tre dirigenze in due stagioni: questi sono i numeri che fanno la vera differenza &#8211; attacca Carlo Alberto Belloni dalla pagina della CA Sport Management -.  Di Gregorio chiude in classifica Sofascore quarto davanti a Milinkovic-Savic e Sommer, vincitore del campionato e secondo classificato&#8221;.<\/p>\n<p><a class=\"is-partner-link\" href=\"https:\/\/abbonamenti.gazzetta.it\/de-promo-mondiali\/?pwcmp=cta&amp;forceBrowser=true\" rel=\"nofollow noopener\" target=\"_blank\">Gazzetta Mondiale: ogni notte un\u2019edizione straordinaria esclusiva. Non perdertela, abbonati a 1\u20ac\/mese!<\/a><\/p>\n<p>    di gregorio, l&#8217;agente attacca la juve\u2014 \u00a0<\/p>\n<p class=\"paragraph is-inline\" spellcheck=\"true\">Poi, l&#8217;agente del portiere della Juve entra nel vivo del suo attacco al club. &#8220;La dirigenza francese spende 130 milioni per 3 attaccanti, impresentabili. Per coprire la spesa folle scarica il fallimento stagionale tutto sul portiere comprato dalla dirigenza precedente in persona del direttore sportivo Cristiano Giuntoli come miglior portiere della Serie A a 26 anni.  Goal subiti: Juventus 34 &#8211; Inter 35. Goal fatti: Juventus 61 &#8211; Inter 82. Le chiacchiere stanno a zero &#8211; prosegue -. Di Gregorio ha 3 anni di contratto con la Juventus, partir\u00e0 in ritiro e durante il mercato capiremo eventuali opportunit\u00e0.\u00a0\u00c8 nella short list di diversi club europei, non abbiamo fretta. Pretendiamo rispetto per chi ha sempre risposto presente anche quando sarebbe stato pi\u00f9 facile stare in panchina seduto a chiacchierare&#8230;&#8221;. La sensazione \u00e8 che la battaglia sia appena iniziata&#8230;<\/p>\n<p class=\"is-copyright\">\u00a9 RIPRODUZIONE RISERVATA<\/p>\n","protected":false},"excerpt":{"rendered":"Carlo Alberto Belloni va all&#8217;attacco del club bianconero: &#8220;Ha 3 anni di contratto, partir\u00e0 in ritiro e durante&hellip;\n","protected":false},"author":3,"featured_media":565232,"comment_status":"","ping_status":"","sticky":false,"template":"","format":"standard","meta":{"footnotes":"","_share_on_mastodon":"0"},"categories":[176],"tags":[7169,1493,311563,10083,3250,311564,765,169484,244219,311565,311566,311567,2387,141219,311568,554,56827,1537,90,89,565,558,2855,1270,245,244,17516],"class_list":["post-565231","post","type-post","status-publish","format-standard","has-post-thumbnail","category-sport","tag-agente","tag-alberto","tag-alberto-belloni","tag-attacca","tag-attaccanti","tag-attaccanti-impresentabili","tag-attacco","tag-attacco-club","tag-belloni","tag-capiremo","tag-capiremo-eventuali","tag-capiremo-eventuali-opportunita","tag-carlo","tag-carlo-alberto","tag-carlo-alberto-belloni","tag-club","tag-gregorio","tag-it","tag-italia","tag-italy","tag-juve","tag-juventus","tag-portiere","tag-rispetto","tag-sport","tag-sports","tag-stagioni"],"share_on_mastodon":{"url":"https:\/\/pubeurope.com\/@it\/116846742314951052","error":""},"_links":{"self":[{"href":"https:\/\/www.europesays.com\/it\/wp-json\/wp\/v2\/posts\/565231","targetHints":{"allow":["GET"]}}],"collection":[{"href":"https:\/\/www.europesays.com\/it\/wp-json\/wp\/v2\/posts"}],"about":[{"href":"https:\/\/www.europesays.com\/it\/wp-json\/wp\/v2\/types\/post"}],"author":[{"embeddable":true,"href":"https:\/\/www.europesays.com\/it\/wp-json\/wp\/v2\/users\/3"}],"replies":[{"embeddable":true,"href":"https:\/\/www.europesays.com\/it\/wp-json\/wp\/v2\/comments?post=565231"}],"version-history":[{"count":0,"href":"https:\/\/www.europesays.com\/it\/wp-json\/wp\/v2\/posts\/565231\/revisions"}],"wp:featuredmedia":[{"embeddable":true,"href":"https:\/\/www.europesays.com\/it\/wp-json\/wp\/v2\/media\/565232"}],"wp:attachment":[{"href":"https:\/\/www.europesays.com\/it\/wp-json\/wp\/v2\/media?parent=565231"}],"wp:term":[{"taxonomy":"category","embeddable":true,"href":"https:\/\/www.europesays.com\/it\/wp-json\/wp\/v2\/categories?post=565231"},{"taxonomy":"post_tag","embeddable":true,"href":"https:\/\/www.europesays.com\/it\/wp-json\/wp\/v2\/tags?post=565231"}],"curies":[{"name":"wp","href":"https:\/\/api.w.org\/{rel}","templated":true}]}}