{"id":565365,"date":"2026-07-01T23:39:22","date_gmt":"2026-07-01T23:39:22","guid":{"rendered":"https:\/\/www.europesays.com\/it\/565365\/"},"modified":"2026-07-01T23:39:22","modified_gmt":"2026-07-01T23:39:22","slug":"vento-fortissimo-e-pioggia-danni-a-cecina-raffiche-fino-a-110-km-h","status":"publish","type":"post","link":"https:\/\/www.europesays.com\/it\/565365\/","title":{"rendered":"Vento fortissimo e pioggia: danni a Cecina. \u201cRaffiche fino a 110 km\/h\u201d"},"content":{"rendered":"<p>Firenze, 1 luglio 2026 \u2013\u00a0Come anticipato dalle <a rel=\"follow nofollow noopener\" href=\"https:\/\/www.lanazione.it\/meteo\/allerta-gialla-toscana-qgc6li5n\" target=\"_blank\"><strong>previsioni<\/strong> <strong>meteo<\/strong><\/a>, una violenta quanto rapida <strong>ondata di maltempo <\/strong>si \u00e8 abbattuta tra la sera e la notte di oggi, mercoled\u00ec 1 luglio, sulla <strong>Toscana occidentale<\/strong>, costa livornese, in particolare <strong>Cecina<\/strong>.<\/p>\n<p>Una bufera lampo arrivata dal mare <\/p>\n<p>Il <strong>fronte temporalesco <\/strong>ha fatto il suo ingresso intorno alle 20:00, investendo inizialmente il litorale livornese per poi spingersi rapidamente verso l&#8217;interno della regione. Come fa sapere il Centro Meteo Toscana si \u00e8 trattato di un \u201c<strong>downburst <\/strong>generato dall\u2019ingresso del temporale\u201d.\u00a0<\/p>\n<p> <img alt=\"Pioggia e vento forte a Cecina (foto dal gruppo Facebook Meteo Gruppo)\" loading=\"lazy\" width=\"1436\" height=\"594\" decoding=\"async\" data-nimg=\"1\" style=\"color:transparent;max-width:100%;height:auto\"   src=\"https:\/\/www.europesays.com\/it\/wp-content\/uploads\/2026\/07\/pioggia-e-vento-forte-a-cecina-foto-dal-gruppo-facebook-meteo-gruppo.webp\"\/><\/p>\n<p>Pioggia e vento forte a Cecina (foto dal gruppo Facebook Meteo Gruppo)<\/p>\n<p>\u201cVento fino a 110 km\/h\u201d, le zone colpite <\/p>\n<p>Si \u00e8 trattato di una vera e propria &#8220;<strong>bufera lampo<\/strong>&#8220;: circa 10 minuti di piogge intense, fortissime raffiche di vento (<strong>fino a 110 km \/h<\/strong>, segnala ancora il Centro Meteo Toscana) e in alcune localit\u00e0 anche <strong>grandine<\/strong>.\u00a0Colpita in particolar modo <strong>Cecina <\/strong>e zone limitrofe, poi <strong>Volterra<\/strong>, <strong>Pomarance<\/strong>, fino alla provincia di Siena<strong>.<\/strong><\/p>\n<p>Approfondisci:<\/p>\n<p><a href=\"https:\/\/www.lanazione.it\/lucca\/cronaca\/donna-morta-apuane-a4a83ddb\" class=\"ArticleEmbed_article__embed__content__Jzqnz\" rel=\"nofollow noopener\" target=\"_blank\">Muore durante una escursione con gli amici, tragedia sul monte Pisanino<img alt=\"Muore durante una escursione con gli amici, tragedia sul monte Pisanino\" loading=\"lazy\" width=\"140\" height=\"78\" decoding=\"async\" data-nimg=\"1\" style=\"color:transparent\"  src=\"https:\/\/www.europesays.com\/it\/wp-content\/uploads\/2026\/07\/serena-bertoncini-51-anni-di-gallicano-e-precipitata-nel-vuoto-per-circa-100-metri-tragedia-sul-mont.webp\"\/><\/a> <\/p>\n<p>Disagi si sono registrati in particolar modo sulla costa.\u00a0A Cecina sono stati segnalati <strong>danni <\/strong>causati dalle forti raffiche id vento: dehors e giardini esterni messi a soqquadro, sedie e tavolini ribaltati, ombrelloni volati via e coperture danneggiate.\u00a0<\/p>\n<p>Il temporale non ha risparmiato poi l&#8217;entroterra occidentale, colpendo le zone di <strong>Volterra <\/strong>e <strong>Pomarance<\/strong>, per poi estendersi fino alla provincia di <strong>Siena<\/strong>.<\/p>\n<p> <img alt=\"I danni causati dalle forti raffiche di vento a Cecina (Foto da gruppo Facebook Meteo Gruppo)\" loading=\"lazy\" width=\"1600\" height=\"900\" decoding=\"async\" data-nimg=\"1\" style=\"color:transparent;max-width:100%;height:auto\"   src=\"https:\/\/www.europesays.com\/it\/wp-content\/uploads\/2026\/07\/i-danni-causati-dalle-forti-raffiche-di-vento-a-cecina-foto-da-gruppo-facebook-meteo-gruppo.webp\"\/><\/p>\n<p>I danni causati dalle forti raffiche di vento a Cecina (Foto da gruppo Facebook Meteo Gruppo)<\/p>\n<p>I due fronti temporaleschi, la situazione nel resto della Regione <\/p>\n<p>Secondo il bollettino delle 21:30 emesso dal Centro Meteo Toscana, la situazione \u00e8 in costante evoluzione. I meteorologi monitorano due fronti principali: il primo temporale, dopo aver colpito la costa da Livorno verso sud, si sta muovendo verso le colline metallifere. Un secondo nucleo temporalesco si \u00e8 formato sull&#8217;Arcipelago Toscano e sta attualmente interessando la costa grossetana.<\/p>\n<p>Il Centro Meteo Toscana segnala allerta per il <strong>Senese<\/strong>. Entrambi i fronti temporaleschi puntano in direzione del basso senese, inclusa <strong>la citt\u00e0 di Siena<\/strong>. Gli esperti invitano alla massima attenzione, poich\u00e9 i <strong>fenomeni<\/strong> in arrivo potrebbero risultare particolarmente <strong>violenti<\/strong>.<\/p>\n<p>Per quanto riguarda il resto della regione, la situazione appare pi\u00f9 tranquilla: nella notte saranno possibili solo <strong>isolati rovesci <\/strong>sulle zone interne (in particolare nel fiorentino e sull&#8217;Appennino).<\/p>\n<p>Approfondisci:<\/p>\n<p><a href=\"https:\/\/www.lanazione.it\/prato\/cronaca\/morto-aggressore-piazza-mercatale-bvnny5bs\" class=\"ArticleEmbed_article__embed__content__Jzqnz\" rel=\"nofollow noopener\" target=\"_blank\">Coltellate al cameriere, muore a 26 anni in carcere. Aveva detto: \u201cLe forze dell\u2019ordine mi hanno picchiato durante l\u2019arresto\u201d<img alt=\"Coltellate al cameriere, muore a 26 anni in carcere. Aveva detto: \u201cLe forze dell\u2019ordine mi hanno picchiato durante l\u2019arresto\u201d\" loading=\"lazy\" width=\"140\" height=\"78\" decoding=\"async\" data-nimg=\"1\" style=\"color:transparent\"  src=\"https:\/\/www.europesays.com\/it\/wp-content\/uploads\/2026\/07\/la-dogaia-senza-pace-tre-aggressioni-in-48-ore-colpito-anche-comandante.webp\"\/><\/a><br \/>\nTemperature in calo <\/p>\n<p>Nonostante i danni e la paura, la perturbazione porter\u00e0 con s\u00e9\u00a0<a rel=\"follow nofollow noopener\" href=\"https:\/\/www.lanazione.it\/cronaca\/meteo-caldo-estate-dxtu5b7o\" target=\"_blank\"><strong>l&#8217;atteso ricambio d&#8217;aria<\/strong><\/a>. \u00c8 gi\u00e0 in atto un imminente calo dell&#8217;umidit\u00e0 e delle temperature, che diventer\u00e0 ben pi\u00f9 sensibile a partire da domani mattina, gioved\u00ec 2 luglio.\u00a0\u00a0<\/p>\n<p>Allerta meteo\u00a0gialla <\/p>\n<p>Si ricorda che la sala operativa della Protezione civile regionale ha prorogato l\u2019allerta gialla per temporali forti fino alla mezzanotte di domani, gioved\u00ec 2 luglio. Previsti rovesci o temporali sparsi sulle zone interne nella note in trasferimento alla costa e zone centro-meridionali nel corso della giornata. Fenomeni localmente anche di forte intensit\u00e0.<\/p>\n","protected":false},"excerpt":{"rendered":"Firenze, 1 luglio 2026 \u2013\u00a0Come anticipato dalle previsioni meteo, una violenta quanto rapida ondata di maltempo si \u00e8&hellip;\n","protected":false},"author":3,"featured_media":565366,"comment_status":"","ping_status":"","sticky":false,"template":"","format":"standard","meta":{"footnotes":"","_share_on_mastodon":"0"},"categories":[6],"tags":[49695,14,420,123894,8,1537,90,89,229639,7,15,82,9,83,10,634,130014,13,11,80,84,12,81,85,443],"class_list":["post-565365","post","type-post","status-publish","format-standard","has-post-thumbnail","category-ultime-notizie","tag-cecina","tag-cronaca","tag-danni","tag-fortissimo","tag-headlines","tag-it","tag-italia","tag-italy","tag-kmh","tag-news","tag-notizie","tag-notizie-di-cronaca","tag-notizie-principali","tag-notiziedicronaca","tag-notizieprincipali","tag-pioggia","tag-raffiche","tag-titoli","tag-ultime-notizie","tag-ultime-notizie-di-cronaca","tag-ultime-notizie-e-news-di-oggi","tag-ultimenotizie","tag-ultimenotiziedicronaca","tag-ultimenotizieenewsdioggi","tag-vento"],"share_on_mastodon":{"url":"https:\/\/pubeurope.com\/@it\/116847363584011689","error":""},"_links":{"self":[{"href":"https:\/\/www.europesays.com\/it\/wp-json\/wp\/v2\/posts\/565365","targetHints":{"allow":["GET"]}}],"collection":[{"href":"https:\/\/www.europesays.com\/it\/wp-json\/wp\/v2\/posts"}],"about":[{"href":"https:\/\/www.europesays.com\/it\/wp-json\/wp\/v2\/types\/post"}],"author":[{"embeddable":true,"href":"https:\/\/www.europesays.com\/it\/wp-json\/wp\/v2\/users\/3"}],"replies":[{"embeddable":true,"href":"https:\/\/www.europesays.com\/it\/wp-json\/wp\/v2\/comments?post=565365"}],"version-history":[{"count":0,"href":"https:\/\/www.europesays.com\/it\/wp-json\/wp\/v2\/posts\/565365\/revisions"}],"wp:featuredmedia":[{"embeddable":true,"href":"https:\/\/www.europesays.com\/it\/wp-json\/wp\/v2\/media\/565366"}],"wp:attachment":[{"href":"https:\/\/www.europesays.com\/it\/wp-json\/wp\/v2\/media?parent=565365"}],"wp:term":[{"taxonomy":"category","embeddable":true,"href":"https:\/\/www.europesays.com\/it\/wp-json\/wp\/v2\/categories?post=565365"},{"taxonomy":"post_tag","embeddable":true,"href":"https:\/\/www.europesays.com\/it\/wp-json\/wp\/v2\/tags?post=565365"}],"curies":[{"name":"wp","href":"https:\/\/api.w.org\/{rel}","templated":true}]}}