{"id":565464,"date":"2026-07-02T02:00:57","date_gmt":"2026-07-02T02:00:57","guid":{"rendered":"https:\/\/www.europesays.com\/it\/565464\/"},"modified":"2026-07-02T02:00:57","modified_gmt":"2026-07-02T02:00:57","slug":"il-ritorno-di-giovanni-allevi-non-mi-interessa-il-successo-ma-celebrare-il-miracolo-della-vita-suonare-e-una-preghiera","status":"publish","type":"post","link":"https:\/\/www.europesays.com\/it\/565464\/","title":{"rendered":"Il ritorno di Giovanni Allevi: \u201cNon mi interessa il successo ma celebrare il miracolo della\u00a0vita. Suonare \u00e8 una preghiera\u201d"},"content":{"rendered":"<p>Ascoli, 1 luglio 2026 \u2014 Il ritorno di <strong>Giovanni Allevi<\/strong> non \u00e8 solo un annuncio di tour: <strong>\u00e8 una dichiarazione di vita<\/strong>. Il compositore marchigiano ha scelto parole misurate, quasi sussurrate, per raccontare <strong>la nuova partenza<\/strong>: &#8220;Riprendo timidamente <strong>il tour dei concerti all\u2019estero<\/strong> \u2014 ha detto nelle ultime ore \u2014 <strong>So gi\u00e0 che sar\u00e0 molto faticoso<\/strong> per via della condizione sofferente del mio corpo. Eppure sento di avvicinarmi al pianoforte con un sentimento completamente nuovo: <strong>amore allo stato puro<\/strong>. Non mi interessa il successo, n\u00e9 il riscontro esterno. Tutto ci\u00f2 che desidero \u00e8 celebrare la bellezza ed <strong>il miracolo della vita<\/strong>\u201d.<\/p>\n<p>Approfondisci:<\/p>\n<p><a href=\"https:\/\/www.ilrestodelcarlino.it\/rimini\/cultura\/raffaella-carra-bellaria-cugina-livia-olivi-hyz8wsul\" class=\"ArticleEmbed_article__embed__content__Jzqnz\" rel=\"nofollow noopener\" target=\"_blank\">Il ricordo inedito di Raffaella Carr\u00e0, parla la cugina Livia: \u201cAmava i bambini, port\u00f2 mio figlio in un immenso negozio di giocattoli. Gli disse: scegli quello che vuoi\u201d<img alt=\"Il ricordo inedito di Raffaella Carr\u00e0, parla la cugina Livia: \u201cAmava i bambini, port\u00f2 mio figlio in un immenso negozio di giocattoli. Gli disse: scegli quello che vuoi\u201d\" loading=\"lazy\" width=\"140\" height=\"78\" decoding=\"async\" data-nimg=\"1\" style=\"color:transparent\"  src=\"https:\/\/www.europesays.com\/it\/wp-content\/uploads\/2026\/07\/una-delle-ultime-apparizioni-di-raffaella-carra-a-bellaria-foto-angelini-a-destra-livia-olivi-nel-ne.webp\"\/><\/a> <\/p>\n<p><strong>La nuova esibizione al Festival di Villa Arconati<\/strong> <\/p>\n<p>Intanto per il 57enne compositore ascolano \u00e8 gi\u00e0 tempo del primo appuntamento: venerd\u00ec 3 luglio \u00e8 infatti atteso alla 38esima edizione del <strong>Festival di Villa Arconati<\/strong>, a Castellazzo di Bollate (Milano). Il 9 aprile scorso aveva festeggiato <a rel=\"follow nofollow noopener\" href=\"https:\/\/www.ilrestodelcarlino.it\/ascoli\/cultura\/giovanni-allevi-57-anni-fan-d6cfbdbe\" target=\"_blank\">l\u2019ultimo compleanno<\/a> cullato dalle dolci frasi delle sue fan: \u201cLa vita \u00e8 scandita dai compleanni, ma anche da momenti ordinari e straordinari. Ogni incontro con te \u00e8 stato per me un momento di gioia profonda e indimenticabile, come ogni ascolto della tua musica e delle tue parole. Ti auguro ancora tanti momenti da vivere in pienezza\u201d, gli aveva scritto Piera. \u201cTi giunga l\u2019augurio di poter vivere sempre un presente cos\u00ec vasto da contenere in s\u00e9 tutta la meraviglia e lo stupore del mondo, con la certezza che tutto il meglio sta gi\u00e0 accadendo\u201d, \u00e8 il messaggio di Lucia.<\/p>\n<p> <img alt=\"Giovanni Allevi, 57 anni, ritorner\u00e0 in tour dopo le cure\" loading=\"lazy\" width=\"1280\" height=\"760\" decoding=\"async\" data-nimg=\"1\" style=\"color:transparent;max-width:100%;height:auto\"   src=\"https:\/\/www.europesays.com\/it\/wp-content\/uploads\/2026\/07\/giovanni-allevi-57-anni-ritornera-in-tour-dopo-le-cure.webp\"\/><\/p>\n<p>Giovanni Allevi, 57 anni, ritorner\u00e0 in tour dopo le cure<\/p>\n<p><strong>Una storia personale segnata dalla malattia<\/strong> <\/p>\n<p>Il suo \u00e8 un rientro che non cancella la fatica, ma la attraversa. E che affonda le radici in una storia personale segnata dal <strong>mieloma multiplo<\/strong>, scoperto\u00a0a giugno 2022 e una forma rara di tumore che colpisce il midollo osseo: la \u201cfabbrica\u201d delle cellule del sangue. Una diagnosi che ha cambiato tutto: ritmi, abitudini, prospettiva. Il dolore osseo, la stanchezza profonda e le complicazioni legate alla malattia hanno imposto pause lunghe, cure continuative e un rapporto completamente nuovo con il tempo e con il corpo.<\/p>\n<p> <img alt=\"Giovanni Allevi torna ad affacciarsi ai tour esteri dopo la malattia (foto di repertorio)\" loading=\"lazy\" width=\"1600\" height=\"1066\" decoding=\"async\" data-nimg=\"1\" style=\"color:transparent;max-width:100%;height:auto\"   src=\"https:\/\/www.europesays.com\/it\/wp-content\/uploads\/2026\/07\/giovanni-allevi-torna-ad-affacciarsi-ai-tour-esteri-dopo-la-malattia-foto-di-repertorio.webp\"\/><\/p>\n<p>Giovanni Allevi torna ad affacciarsi ai tour esteri dopo la malattia (foto di repertorio)<\/p>\n<p>Allevi, negli ultimi anni, <strong>non ha mai nascosto la durezza del percorso<\/strong>. Ci sono stati ricoveri, terapie, giornate in cui anche solo pensare al pianoforte sembrava lontano. Eppure proprio in quel silenzio forzato <strong>la musica ha continuato a esistere<\/strong>. Non sul palco, ma nella scrittura. \u00c8 in quel periodo che prende forma il \u201cConcerto per violoncello e orchestra MM22\u201d, nato durante la degenza ospedaliera, in un contesto sospeso in cui la composizione diventa quasi un modo per restare agganciati alla vita.<\/p>\n<p> <img alt=\"Il ritorno di Giovanni Allevi: \u201cNon mi interessa il successo ma celebrare il miracolo della vita. Suonare \u00e8 una preghiera\u201d\" loading=\"lazy\" width=\"429\" height=\"762\" decoding=\"async\" data-nimg=\"1\" style=\"color:transparent\"  src=\"https:\/\/www.europesays.com\/it\/wp-content\/uploads\/2026\/07\/x9zq09m.jpeg\"\/><br \/>\n<strong>Le sue parole a Verissimo: \u201cLa speranza significa credere che comunque ci sar\u00e0 un lieto fine\u201d<\/strong> <\/p>\n<p>Il ritorno pubblico era gi\u00e0 iniziato in modo timido nel 2024, quando il pianista aveva riallacciato <strong>il filo con il pubblico<\/strong> attraverso alcune date del tour europeo. Un rientro graduale, costruito passo dopo passo, senza forzature. Nel gennaio di quell\u2019anno aveva raccontato il suo nuovo modo di vivere la musica con una frase diventata una sorta di manifesto personale: \u201cSuonare il pianoforte \u00e8 diventato per me una forma di preghiera. Attraverso la purezza del suo suono posso portare a termine la mia nuova missione: celebrare la gioia di vivere, dare dignit\u00e0 al dolore\u201d.<\/p>\n<p>Da allora il rapporto con il palco \u00e8 rimasto fatto <strong>di equilibri delicati<\/strong>, alternando momenti di attivit\u00e0 e pause necessarie. Poco prima del suo compleanno, a inizio aprile, aveva parlato di nuovo della malattia a <a rel=\"follow nofollow noopener\" href=\"https:\/\/www.ilrestodelcarlino.it\/ascoli\/cultura\/giovanni-allevi-commuove-a68427eb\" target=\"_blank\"><strong>Verissimo<\/strong><\/a>: \u201cLa speranza significa credere che comunque ci sar\u00e0 un lieto fine \u2014 aveva detto \u2014 So benissimo che quel mostro da un momento all&#8217;altro potrebbe svegliarsi e mangiarmi in un solo boccone. Ma finch\u00e9 dorme io vivo pericolosamente&#8221;.<\/p>\n<p>Il compositore continua intanto con le cure: &#8220;<strong>Devo continuare con le cure per tutta la vita<\/strong>, nella speranza che non si svegli di nuovo\u201d. Il nuovo tour europeo arriva come una prosecuzione naturale di questo cammino. Non un ritorno trionfale, ma una presenza diversa, pi\u00f9 essenziale. Un pianoforte, un artista e un corpo che continua a chiedere rispetto. E in mezzo, la musica come unico punto fermo. \u00a0<\/p>\n","protected":false},"excerpt":{"rendered":"Ascoli, 1 luglio 2026 \u2014 Il ritorno di Giovanni Allevi non \u00e8 solo un annuncio di tour: \u00e8&hellip;\n","protected":false},"author":3,"featured_media":565465,"comment_status":"","ping_status":"","sticky":false,"template":"","format":"standard","meta":{"footnotes":"","_share_on_mastodon":"0"},"categories":[1443],"tags":[87126,6746,203,2759,18240,204,1537,90,89,19769,1538,1539,1698,3675,1886],"class_list":["post-565464","post","type-post","status-publish","format-standard","has-post-thumbnail","category-musica","tag-allevi","tag-celebrare","tag-entertainment","tag-giovanni","tag-interessa","tag-intrattenimento","tag-it","tag-italia","tag-italy","tag-miracolo","tag-music","tag-musica","tag-preghiera","tag-ritorno","tag-successo"],"share_on_mastodon":{"url":"https:\/\/pubeurope.com\/@it\/116847921461906719","error":""},"_links":{"self":[{"href":"https:\/\/www.europesays.com\/it\/wp-json\/wp\/v2\/posts\/565464","targetHints":{"allow":["GET"]}}],"collection":[{"href":"https:\/\/www.europesays.com\/it\/wp-json\/wp\/v2\/posts"}],"about":[{"href":"https:\/\/www.europesays.com\/it\/wp-json\/wp\/v2\/types\/post"}],"author":[{"embeddable":true,"href":"https:\/\/www.europesays.com\/it\/wp-json\/wp\/v2\/users\/3"}],"replies":[{"embeddable":true,"href":"https:\/\/www.europesays.com\/it\/wp-json\/wp\/v2\/comments?post=565464"}],"version-history":[{"count":0,"href":"https:\/\/www.europesays.com\/it\/wp-json\/wp\/v2\/posts\/565464\/revisions"}],"wp:featuredmedia":[{"embeddable":true,"href":"https:\/\/www.europesays.com\/it\/wp-json\/wp\/v2\/media\/565465"}],"wp:attachment":[{"href":"https:\/\/www.europesays.com\/it\/wp-json\/wp\/v2\/media?parent=565464"}],"wp:term":[{"taxonomy":"category","embeddable":true,"href":"https:\/\/www.europesays.com\/it\/wp-json\/wp\/v2\/categories?post=565464"},{"taxonomy":"post_tag","embeddable":true,"href":"https:\/\/www.europesays.com\/it\/wp-json\/wp\/v2\/tags?post=565464"}],"curies":[{"name":"wp","href":"https:\/\/api.w.org\/{rel}","templated":true}]}}