{"id":565533,"date":"2026-07-02T04:12:20","date_gmt":"2026-07-02T04:12:20","guid":{"rendered":"https:\/\/www.europesays.com\/it\/565533\/"},"modified":"2026-07-02T04:12:20","modified_gmt":"2026-07-02T04:12:20","slug":"tinto-brass-prigioniero-in-casa-con-la-moglie-da-gennaio-il-regista-chiede-aiuto-a-mattarella-faccia-qualcosa","status":"publish","type":"post","link":"https:\/\/www.europesays.com\/it\/565533\/","title":{"rendered":"Tinto Brass \u00abprigioniero\u00bb in casa con la moglie da gennaio, il regista chiede aiuto a Mattarella: \u00abFaccia qualcosa\u00bb"},"content":{"rendered":"<p>Il regista <strong><a href=\"https:\/\/www.corriereadriatico.it\/t\/tinto-brass\" rel=\"nofollow noopener\" target=\"_blank\">Tinto Brass<\/a><\/strong> ha indirizzato una lettera al presidente della Repubblica <strong><a href=\"https:\/\/www.corriereadriatico.it\/t\/sergio-mattarella\" rel=\"nofollow noopener\" target=\"_blank\">Sergio Mattarella<\/a><\/strong> per richiamare il Comune di Roma a rimediare alla situazione del<strong> Borgo di Isola Farnese<\/strong>, dove vive assieme alla moglie, e che da gennaio \u00e8 sostanzialmente isolata per una serie di frane sul costone dove sorge l&#8217;omonimo castello. La missiva \u00e8 stata pubblicata in esclusiva dal Corriere del Veneto.<\/p>\n<p>\u00abQuesto borgo di Isola Farnese &#8211; scrive il regista veneziano 93enne &#8211; non \u00e8 per me semplice dimora, ma \u00e8 il luogo in cui ho amato, lavorato e dato forma alla mia opera, scrivendo e montando ogni mio film. Pur avendo conosciuto molti luoghi e molte stagioni, \u00e8 qui che ho scelto di radicarmi: e ne sento perci\u00f2 il destino indissolubilmente legato al mio\u00bb.<\/p>\n<p>Due frane cadute a gennaio hanno chiuso per quattro mesi ogni via di accesso, tranne una scalinata di 141 gradini che attraversa il castello. \u00abL&#8217;arteria principale, riaperta in via provvisoria &#8211; aggiunge Brass &#8211; viene nuovamente e sistematicamente chiusa in modo automatico a ogni allerta meteo di livello giallo o all&#8217;attivarsi dei sensori d&#8217;allarme: \u00e8 sufficiente un temporale di passaggio perch\u00e9 l&#8217;intero borgo ritorni cos\u00ec ad essere isolato\u00bb.<\/p>\n<p>Queste interruzioni, prosegue \u00absi sono tradotte in una catena ininterrotta di ostacoli al mio diritto alla salute, alle cure e terapie prescritte, e alla pi\u00f9 semplice e umana delle necessit\u00e0 di sentire accanto l&#8217;affetto dei miei cari nell&#8217;ora della fragilit\u00e0. <\/p>\n<p>Mia moglie Caterina, che mi \u00e8 stata accanto con dedizione incrollabile in questi momenti difficili, \u00e8 stata cos\u00ec costretta alla scelta umiliante di scavalcare le transenne, per raggiungermi in ospedale entro gli orari di visita e per poi rientrare a casa\u00bb.<\/p>\n<p>\u00abSe mi rivolgo a Lei, dunque &#8211; sottolinea Brass, rivolgendosi al Capo dello stato &#8211; non \u00e8 per la mia sorte, che accetto serenamente. Alla libert\u00e0 ho dedicato ogni mia opera e ogni mio giorno, e non saprei restarle fedele se tacessi ora, vedendola negata alla mia gente\u00bb.<\/p>\n<p>La vicenda \u00abtocca le fondamenta stesse del nostro vivere insieme: il diritto a curarsi, a muoversi liberamente, a non essere separati dai propri affetti, a coltivare il lavoro, lo studio e anche la fede religiosa. Sono i diritti che la Costituzione affida alla Repubblica perch\u00e9 li protegga&#8230; Mi rivolgo dunque alla Sua alta autorit\u00e0 morale e istituzionale, nella fiducia che Lei, dall&#8217;alto del Suo magistero, vorr\u00e0 richiamare le competenti autorit\u00e0 locali\u00bb, conclude.<\/p>\n","protected":false},"excerpt":{"rendered":"Il regista Tinto Brass ha indirizzato una lettera al presidente della Repubblica Sergio Mattarella per richiamare il Comune&hellip;\n","protected":false},"author":3,"featured_media":565534,"comment_status":"","ping_status":"","sticky":false,"template":"","format":"standard","meta":{"footnotes":"","_share_on_mastodon":"0"},"categories":[1451],"tags":[1621,1620,203,204,1537,90,89,22879],"class_list":["post-565533","post","type-post","status-publish","format-standard","has-post-thumbnail","category-celebrita","tag-celebrita","tag-celebrities","tag-entertainment","tag-intrattenimento","tag-it","tag-italia","tag-italy","tag-tinto-brass"],"share_on_mastodon":{"url":"https:\/\/pubeurope.com\/@it\/116848436571997249","error":""},"_links":{"self":[{"href":"https:\/\/www.europesays.com\/it\/wp-json\/wp\/v2\/posts\/565533","targetHints":{"allow":["GET"]}}],"collection":[{"href":"https:\/\/www.europesays.com\/it\/wp-json\/wp\/v2\/posts"}],"about":[{"href":"https:\/\/www.europesays.com\/it\/wp-json\/wp\/v2\/types\/post"}],"author":[{"embeddable":true,"href":"https:\/\/www.europesays.com\/it\/wp-json\/wp\/v2\/users\/3"}],"replies":[{"embeddable":true,"href":"https:\/\/www.europesays.com\/it\/wp-json\/wp\/v2\/comments?post=565533"}],"version-history":[{"count":0,"href":"https:\/\/www.europesays.com\/it\/wp-json\/wp\/v2\/posts\/565533\/revisions"}],"wp:featuredmedia":[{"embeddable":true,"href":"https:\/\/www.europesays.com\/it\/wp-json\/wp\/v2\/media\/565534"}],"wp:attachment":[{"href":"https:\/\/www.europesays.com\/it\/wp-json\/wp\/v2\/media?parent=565533"}],"wp:term":[{"taxonomy":"category","embeddable":true,"href":"https:\/\/www.europesays.com\/it\/wp-json\/wp\/v2\/categories?post=565533"},{"taxonomy":"post_tag","embeddable":true,"href":"https:\/\/www.europesays.com\/it\/wp-json\/wp\/v2\/tags?post=565533"}],"curies":[{"name":"wp","href":"https:\/\/api.w.org\/{rel}","templated":true}]}}