{"id":565577,"date":"2026-07-02T04:53:18","date_gmt":"2026-07-02T04:53:18","guid":{"rendered":"https:\/\/www.europesays.com\/it\/565577\/"},"modified":"2026-07-02T04:53:18","modified_gmt":"2026-07-02T04:53:18","slug":"saldi-estivi-si-parte-le-date-di-inizio-e-fine-in-veneto-friuli-e-trentino-alto-adige-il-calendario","status":"publish","type":"post","link":"https:\/\/www.europesays.com\/it\/565577\/","title":{"rendered":"Saldi estivi, si parte: le date di inizio e fine in Veneto, Friuli e Trentino Alto Adige. Il calendario"},"content":{"rendered":"<p><a href=\"https:\/\/www.ilgazzettino.it\/t\/nordest\" rel=\"nofollow noopener\" target=\"_blank\">NORDEST<\/a> &#8211; Tempo di <a href=\"https:\/\/www.ilgazzettino.it\/t\/saldi\" rel=\"nofollow noopener\" target=\"_blank\">saldi<\/a> estivi a Nordest. Con l&#8217;avvento di luglio e della parte centrale dell&#8217;estate tornano infatti le svendite nel mondo del commercio. La data di riferimento a livello nazionale \u00e8 sabato 4 luglio, ma vi sono variazioni in particolare per quanto riguarda Trentino e Alto Adige. Anche la data finale varia da regione a regione, con un tempo medio di 60 giorni che gli esercenti dedicheranno a offerte e ribassi.<\/p>\n<p>  I saldi <\/p>\n<p>Istat rispetto allo scorso trimestre segnala una ripresa del reddito disponibile (+1,6%) e dei consumi (+1,4%) ma per capire se ci\u00f2 si tradurr\u00e0 davvero in una maggiore spesa durante i saldi sar\u00e0 necessario attendere almeno la prima settimana e il primo bilancio parziale. Resta, specie in Pianura Padana, anche l&#8217;incognita meteo: gli anni scorsi il caldo intenso ha infatti scoraggiato lo shopping in alcuni periodi.<br \/>Un nodo \u00e8 anche quello della concorrenza sleale, poich\u00e9 a pi\u00f9 riprese le associazioni di categoria hanno segnalato la presenza di promozioni e scontistiche anticipate rispetto al periodo dei saldi: secondo un&#8217;indagine Ipsos per Fismo, la Federazione Italiana Settore Moda Confesercenti, pi\u00f9 di un terzo degli italiani, il 36%, ha acquistato a prezzo scontato prima dell&#8217;apertura ufficiale. Eterna croce del commercio al dettaglio resta poi l&#8217;online. Un situazione di difficolt\u00e0 che il settore ha pi\u00f9 volte portato a galla, cui si somma l&#8217;inflazione che sta duramente colpendo molte fasce della popolazione costrette a limitare le spese per i beni non di prima necessit\u00e0 e dal generale rincaro di materie prime e servizi dovuto alla drammatica situazione geopolitica mondiale.<\/p>\n<p>Di seguito le date di inizio e fine dei saldi estivi in <a href=\"https:\/\/www.ilgazzettino.it\/t\/veneto\" rel=\"nofollow noopener\" target=\"_blank\">Veneto<\/a>, <a href=\"https:\/\/www.ilgazzettino.it\/t\/friuli-venezia-giulia\" rel=\"nofollow noopener\" target=\"_blank\">Friuli Venezia Giulia<\/a> e <a href=\"https:\/\/www.ilgazzettino.it\/t\/trentino-alto-adige\" rel=\"nofollow noopener\" target=\"_blank\">Trentino Alto Adige<\/a>.<\/p>\n","protected":false},"excerpt":{"rendered":"NORDEST &#8211; Tempo di saldi estivi a Nordest. Con l&#8217;avvento di luglio e della parte centrale dell&#8217;estate tornano&hellip;\n","protected":false},"author":3,"featured_media":565578,"comment_status":"","ping_status":"","sticky":false,"template":"","format":"standard","meta":{"footnotes":"","_share_on_mastodon":"0"},"categories":[6],"tags":[14,4390,8,1537,90,89,7,168247,15,82,9,83,10,39213,13,29685,11,80,84,12,81,85,108],"class_list":["post-565577","post","type-post","status-publish","format-standard","has-post-thumbnail","category-ultime-notizie","tag-cronaca","tag-friuli-venezia-giulia","tag-headlines","tag-it","tag-italia","tag-italy","tag-news","tag-nordest","tag-notizie","tag-notizie-di-cronaca","tag-notizie-principali","tag-notiziedicronaca","tag-notizieprincipali","tag-saldi","tag-titoli","tag-trentino-alto-adige","tag-ultime-notizie","tag-ultime-notizie-di-cronaca","tag-ultime-notizie-e-news-di-oggi","tag-ultimenotizie","tag-ultimenotiziedicronaca","tag-ultimenotizieenewsdioggi","tag-veneto"],"share_on_mastodon":{"url":"https:\/\/pubeurope.com\/@it\/116848597547820491","error":""},"_links":{"self":[{"href":"https:\/\/www.europesays.com\/it\/wp-json\/wp\/v2\/posts\/565577","targetHints":{"allow":["GET"]}}],"collection":[{"href":"https:\/\/www.europesays.com\/it\/wp-json\/wp\/v2\/posts"}],"about":[{"href":"https:\/\/www.europesays.com\/it\/wp-json\/wp\/v2\/types\/post"}],"author":[{"embeddable":true,"href":"https:\/\/www.europesays.com\/it\/wp-json\/wp\/v2\/users\/3"}],"replies":[{"embeddable":true,"href":"https:\/\/www.europesays.com\/it\/wp-json\/wp\/v2\/comments?post=565577"}],"version-history":[{"count":0,"href":"https:\/\/www.europesays.com\/it\/wp-json\/wp\/v2\/posts\/565577\/revisions"}],"wp:featuredmedia":[{"embeddable":true,"href":"https:\/\/www.europesays.com\/it\/wp-json\/wp\/v2\/media\/565578"}],"wp:attachment":[{"href":"https:\/\/www.europesays.com\/it\/wp-json\/wp\/v2\/media?parent=565577"}],"wp:term":[{"taxonomy":"category","embeddable":true,"href":"https:\/\/www.europesays.com\/it\/wp-json\/wp\/v2\/categories?post=565577"},{"taxonomy":"post_tag","embeddable":true,"href":"https:\/\/www.europesays.com\/it\/wp-json\/wp\/v2\/tags?post=565577"}],"curies":[{"name":"wp","href":"https:\/\/api.w.org\/{rel}","templated":true}]}}