{"id":565666,"date":"2026-07-02T06:28:19","date_gmt":"2026-07-02T06:28:19","guid":{"rendered":"https:\/\/www.europesays.com\/it\/565666\/"},"modified":"2026-07-02T06:28:19","modified_gmt":"2026-07-02T06:28:19","slug":"orietta-berti-come-suocera-non-metto-mai-bocca-de-martino-ci-sa-fare-ma-a-sanremo-dico-no-il-gin-tonic-da-quando-lho-scoperto-non-bevo-piu-champagne-2","status":"publish","type":"post","link":"https:\/\/www.europesays.com\/it\/565666\/","title":{"rendered":"Orietta Berti: \u00abCome suocera non metto mai bocca. De Martino ci sa fare, ma a Sanremo dico no. Il gin tonic? Da quando l&#8217;ho scoperto non bevo pi\u00f9 champagne\u00bb"},"content":{"rendered":"<p>&#13;<br \/>\n                               &#13;<br \/>\n                                                &#13;<br \/>\n                &#13;<\/p>\n<p>Finch\u00e9 la barca del tormentone va, lasciala andare.<strong> <a href=\"https:\/\/www.leggo.it\/t\/orietta-berti\" rel=\"nofollow noopener\" target=\"_blank\">Orietta Berti<\/a><\/strong>, all\u2019anagrafe Orietta Galimberti, 83 anni e nessuna voglia di fare la pensionata della canzone, ha deciso di colonizzare il futuro a colpi di clic. In sessant&#8217;anni di carriera, l&#8217;instancabile ugola si Cavriago si \u00e8 trasformata in opinionista, conduttrice, chef da piccolo schermo, attrice, scrittrice, spaziando dai vecchi successi ai tormentoni estivi, da \u201cMille\u201d con <strong><a href=\"https:\/\/www.leggo.it\/t\/fedez\" rel=\"nofollow noopener\" target=\"_blank\">Fedez<\/a> <\/strong>e <strong><a href=\"https:\/\/www.leggo.it\/t\/achille-lauro\" rel=\"nofollow noopener\" target=\"_blank\">Achille Lauro<\/a><\/strong>, fino all&#8217;ultimo azzardo digitale di \u201cQCPF (Quadri Cuori Picche Fiori)\u201d con lo streamer <strong><a href=\"https:\/\/www.leggo.it\/t\/il-rosso\" rel=\"nofollow noopener\" target=\"_blank\">Il Rosso<\/a><\/strong> e l&#8217;AI. Segno che la carta d&#8217;identit\u00e0 \u00e8 solo un dettaglio burocratico, quando si ha ancora qualcosa da dire.<\/p>\n<p>&#13;<br \/>\n&#13;<\/p>\n<p><img decoding=\"async\" alt=\"\" src=\"https:\/\/www.europesays.com\/it\/wp-content\/uploads\/2026\/07\/progetto_senza_titolo_20260701_192034_0000_01192129.jpg\"\/><\/p>\n<p>&#13;<br \/>\n&#13;<\/p>\n<p><strong>Berti, ci ha preso gusto a dividere lo spartito con questi nipotini? Com\u2019\u00e8 nata \u201cQuadri Cuori Picche Fiori\u201d con Il Rosso?<\/strong><\/p>\n<p>&#13;<br \/>\n&#13;<\/p>\n<p>\u00abAltroch\u00e9 se ci ho preso gusto. Questo \u00e8 un pezzo divertente, che racconta l&#8217;amore usando i simboli delle carte. I quadri sono il sentimento platonico; i cuori la passione della giovent\u00f9; le picche l&#8217;inganno, il tradimento. E i fiori il romanticismo consapevole, tipico della terza et\u00e0. Che poi \u00e8 quello che sto vivendo anch&#8217;io. Matteo Baini, ovvero Il Rosso, l&#8217;ho incrociato l&#8217;anno scorso grazie a <strong><a href=\"https:\/\/www.leggo.it\/t\/fabio-rovazzi\" rel=\"nofollow noopener\" target=\"_blank\">Fabio Rovazzi<\/a><\/strong>, mentre presentavo \u201cCabaret\u201d sui suoi canali. Gli ho accennato che stavo registrando nuovi brani e lui mi ha spiazzata, chiedendomi un feat. All&#8217;inizio, a dire il vero, non era convinto del duetto con l&#8217;AI, cio\u00e8 IAEM, l\u2019avatar virtuale che canta con me, ma alla fine l&#8217;ho convinto\u00bb.<\/p>\n<p>&#13;<br \/>\n&#13;<\/p>\n<p><strong>Adesso ci sdogana pure l&#8217;Intelligenza Artificiale. Proprio lei, l&#8217;usignolo di Cavriago, scoperta da Giorgio Calabrese. Vuole fare da apripista cyberpunk ad <a href=\"https:\/\/www.leggo.it\/t\/al-bano\" rel=\"nofollow noopener\" target=\"_blank\">Al Bano<\/a> e <a href=\"https:\/\/www.leggo.it\/t\/iva-zanicchi\" rel=\"nofollow noopener\" target=\"_blank\">Iva Zanicchi<\/a>?<\/strong><\/p>\n<p>&#13;<br \/>\n&#13;<\/p>\n<p>\u00abProvo con l&#8217;AI gi\u00e0 da un bel pezzo. Ha un gran vantaggio: non stecca mai, non sbaglia la metrica. \u00c8 uno strumento di supporto che mi sento di consigliare a tutti. Per\u00f2 sfatiamo una falsa credenza: per fare un provino con l&#8217;intelligenza artificiale non basta schiacciare un bottone. Servono fiori di tecnici e musicisti. Dietro la macchina c&#8217;\u00e8 sempre, e per fortuna, la mente umana\u00bb.<\/p>\n<p>&#13;<br \/>\n&#13;<\/p>\n<p><strong>La vedremo anche sui palchi di <a href=\"https:\/\/www.leggo.it\/t\/battiti-live\" rel=\"nofollow noopener\" target=\"_blank\">Battiti Live<\/a> e del <a href=\"https:\/\/www.leggo.it\/t\/tim-summer-hits\" rel=\"nofollow noopener\" target=\"_blank\">Tim Summer Hits<\/a>, dividendo il backstage con Fedez e Achille Lauro. Dopo il successo di \u00abMille\u00bb, i rapporti come sono? Vi sentite ancora?<\/strong><\/p>\n<p>&#13;<br \/>\n&#13;<\/p>\n<p>\u00abCi sentiamo continuamente! Ogni volta che inizio un nuovo progetto o faccio qualcosa, mi mandano subito i cuoricini sul telefono. E io faccio lo stesso\u00bb.<\/p>\n<p>&#13;<br \/>\n&#13;<\/p>\n<p><strong>Di ugole, in sessant&#8217;anni di carriera, ne ha sentite a migliaia. Aveva gi\u00e0 intuito il potenziale da stadio di Achille Lauro?<\/strong><\/p>\n<p>&#13;<br \/>\n&#13;<\/p>\n<p>\u00abMa certo, era chiarissimo, fin dall&#8217;inizio. E poi l&#8217;amicizia gi\u00e0 c&#8217;era. Abbiamo lo stesso stylist, <strong><a href=\"https:\/\/www.leggo.it\/t\/nicolo-cerioni\" rel=\"nofollow noopener\" target=\"_blank\">Nicol\u00f2 Cerioni<\/a><\/strong>, e avevamo gi\u00e0 simpatizzato dietro le quinte di diverse trasmissioni. Quando Fedez mi ha fatto ascoltare il provino di \u201cMille\u201d, lui non era ancora nei piani. Poi, cambiando la tonalit\u00e0 di alcune strofe, abbiamo capito che sarebbe calzato a pennello e lo abbiamo coinvolto. \u00c8 la dimostrazione di come nascono le canzoni: sai come si parte, ma non puoi prevedere dove andrai a finire\u00bb.<\/p>\n<p>&#13;<br \/>\n&#13;<\/p>\n<p><strong>Stesso direttore creativo: non mi dir\u00e0, adesso, che vi scambiate i vestiti&#8230;<\/strong><\/p>\n<p>&#13;<br \/>\n&#13;<\/p>\n<p>\u00abGuardi, potrebbe non essere una battuta (ride ndr)! Quando ho curato i collegamenti dalla nave Costa Crociere con Rovazzi durante il <a href=\"https:\/\/www.leggo.it\/t\/sanremo\" rel=\"nofollow noopener\" target=\"_blank\">Sanremo<\/a> 2022, la domenica successiva, a \u201c<a href=\"https:\/\/www.leggo.it\/t\/domenica-in\" rel=\"nofollow noopener\" target=\"_blank\">Domenica In<\/a>\u201d, Lauro mi ha detto: \u201cOrietta, restituiscimi i vestiti!\u201d\u00bb.<\/p>\n<p>&#13;<br \/>\n&#13;<\/p>\n<p><strong>Gli ha saccheggiato il guardaroba?<\/strong><\/p>\n<p>&#13;<br \/>\n&#13;<\/p>\n<p>\u00abMa no! Cerioni li aveva disegnati appositamente per me, ma erano talmente eccentrici e particolari che sembravano usciti direttamente dal suo armadio\u00bb.<\/p>\n<p>&#13;<br \/>\n&#13;<\/p>\n<p><strong>Torniamo ai versi di \u00abQCPF\u00bb. A un certo punto canta: \u00abPi\u00f9 dimostri il tuo interesse pi\u00f9 non c&#8217;\u00e8\u00bb. Funziona cos\u00ec? In amore vince chi fugge?<\/strong><\/p>\n<p>&#13;<br \/>\n&#13;<\/p>\n<p>\u00ab\u00c8 la verit\u00e0: pi\u00f9 ti mostri presa e insisti, e meno l&#8217;altro ti calcola. Poi per\u00f2, care ragazze, arriva quello giusto, e tutti questi tatticismi non servono pi\u00f9\u00bb.<\/p>\n<p>&#13;<br \/>\n&#13;<\/p>\n<p><strong>Il suo Osvaldo l&#8217;ha conquistata cos\u00ec, facendosi desiderare?<\/strong><\/p>\n<p>&#13;<br \/>\n&#13;<\/p>\n<p>\u00abAh no, tutt&#8217;altro! Quando l&#8217;ho conosciuto mi \u00e8 piaciuto subito. Era un bel ragazzo, con gli occhi verdi, pi\u00f9 serioso rispetto agli altri. Se ne stava l\u00ec, in disparte, ed \u00e8 stata proprio questa sua particolarit\u00e0 a farmi scattare la curiosit\u00e0. Il prossimo 14 marzo festeggeremo 60 anni di matrimonio. Eppure mi sembra ieri, anche perch\u00e9 abbiamo vissuto 40 anni praticamente in simbiosi. Mio marito \u00e8 stato il mio manager, il mio assistente, il mio produttore. Poi ha dovuto lasciare per via della salute, dopo un&#8217;operazione agli occhi. A quel punto le redini le ha prese Otis, il mio figlio minore. Dopo quasi 15 anni anche lui ha fatto un passo indietro per fare il pap\u00e0 delle sue due bambine: oggi lui cura i miei canali social, mentre il primogenito Omar si \u00e8 dimesso dal suo vecchio impiego e ha preso il suo posto per seguirmi passo passo\u00bb.<\/p>\n<p>&#13;<br \/>\n&#13;<\/p>\n<p><strong>Insomma, viaggia a ritmi tali che non le stanno dietro nemmeno i figli. Nel frattempo il 13 giugno scorso ha vissuto una giornata indimenticabile: ha accompagnato Otis all&#8217;altare.<\/strong><\/p>\n<p>&#13;<br \/>\n&#13;<\/p>\n<p>\u00abFinalmente! Era il mio cruccio. Ne parlavo sempre con Don Guido, la mia guida spirituale, e gli dicevo: \u201cMa questi due ragazzi, quando si decidono a fare il grande passo? Hanno gi\u00e0 messo al mondo due bambine!\u201d. Alla fine si sono decisi. L&#8217;emozione \u00e8 stata fortissima, soprattutto quando le mie nipotine hanno fatto l&#8217;ingresso con le fedi nuziali. <\/p>\n<p>Sembravano due angioletti\u00bb.&#13;<br \/>\n&#13;<\/p>\n<p><strong>Nei matrimoni c&#8217;\u00e8 sempre l&#8217;imprevisto dietro l&#8217;angolo, come insegna un noto sketch di <a href=\"https:\/\/www.leggo.it\/t\/brignano\" rel=\"nofollow noopener\" target=\"_blank\">Brignano<\/a>. A voi com&#8217;\u00e8 andata?<\/strong><\/p>\n<p>&#13;<br \/>\n&#13;<\/p>\n<p>\u00abTutto liscio come l&#8217;olio. Le dir\u00f2: io me e mio marito siamo storicamente allergici ai matrimoni, li troviamo estenuanti, infatti la nostra idea iniziale era quella di svignarcela subito dopo le promesse in chiesa. E invece siamo rimasti volentieri: l&#8217;atmosfera era genuina, a Polesine Parmense, con questa chiesetta del Settecento affacciata sulle rive del Po, i prati verdi, e le mucche al pascolo. Praticamente la terra tanto amata da Giovannino Guareschi, il padre di \u201cDon Camillo e Peppone\u201d. Abbiamo salutato la compagnia solo dopo il taglio della torta, che ha preparato una mia amica. Pensi, il buffet dei dolci era infinito: c&#8217;era una quantit\u00e0 di pasticcini che non finiva pi\u00f9\u00bb.<\/p>\n<p>&#13;<br \/>\n&#13;<\/p>\n<p><strong>So che ci ha messo lo zampino anche lei.<\/strong><\/p>\n<p>&#13;<br \/>\n&#13;<\/p>\n<p>\u00abS\u00ec, ho preparato i biscotti, sono andati a ruba. Il segreto? Al posto del burro ci ho messo lo yogurt, per farli pi\u00f9 leggeri\u00bb.<\/p>\n<p>&#13;<br \/>\n&#13;<\/p>\n<p><strong>Sperimenta ancora le sue famose ricette afrodisiache? Gli uomini si prendono per la gola?<\/strong><\/p>\n<p>&#13;<br \/>\n&#13;<\/p>\n<p>\u00abQuelle ricette, quattro anni fa, le ho raccolte persino nel libro \u201cNella mia cucina. Le ricette di una vita\u201d. Sono antipastini veloci e gustosi che mi sento di consigliare. Pi\u00f9 che per prendere gli uomini per la gola, per\u00f2, servono a fare bella figura a tavola quando il tempo stringe e gli ospiti sono gi\u00e0 alla porta (ride ndr)\u00bb.<\/p>\n<p>&#13;<br \/>\n&#13;<\/p>\n<p><strong>Ma che suocera \u00e8 Orietta Berti? Di quelle vecchio stampo, invadenti?<\/strong><\/p>\n<p>&#13;<br \/>\n&#13;<\/p>\n<p>\u00abMa no! Sono sempre in giro per lavoro, non metto mai bocca nelle loro cose. Adesso i ragazzi sono partiti in crociera per la luna di miele. Gliel&#8217;avevo suggerita io, quando ancora non avevano figli, perch\u00e9 \u00e8 una vacanza bellissima. Certo, adesso con le bambine al seguito sar\u00e0 pi\u00f9 faticoso e dovranno stare con gli occhi aperti\u00bb.<\/p>\n<p>&#13;<br \/>\n&#13;<\/p>\n<p><strong>E nelle vesti di nonna di Olivia (classe 2019) e Ottavia (classe 2022)? Ascoltano le sue canzoni?<\/strong><\/p>\n<p>&#13;<br \/>\n&#13;<\/p>\n<p>\u00abCerto che le ascoltano. Anzi, quando devo memorizzare i testi, le faccio ascoltare prima a loro. Le racconto una cosa buffa: una compagna di scuola di Olivia, un giorno, ha detto a sua nonna: \u201cNonna, perch\u00e9 non canti come la nonna di Olivia? Cos\u00ec vai anche tu in televisione\u201d. Ci siamo fatti una risata pazzesca. I bambini sanno essere deliziosi\u00bb.<\/p>\n<p>&#13;<br \/>\n&#13;<\/p>\n<p><strong>Tv, canzoni, concerti, social: ha un&#8217;energia che fa invidia alle ventenni. Qual \u00e8 il segreto? Dobbiamo dare la colpa al gin tonic?<\/strong><\/p>\n<p>&#13;<br \/>\n&#13;<\/p>\n<p>\u00abMa se lo bevo appena da tre anni (ride ndr)! All&#8217; inaugurazione della pizzeria di Briatore a Milano me lo ha fatto assaggiare per la prima volta <a href=\"https:\/\/www.leggo.it\/t\/fabio-rovazzi\" rel=\"nofollow noopener\" target=\"_blank\">Fabio Rovazzi<\/a> e ho scoperto che era davvero squisito. Da allora \u00e8 diventata la mia bevanda preferita. Non bevo pi\u00f9 vino, n\u00e9 champagne, n\u00e9 altri alcolici. Nelle occasioni speciali mi concedo solo il mio gin tonic\u00bb.<\/p>\n<p>&#13;<br \/>\n&#13;<\/p>\n<p><strong>Si \u00e8 inventata persino il Tabar Karaoke Tour: di che si tratta?<\/strong><\/p>\n<p>&#13;<br \/>\n&#13;<\/p>\n<p>\u00ab\u00c8 un tour che toccher\u00e0 diverse citt\u00e0, da Milano a Napoli, passando per Roma, Rimini, la Versilia e cos\u00ec via. Ci si iscrive alla serata, si sale sul palco e si canta un pezzo. Chi vince la finalissima si porta a casa un premio: un duetto nel mio prossimo album\u00bb.<\/p>\n<p>&#13;<br \/>\n&#13;<\/p>\n<p><strong>Insomma, continua a fare la talent scout.<\/strong><\/p>\n<p>&#13;<br \/>\n&#13;<\/p>\n<p>\u00abBisogna dare una mano ai giovani, dare loro il modo e lo spazio di farsi notare\u00bb.<\/p>\n<p>&#13;<br \/>\n&#13;<\/p>\n<p><strong>Questa estate fittissima conferma che non conosce la parola ferie. Ma il tempo che passa le fa paura?<\/strong><\/p>\n<p>&#13;<br \/>\n&#13;<\/p>\n<p>\u00abB\u00e8 s\u00ec, inutile negarlo. Il tempo scorre, anzi vola proprio. Me ne accorgo guardando le mie nipotine. Per fortuna oggi ci sono i cellulari, e posso vederle crescere giorno dopo giorno, anche da lontano. A volte mi siedo con Olivia, scorriamo la gallery, e le mostro com&#8217;era appena nata\u00bb.<\/p>\n<p>&#13;<br \/>\n&#13;<\/p>\n<p><strong>Ha ancora un sogno nel cassetto? Magari un ritorno a Sanremo per la tredicesima volta? Ha gi\u00e0 mandato un pezzo a <a href=\"https:\/\/www.leggo.it\/t\/stefano-de-martino\" rel=\"nofollow noopener\" target=\"_blank\">Stefano De Martino<\/a>?<\/strong><\/p>\n<p>&#13;<br \/>\n&#13;<\/p>\n<p>\u00abNo, non ho nessuna intenzione di rimettermi in gara. In passato, a essere onesti, mi hanno quasi \u201cobbligato\u201d (ride ndr). Per i primi Festival (\u201cIo ti dar\u00f2 di pi\u00f9\u201d\/\u201cIo, tu e le rose\u201d ndr) mi voleva a tutti i costi Gianni Ravera, a cui sar\u00f2 sempre riconoscente. Sono tornata l&#8217;ultima volta nel 2021, con \u201cQuando ti sei innamorato\u201d, per lo stesso identico motivo: <a href=\"https:\/\/www.leggo.it\/t\/amadeus\" rel=\"nofollow noopener\" target=\"_blank\">Amadeus<\/a> si era innamorato della canzone\u00bb.<\/p>\n<p>&#13;<br \/>\n&#13;<\/p>\n<p><strong>Ma De Martino le piace?<\/strong><\/p>\n<p>&#13;<br \/>\n&#13;<\/p>\n<p>\u00abMolto, \u00e8 un gran bel ragazzo, ci sa fare. Non lo conosco personalmente, ma so che ha un supporto di primissimo ordine per le scelte musicali, esattamente come i suoi predecessori\u00bb.<\/p>\n<p>&#13;<br \/>\n&#13;<\/p>\n<p><strong>Il suo direttore musicale \u00e8 <a href=\"https:\/\/www.leggo.it\/t\/fabrizio-ferraguzzo\" rel=\"nofollow noopener\" target=\"_blank\">Fabrizio Ferraguzzo<\/a>, manager dei <a href=\"https:\/\/www.leggo.it\/t\/maneskin\" rel=\"nofollow noopener\" target=\"_blank\">M\u00e5neskin<\/a>. Si sussurra di una loro reunion proprio all&#8217;Ariston: lei \u00e8 ancora una loro fan?<\/strong><\/p>\n<p>&#13;<br \/>\n&#13;<\/p>\n<p>\u00abSempre. Aspetto questa reunion. Intendiamoci, Damiano \u00e8 bravissimo anche da solo, ma i M\u00e5neskin insieme sono tutta un&#8217;altra musica\u00bb.<\/p>\n<p>&#13;<br \/>\n&#13;<\/p>\n<p><strong>Dopo sessant&#8217;anni di carriera, c&#8217;\u00e8 qualche \u201cno\u201d di cui si pente? Cederebbe, per esempio, alla \u201c<a href=\"https:\/\/www.leggo.it\/t\/canzonissima\" rel=\"nofollow noopener\" target=\"_blank\">Canzonissima<\/a>\u201d di <a href=\"https:\/\/www.leggo.it\/t\/milly-carlucci\" rel=\"nofollow noopener\" target=\"_blank\">Milly Carlucci<\/a>?<\/strong><\/p>\n<p>&#13;<br \/>\n&#13;<\/p>\n<p>\u00abHo collezionato molti pi\u00f9 no che s\u00ec, ma non ho rimpianti. \u201cCanzonissima\u201d? Non fa per me quella formula. Preferisco cantare le mie canzoni, possibilmente inedite\u00bb.<\/p>\n<p>&#13;<br \/>\n&#13;<\/p>\n<p><strong>Guardando alla sua musica, e a questo amore trasversale che riesce a unire le generazioni, si sente una donna fortunata?<\/strong><\/p>\n<p>&#13;<br \/>\n&#13;<\/p>\n<p>\u00abSono una donna fortunata, e il merito \u00e8 del mio pubblico. \u00c8 proprio per loro che ho messo in cantiere un nuovo album in uscita a Natale. Sar\u00e0 il primo capitolo di un progetto che diventer\u00e0 doppio. E, sempre sotto Natale, uscir\u00e0 un libro edito da Mondadori, dedicato alle tradizioni scomparse. \u00c8 il mio regalo per tutta la gente che continua a volermi bene\u00bb.<\/p>\n<p>                                &#13;<br \/>\n                &#13;<br \/>\n&#13;<br \/>\n                Ultimo aggiornamento: gioved\u00ec 2 luglio 2026, 07:49&#13;<br \/>\n                <br \/>&#13;<br \/>\n                &#13;<br \/>\n                  &#13;<br \/>\n                    &#13;<br \/>\n                        \u00a9 RIPRODUZIONE RISERVATA&#13;<\/p>\n<p>&#13;<\/p>\n<p>                    &#13;<\/p>\n","protected":false},"excerpt":{"rendered":"&#13; &#13; &#13; &#13; Finch\u00e9 la barca del tormentone va, lasciala andare. Orietta Berti, all\u2019anagrafe Orietta Galimberti, 83&hellip;\n","protected":false},"author":3,"featured_media":565611,"comment_status":"","ping_status":"","sticky":false,"template":"","format":"standard","meta":{"footnotes":"","_share_on_mastodon":"0"},"categories":[1451],"tags":[1621,1620,203,204,1537,90,89,41581],"class_list":["post-565666","post","type-post","status-publish","format-standard","has-post-thumbnail","category-celebrita","tag-celebrita","tag-celebrities","tag-entertainment","tag-intrattenimento","tag-it","tag-italia","tag-italy","tag-orietta-berti"],"share_on_mastodon":{"url":"https:\/\/pubeurope.com\/@it\/116848972305089855","error":""},"_links":{"self":[{"href":"https:\/\/www.europesays.com\/it\/wp-json\/wp\/v2\/posts\/565666","targetHints":{"allow":["GET"]}}],"collection":[{"href":"https:\/\/www.europesays.com\/it\/wp-json\/wp\/v2\/posts"}],"about":[{"href":"https:\/\/www.europesays.com\/it\/wp-json\/wp\/v2\/types\/post"}],"author":[{"embeddable":true,"href":"https:\/\/www.europesays.com\/it\/wp-json\/wp\/v2\/users\/3"}],"replies":[{"embeddable":true,"href":"https:\/\/www.europesays.com\/it\/wp-json\/wp\/v2\/comments?post=565666"}],"version-history":[{"count":0,"href":"https:\/\/www.europesays.com\/it\/wp-json\/wp\/v2\/posts\/565666\/revisions"}],"wp:featuredmedia":[{"embeddable":true,"href":"https:\/\/www.europesays.com\/it\/wp-json\/wp\/v2\/media\/565611"}],"wp:attachment":[{"href":"https:\/\/www.europesays.com\/it\/wp-json\/wp\/v2\/media?parent=565666"}],"wp:term":[{"taxonomy":"category","embeddable":true,"href":"https:\/\/www.europesays.com\/it\/wp-json\/wp\/v2\/categories?post=565666"},{"taxonomy":"post_tag","embeddable":true,"href":"https:\/\/www.europesays.com\/it\/wp-json\/wp\/v2\/tags?post=565666"}],"curies":[{"name":"wp","href":"https:\/\/api.w.org\/{rel}","templated":true}]}}