{"id":56567,"date":"2025-08-19T16:25:18","date_gmt":"2025-08-19T16:25:18","guid":{"rendered":"https:\/\/www.europesays.com\/it\/56567\/"},"modified":"2025-08-19T16:25:18","modified_gmt":"2025-08-19T16:25:18","slug":"dalligna-nessun-dubbio-su-bagnaia-e-la-moto-ripartiamo-dalle-cose-positive","status":"publish","type":"post","link":"https:\/\/www.europesays.com\/it\/56567\/","title":{"rendered":"Dall&#8217;Igna: &#8220;Nessun dubbio su Bagnaia e la moto, ripartiamo dalle cose positive&#8221;"},"content":{"rendered":"<p>Il Gran Premio d&#8217;Austria \u00e8 stato segnato dall&#8217;ormai consueto weekend a due facce per la Ducati. Quella sorridente \u00e8 ancora una volta quella di Marc Marquez, che con la sesta doppietta concecutiva ha messo una serissima ipoteca sulla conquista del suo nono titolo iridato, il primo in Rosso. Quella delusa invece \u00e8 quella di un Pecco Bagnaia che sembra essere finito in una spirale negativa senza uscita, senza riuscire a raccogliere praticamente niente anche un in fine settimana iniziato bene e con un feeling positivo.<\/p>\n<p>In attesa di volgere lo sguardo all&#8217;Ungheria, dove si correr\u00e0 questo fine settimana, non poteva mancare la consueta analisi del direttore generale di Ducati Corse, Gigi Dall&#8217;Igna, che \u00e8 partita proprio dall&#8217;ennesimo bottino pieno del #93, questa volta costruito con grande intelligenza nella gestione della lotta con l&#8217;Aprilia di Marco Bezzecchi.<\/p>\n<p>&#8220;Un Marc inarrestabile vince in Austria per la prima volta nella sua carriera, aggiungendo la sesta doppietta consecutiva al suo palmares, portando a 10 le vittorie della Ducati su questo circuito e rendendo il Red Bull Ring il circuito pi\u00f9 vincente per noi&#8221;, ha scritto Dall&#8217;Igna sul suo profilo LinkedIn.<\/p>\n<p>&#8220;Una gara costruita su una strategia mirata e gestita con grande sagacia dopo lo sfortunato incidente nelle qualifiche che lo ha costretto al quarto posto in griglia. Un Gran Premio emozionante, spettacolare e sicuramente impegnativo. Marc \u00e8 stato in grado di aspettare il momento giusto, gestire al meglio le gomme e sferrare l&#8217;attacco decisivo nella seconda met\u00e0 della gara&#8221;.<\/p>\n<p>L&#8217;ingegnere veneto ha regalato una carezza anche a Fermin Aldeguer, rookie del Gresini Racing che con il secondo posto si \u00e8 portato a casa il suo miglior risultato nella classe regina, risultando addirittura il pi\u00f9 veloce in pista nella seconda parte di gara. Un&#8217;altra bella investitura, dopo che Gigi lo aveva definito &#8220;il futuro della Ducati&#8221; a caldo, subito dopo la corsa.<\/p>\n<p>&#8220;Dopo il terzo posto a Le Mans, Aldeguer \u00e8 stato protagonista di una prova favolosa su una pista che, a suo dire, non gli piace nemmeno! Una prestazione meravigliosa, una rimonta emozionante ed un ritmo di gara impressionante fino al traguardo, quello di un vero campione. Insomma, una prestazione che segna il suo destino: il coraggio ed il talento di un esordiente con la qualit\u00e0 e l&#8217;astuzia di chi sa pi\u00f9 di quanto i suoi vent&#8217;anni possano far supporre. Congratulazioni a lui e al Team Gresini, sempre tra i protagonisti&#8221;.<\/p>\n<p>   <img decoding=\"async\" draggable=\"false\" src=\"https:\/\/www.europesays.com\/it\/wp-content\/uploads\/2025\/08\/1755620718_540_brad-binder-red-bull-ktm-facto.jpg\" alt=\"Brad Binder, Red Bull KTM Factory Racing, Fabio Di Giannantonio, VR46 Racing Team, Francesco Bagnaia, Ducati Team\" width=\"1200\" height=\"800\" loading=\"lazy\"\/> <\/p>\n<p class=\"title\">Brad Binder, Red Bull KTM Factory Racing, Fabio Di Giannantonio, VR46 Racing Team, Francesco Bagnaia, Ducati Team<\/p>\n<p class=\"photographer\">Foto di: Guenther Iby \/ SEPA.Media via Getty Images<\/p>\n<p>Il nodo pi\u00f9 complicato da sciogliere \u00e8 sempre quello legato a Bagnaia. Dopo 13 gare, gli uomini in Rosso non hanno ancora trovato una chiave per assecondare le richieste di Pecco, che continua a faticare in sella alla GP25. Nonostante qualche esternazione piccata del piemontese, Dall&#8217;Igna continua a confidare sia in lui che nel prototipo nato alle porte di Bologna, quindi l&#8217;unica cosa da fare in questo momento e non perdere la calma e continuare a remare tutti nella stessa direzione.<\/p>\n<p>&#8220;Pecco ha lottato duramente per conquistare un podio che sembrava alla sua portata. \u00c8 stato un weekend iniziato in modo molto incoraggiante, ma poi le cose hanno preso una piega diversa, anche a causa di alcuni sfortunati incidenti sia nella Sprint che nella gara lunga. A dimostrazione che la parola chiave rimane sempre la stessa: positivit\u00e0&#8221;.<\/p>\n<p>&#8220;Non abbiamo alcun dubbio sul potenziale del Campione e della moto.\u00a0Insieme, dobbiamo mettere il massimo impegno, come sempre. Dobbiamo capire e accettare la delusione, affrontarla continuamente senza mai mollare e insistere fino alla fine. L&#8217;esperienza ci insegna che quando le cose vanno male c&#8217;\u00e8 sempre qualcosa che si aggiunge alla frustrazione ed ostacola il percorso: bisogna mantenere la lucidit\u00e0, considerare le cose positive che sono state fatte e ripartire da queste, come nelle prove libere all&#8217;inizio del weekend&#8221;.<\/p>\n<p>Infine, ha chiesto alle &#8220;truppe&#8221; di tenere alta la guardia, perch\u00e9 gli avversari sembrano essersi effettivamente avvicinati nelle ultime gare: &#8220;Pi\u00f9 in generale, sono soddisfatto di quello che stiamo facendo, ringrazio tutti i ragazzi che stanno lavorando cos\u00ec duramente per questo, ancora di pi\u00f9 in un momento in cui i segnali di reazione dei nostri concorrenti sono cos\u00ec forti e chiari. Forza Ducati!&#8221;.<\/p>\n<p>Leggi anche:<\/p>\n<p>In questo articolo<\/p>\n<p>Diventa il primo a sapere le novit\u00e0 e iscriviti per ricevere notizie in tempo reale via e-mail su questi temi<\/p>\n<p>    Iscriviti agli avvisi di notizie<\/p>\n","protected":false},"excerpt":{"rendered":"Il Gran Premio d&#8217;Austria \u00e8 stato segnato dall&#8217;ormai consueto weekend a due facce per la Ducati. Quella sorridente&hellip;\n","protected":false},"author":3,"featured_media":56568,"comment_status":"","ping_status":"","sticky":false,"template":"","format":"standard","meta":{"footnotes":"","_share_on_mastodon":"0"},"categories":[1455],"tags":[2834,18918,2360,10836,12234,1537,90,89,2835,1783,1785,46148,1784,10837,46149,245,244],"class_list":["post-56567","post","type-post","status-publish","format-standard","has-post-thumbnail","category-moto","tag-ducati-team","tag-fermin-aldeguer","tag-francesco-bagnaia","tag-gp-daustria","tag-gresini-racing","tag-it","tag-italia","tag-italy","tag-marc-marquez","tag-moto","tag-motogp","tag-motogp-dalligna-nessun-dubbio-su-bagnaia-e-la-moto","tag-motorcycle","tag-red-bull-ring","tag-ripartiamo-dalle-cose-positive","tag-sport","tag-sports"],"share_on_mastodon":{"url":"","error":""},"_links":{"self":[{"href":"https:\/\/www.europesays.com\/it\/wp-json\/wp\/v2\/posts\/56567","targetHints":{"allow":["GET"]}}],"collection":[{"href":"https:\/\/www.europesays.com\/it\/wp-json\/wp\/v2\/posts"}],"about":[{"href":"https:\/\/www.europesays.com\/it\/wp-json\/wp\/v2\/types\/post"}],"author":[{"embeddable":true,"href":"https:\/\/www.europesays.com\/it\/wp-json\/wp\/v2\/users\/3"}],"replies":[{"embeddable":true,"href":"https:\/\/www.europesays.com\/it\/wp-json\/wp\/v2\/comments?post=56567"}],"version-history":[{"count":0,"href":"https:\/\/www.europesays.com\/it\/wp-json\/wp\/v2\/posts\/56567\/revisions"}],"wp:featuredmedia":[{"embeddable":true,"href":"https:\/\/www.europesays.com\/it\/wp-json\/wp\/v2\/media\/56568"}],"wp:attachment":[{"href":"https:\/\/www.europesays.com\/it\/wp-json\/wp\/v2\/media?parent=56567"}],"wp:term":[{"taxonomy":"category","embeddable":true,"href":"https:\/\/www.europesays.com\/it\/wp-json\/wp\/v2\/categories?post=56567"},{"taxonomy":"post_tag","embeddable":true,"href":"https:\/\/www.europesays.com\/it\/wp-json\/wp\/v2\/tags?post=56567"}],"curies":[{"name":"wp","href":"https:\/\/api.w.org\/{rel}","templated":true}]}}