{"id":565678,"date":"2026-07-02T06:37:13","date_gmt":"2026-07-02T06:37:13","guid":{"rendered":"https:\/\/www.europesays.com\/it\/565678\/"},"modified":"2026-07-02T06:37:13","modified_gmt":"2026-07-02T06:37:13","slug":"cristina-seymandi-tre-anni-dopo-la-rottura-con-massimo-segre-ora-ho-un-nuovo-amore-ma-a-lui-volevo-bene-il-video-e-lodio-social-non-ce-piu-rispetto","status":"publish","type":"post","link":"https:\/\/www.europesays.com\/it\/565678\/","title":{"rendered":"Cristina Seymandi tre anni dopo la rottura con Massimo Segre: \u00abOra ho un nuovo amore, ma a lui volevo bene. Il video e l&#8217;odio social? Non c\u2019\u00e8 pi\u00f9 rispetto\u00bb"},"content":{"rendered":"<p>    di<br \/>\n    Francesca Angeleri<\/p>\n<p class=\"summary-art is-line-h-12\">Alla sua festa di compleanno, invece di annunciare le nozze, lui la accus\u00f2 di averlo tradito. Il video divenne virale. La manager: \u00abIo ferita dai social\u00bb<\/p>\n<p class=\"chapter-paragraph\">Estate 2023, 27 luglio. <b>Massimo Segre e <a href=\"https:\/\/www.corriere.it\/cronache\/25_aprile_30\/cristina-seymandi-segre-intervista-amore-6e265efe-4596-4023-9cb0-eee4d229bxlk.shtml\" rel=\"nofollow noopener\" target=\"_blank\">Cristina Seymandi<\/a>, coppia molto conosciuta della cosiddetta \u00abTorino bene\u00bb, <\/b>organizza un ricevimento: la scusa sono i 47 anni di lei e le nozze imminenti. Tre anni dopo torniamo su una \u00abpiccola\u00bb storia piemontese che ha fatto chiacchierare il mondo intero. Si festeggiano delle  nozze d\u2019oro, e non nel senso temporale del termine: Seymandi \u00e8 una manager e una politica, Segre un finanziere di peso. Pure la sabaudit\u00e0 altolocata sa quando \u00e8 ora di brindare. <b><a href=\"https:\/\/www.corriere.it\/cronache\/23_agosto_11\/massimo-segre-cristina-seymandi-cyberbullismo-893e25b2-37d4-11ee-9948-9111a8f29e75.shtml\" rel=\"nofollow noopener\" target=\"_blank\">Ci\u00f2 che \u00e8 accaduto<\/a> quando la coppia sale sulla consolle del dj \u00e8 noto a tutti<\/b>. In tutto il mondo. In sintesi: lui prende il microfono e gli invitati si aspettano l\u2019annuncio ufficiale, invece, lava i panni sporchi e svela agli ospiti che da quell\u2019istante la loro storia finisce. Cristina ha un  amante.<\/p>\n<p class=\"chapter-paragraph\">\u00ab<b>In amore \u00e8 meglio non giudicare, bisogna mettere in conto che qualcosa pu\u00f2 sempre succedere<\/b>\u00bb. Seymandi riapre la \u00abferita\u00bb con il Corriere e riesce anche a ironizzarci sopra: \u00abPosso affermare con certezza che festeggiare prima il compleanno porta male. Il mio \u00e8 il 28 luglio e non il 27\u00bb. E i suoi prossimi 50, infatti, li celebra addirittura lanciando sul mercato Madame86, un nuovo drink a base di Vermouth. Oggi \u00e8 serena, senza rimpianti, e in qualche occasione ha pure risentito l\u2019ex fidanzato: \u00ab<b>Ma non per cose di rilievo<\/b>\u00bb. In fondo, in quello  che \u00e8 accaduto, non c\u2019era niente di speciale. Ci\u00f2 che ne \u00e8 conseguito dopo per\u00f2 \u2014 quando il video girato da uno dei presenti \u00e8 stato messo in rete \u2014 nessuno se lo sarebbe mai potuto immaginare. Milioni di visualizzazioni nel mondo, articoli redatti dalle principali testate internazionali, per settimane non si \u00e8 parlato d\u2019altro.\u00a0    &#13;<br \/>\n&#13;<br \/>\n&#13;<br \/>\n&#13;<br \/>\n&#13;<br \/>\n&#13;<br \/>\n&#13;<br \/>\n&#13;<br \/>\n&#13;<br \/>\n&#13;<br \/>\n&#13;<br \/>\n&#13;<br \/>\n&#13;<br \/>\n&#13;<br \/>\n&#13;<br \/>\n&#13;<br \/>\n&#13;<br \/>\n&#13;<br \/>\n&#13;<br \/>\n&#13;<br \/>\n&#13;<br \/>\n&#13;<br \/>\n&#13;<br \/>\n&#13;<br \/>\n&#13;<br \/>\n&#13;<br \/>\n&#13;<br \/>\n&#13;<br \/>\n&#13;<br \/>\n&#13;<br \/>\n&#13;<br \/>\n&#13;<br \/>\n&#13;<br \/>\n&#13;<br \/>\n&#13;<br \/>\n&#13;<br \/>\n&#13;<br \/>\n&#13;<br \/>\n&#13;<br \/>\n&#13;<br \/>\n&#13;<br \/>\n&#13;<br \/>\n&#13;<br \/>\n&#13;<br \/>\n&#13;<br \/>\n&#13;<br \/>\n&#13;<br \/>\n&#13;<br \/>\n&#13;<br \/>\n&#13;<br \/>\n&#13;<br \/>\n&#13;<br \/>\n&#13;\n<\/p>\n<p class=\"chapter-paragraph\">In effetti, sembrava un film. Segre la umilia pubblicamente svelando il (presunto) tradimento con un amante-avvocato e facendo cenno a una precedente liaison con un noto imprenditore, la accusa anche di avergli messo contro i figli. Lei resta come una statua di sale. \u00ab<b>Il punto \u00e8 che nessuno si \u00e8 mai chiesto se aveva gli strumenti per verificare se l\u2019accaduto fosse vero o meno<\/b>. Ci si dovrebbe astenere. Noi ci siamo voluti bene davvero, almeno parlo per me. Quel sentimento era sincero ed \u00e8 per questo motivo che non ho mai voluto rilasciare dichiarazioni su di lui che avessero dei toni cattivi. <b>In passato mi ero separata anche dal padre di mia figlia, eravamo giovani e poteva essere complicato&#8230; invece bisogna lasciarsi senza distruggersi<\/b>\u00bb. Fatto sta che il web era letteralmente venuto gi\u00f9. Segre fece una dichiarazione in cui affermava che dire la verit\u00e0 pubblicamente non \u00e8 violenza.  \u00abUn\u2019altra al mio posto, magari pi\u00f9 giovane o pi\u00f9 fragile, sarebbe crollata. Il trauma della fine di un amore lo elabori per i fatti tuoi. Ma l\u2019odio, gli accanimenti violenti, continui, le cattiverie\u2026 quello \u00e8 stato molto difficile. <b>Oggi non c\u2019\u00e8 pi\u00f9 rispetto per i sentimenti<\/b>\u00bb.<\/p>\n<p class=\"chapter-paragraph\">La shitstorm \u00e8 stata inarrestabile. Mentre Segre ne era venuto fuori  facendo la figura del \u00absignore\u00bb<b> <\/b>\u2014 dicendole  che poteva usufruire del viaggio a Mykonos con l\u2019amante e di quello in Vietnam con la figlia,  entrambi erano pagati \u2014, lei era stata sbranata dagli hater: \u00ab<b>La vicenda aveva in s\u00e9 tanti elementi da romanzo tragico: il  luogo comune del lui facoltoso e della lei bella e pi\u00f9 giovane che ci sta insieme solo per i soldi<\/b>. Molti uomini rifiutati ci hanno proiettato del loro  e anche parecchie donne che sognavano il matrimonio di convenienza e non l\u2019hanno, magari, trovato. Quando con il mio avvocato abbiamo denunciato questi \u201codiatori\u201d, mi ha stupito scoprire che dietro i nomi fake c\u2019erano professionisti, insegnanti, presidenti di associazioni culturali, volontari della Croce Rossa, agenti di polizia&#8230; tutti con le pagine social con moglie e figli.  <b>L\u2019Italia nel 2027 dovr\u00e0 adeguarsi  alla legislazione europea sui temi dell\u2019odio on line,  questo caso \u00e8 una spinta in quella direzione<\/b>. Attualmente  ho 26 procedimenti aperti con condanne penali\u00bb.<\/p>\n<p class=\"chapter-paragraph\">Ci\u00f2 che non ti ammazza ti fortifica, si dice. <b>Seymandi \u00e8 impegnata nella lotta contro il cyberbullismo<\/b>, \u00abda quando mi scrissero dalla Fondazione Carolina chiedendomi<b>,<\/b> visto ci\u00f2 che avevo vissuto, di dare una mano e raccontare il mio vissuto\u00bb. Da questo \u00e8 nato anche il suo libro Antifragile  si diventa (Cairo Editore) che ha presentato recentemente anche alla Camera di Commercio Italiana a Londra.  Oggi ha un nuovo amore: \u00ab<b>\u00c8 una persona che ho incontrato due anni fa e che mi sta donando un grande equilibrio<\/b>. Ci siamo incontrati in una fase matura. Sono innamoratissima\u00bb.  Le  cose alla fine sono andate come dovevano andare? \u00abNon bisogna opporre troppe resistenze: fa parte della vita\u00bb.<\/p>\n<p>APPROFONDISCI CON IL PODCAST<\/p>\n<p class=\"is-last-update\" datetime=\"2026-07-02T08:22:23+02:00\">2 luglio 2026 ( modifica il 2 luglio 2026 | 08:22)<\/p>\n<p class=\"is-copyright\">\n            \u00a9 RIPRODUZIONE RISERVATA\n        <\/p>\n","protected":false},"excerpt":{"rendered":"di Francesca Angeleri Alla sua festa di compleanno, invece di annunciare le nozze, lui la accus\u00f2 di averlo&hellip;\n","protected":false},"author":3,"featured_media":565679,"comment_status":"","ping_status":"","sticky":false,"template":"","format":"standard","meta":{"footnotes":"","_share_on_mastodon":"0"},"categories":[173],"tags":[500,311700,311701,311702,311703,311704,311705,311706,311707,311708,506,311709,311710,81389,311711,311712,3811,11998,87,1239,3439,483,5163,2235,122,10091,36151,4501,2731,3384,229,1537,90,89,426,2947,1285,311699,9476,4474,15384,7394,13281,49177,1270,5158,195,198,199,197,200,201,1848,311698,1686,1567,194,196,24355,2392,5490],"class_list":["post-565678","post","type-post","status-publish","format-standard","has-post-thumbnail","category-scienza-e-tecnologia","tag-accaduto","tag-accaduto-coppia","tag-accaduto-coppia-sale","tag-accaduto-speciale","tag-accaduto-speciale-cio","tag-accaduto-vero","tag-accaduto-vero-dovrebbe","tag-accanimenti","tag-accanimenti-violenti","tag-accanimenti-violenti-continui","tag-accusa","tag-accusa-avergli","tag-accusa-avergli-messo","tag-accuso","tag-accuso-tradito","tag-accuso-tradito-video","tag-addirittura","tag-amante","tag-amore","tag-avvocato","tag-bisogna","tag-cio","tag-compleanno","tag-coppia","tag-cose","tag-cristina","tag-cristina-seymandi","tag-ferita","tag-figli","tag-figlia","tag-giovane","tag-it","tag-italia","tag-italy","tag-luglio","tag-manager","tag-massimo","tag-massimo-segre","tag-messo","tag-noto","tag-nozze","tag-odio","tag-poteva","tag-pubblicamente","tag-rispetto","tag-sale","tag-science","tag-science-and-technology","tag-scienceandtechnology","tag-scienza","tag-scienza-e-tecnologia","tag-scienzaetecnologia","tag-segre","tag-seymandi","tag-social","tag-storia","tag-technology","tag-tecnologia","tag-venuto","tag-video","tag-vissuto"],"share_on_mastodon":{"url":"","error":"Validation failed: Text character limit of 500 exceeded"},"_links":{"self":[{"href":"https:\/\/www.europesays.com\/it\/wp-json\/wp\/v2\/posts\/565678","targetHints":{"allow":["GET"]}}],"collection":[{"href":"https:\/\/www.europesays.com\/it\/wp-json\/wp\/v2\/posts"}],"about":[{"href":"https:\/\/www.europesays.com\/it\/wp-json\/wp\/v2\/types\/post"}],"author":[{"embeddable":true,"href":"https:\/\/www.europesays.com\/it\/wp-json\/wp\/v2\/users\/3"}],"replies":[{"embeddable":true,"href":"https:\/\/www.europesays.com\/it\/wp-json\/wp\/v2\/comments?post=565678"}],"version-history":[{"count":0,"href":"https:\/\/www.europesays.com\/it\/wp-json\/wp\/v2\/posts\/565678\/revisions"}],"wp:featuredmedia":[{"embeddable":true,"href":"https:\/\/www.europesays.com\/it\/wp-json\/wp\/v2\/media\/565679"}],"wp:attachment":[{"href":"https:\/\/www.europesays.com\/it\/wp-json\/wp\/v2\/media?parent=565678"}],"wp:term":[{"taxonomy":"category","embeddable":true,"href":"https:\/\/www.europesays.com\/it\/wp-json\/wp\/v2\/categories?post=565678"},{"taxonomy":"post_tag","embeddable":true,"href":"https:\/\/www.europesays.com\/it\/wp-json\/wp\/v2\/tags?post=565678"}],"curies":[{"name":"wp","href":"https:\/\/api.w.org\/{rel}","templated":true}]}}