{"id":565722,"date":"2026-07-02T07:22:18","date_gmt":"2026-07-02T07:22:18","guid":{"rendered":"https:\/\/www.europesays.com\/it\/565722\/"},"modified":"2026-07-02T07:22:18","modified_gmt":"2026-07-02T07:22:18","slug":"belen-rodriguez-francesca-michielin-e-le-altre-perche-le-star-si-innamorano-del-personal-trainer-e-chi-se-ne-approfitta-in-palestra","status":"publish","type":"post","link":"https:\/\/www.europesays.com\/it\/565722\/","title":{"rendered":"Bel\u00e9n Rodriguez, Francesca Michielin e le altre: perch\u00e9 le star si innamorano del personal trainer (e chi se ne approfitta in palestra)"},"content":{"rendered":"<p>    di<br \/>\n    Irene Soave<\/p>\n<p class=\"summary-art is-line-h-12\">Le nozze della cantante con il preparatore atletico Davide Spigarolo, quelle dell&#8217;attrice con il palestrato Claudio Pallitto: perch\u00e9 \u00e8 facile innamorarsi in palestra<\/p>\n<p class=\"chapter-paragraph\">Ascolta e incoraggia, se necessario consola, alterna rigore e  tatto, sa dove insistere e dove accettarti per come sei; ti vede nelle tue brutture peggiori e non solo non ha da ridire ma ti aiuta a lavorarci, e dopo ciascun appuntamento \u2014 assidui, almeno una volta a settimana, potendo permetterselo anche due o tre \u2014 cresci in bellezza e forza e tutti lo notano: frequenti qualcuno? <b>La risposta \u00e8 s\u00ec, ed \u00e8: un(a) personal trainer.<\/b> L\u2019effetto che fa \u00e8 quello di un buon innamoramento, e a volte le due cose coincidono; qualche coppia nata tra pesi e squat finisce pure all\u2019altare.\u00a0<\/p>\n<p class=\"chapter-paragraph\">\u00c8 di maggio, ad esempio, il matrimonio dell\u2019attrice <a href=\"https:\/\/www.corriere.it\/spettacoli\/cinema-serie-tv\/26_giugno_11\/micaela-ramazzotti-marito-intervista-f8c111c1-859e-4554-a34d-d8b5aa402xlk.shtml\" title=\" \" target=\"_blank\" rel=\"nofollow noopener\">Micaela Ramazzotti col personal trainer Claudio Pallitto<\/a>, di sei anni pi\u00f9 giovane: gestisce una palestra nella periferia di Roma e ha collezionato negli anni ruoli in reality (Tamarreide) e pure in due film dell\u2019ex marito di Ramazzotti, Paolo Virz\u00ec. Per molti attorno alla coppia \u00ab<b>Claudio era un orco palestrato<\/b>\u00bb, ricorda lei in una recente intervista al Corriere. \u00abMi hanno fatta sentire come se avessi commesso un reato, \u00e8 finita con un regista e mi sono messa con un personal trainer. E allora? Mi sono lasciata alle spalle il personaggio della donna vessata e fragile\u00bb (non senza fragore:  \u00e8 di due anni fa la memorabile rissa con lancio di piatti, ambulanze e carabinieri in un ristorante di Roma dove si erano incrociati per caso tutti e tre). <b>Claudio \u00ab\u00e8 l\u2019uomo con cui ho conosciuto l\u2019amore\u00bb<\/b>. Le nozze, con pochi cari \u2014 \u00abnon temo il giudizio degli altri\u00bb \u2014 in un castello in Umbria, le ha  celebrate la giornalista Francesca Fagnani.\u00a0    &#13;<br \/>\n&#13;<br \/>\n&#13;<br \/>\n&#13;<br \/>\n&#13;<br \/>\n&#13;<br \/>\n&#13;<br \/>\n&#13;<br \/>\n&#13;<br \/>\n&#13;<br \/>\n&#13;<br \/>\n&#13;<br \/>\n&#13;<br \/>\n&#13;<br \/>\n&#13;<br \/>\n&#13;<br \/>\n&#13;<br \/>\n&#13;<br \/>\n&#13;<br \/>\n&#13;<br \/>\n&#13;<br \/>\n&#13;<br \/>\n&#13;<br \/>\n&#13;<br \/>\n&#13;<br \/>\n&#13;<br \/>\n&#13;<br \/>\n&#13;<br \/>\n&#13;<br \/>\n&#13;<br \/>\n&#13;<br \/>\n&#13;<br \/>\n&#13;<br \/>\n&#13;<br \/>\n&#13;<br \/>\n&#13;<br \/>\n&#13;<br \/>\n&#13;<br \/>\n&#13;<br \/>\n&#13;<br \/>\n&#13;<br \/>\n&#13;<br \/>\n&#13;<br \/>\n&#13;<br \/>\n&#13;<br \/>\n&#13;<br \/>\n&#13;<br \/>\n&#13;<br \/>\n&#13;<br \/>\n&#13;<br \/>\n&#13;<br \/>\n&#13;<br \/>\n&#13;\n<\/p>\n<p class=\"chapter-paragraph\">Poi ci sono le storie Instagram di <b>Bel\u00e9n Rodriguez,<\/b> che qualche giorno fa le ha usate per comparire in atteggiamenti affettuosi, al compleanno di lui, con il personal trainer Gaetano Fidanzati, anche lui pi\u00f9 giovane \u2014 spegneva 35 candeline, Bel\u00e9n va per i 42  \u2014 e gi\u00e0 allenatore di Ignazio Moser, marito della sorella di lei Cecilia. Il gossip vuole che lui sia la guida di lei in una \u00abrinascita\u00bb <a href=\"https:\/\/torino.corriere.it\/notizie\/spettacoli\/26_maggio_27\/belen-rodriguez-e-il-ricovero-in-ospedale-il-messaggio-di-alba-parietti-anche-le-persone-piu-forti-crollano-d56dd3c9-a567-4896-992e-50ffcbc27xlk.shtml\" target=\"_blank\" rel=\"nofollow noopener\">da un periodo difficile, culminato a inizio giugno in un breve ricovero.<\/a> Per parlare di nozze \u00e8 presto: si frequenterebbero da aprile (lui per\u00f2  \u00e8 esperto di <b>hyrox, allenamento di moda<\/b> basato all\u201980% sulla resistenza).\u00a0<\/p>\n<p class=\"chapter-paragraph\">Fuga in Vespa, girasoli, balli e poesie: festose anche le nozze  celebrate a giugno, a Bassano del Grappa, tra la cantante<b> Francesca Michielin e il suo grande amore Davide Spigarolo<\/b>, gi\u00e0 atleta della Nazionale (salto in alto) e ora preparatore atletico. Si conoscono dal liceo, sono amici da anni, ma per la stampa pettegola l\u2019amore sarebbe nato nel 2022 con la richiesta di lei di prepararle un piano di allenamento. Galeotta fu la scheda degli esercizi, e chi la scrisse.\u00a0<\/p>\n<p class=\"chapter-paragraph\">Non \u00e8 strano. Persino uno dei pi\u00f9 recenti saggi italiani sull\u2019amore, Mantieni il bacio, dello psicanalista Massimo Recalcati (Feltrinelli), prende il titolo da un\u2019istruzione ricevuta dalla personal trainer, e ricomparsa in un sogno. \u00abLa componente emotiva del nostro lavoro \u00e8 grande\u00bb, spiega <a href=\"https:\/\/www.saraventura.com\/\" rel=\"nofollow noreferrer noopener\" target=\"_blank\">Sara Ventura, ex tennista gi\u00e0 nella classifica Wta, ora personal trainer<\/a> nel suo spazio milanese dove offre anche coaching  sportivo \u00abperch\u00e9 sempre pi\u00f9 atleti anche amatoriali chiedono molto allo sport\u00bb. <b>Per esempio un nuovo amore? \u00abSuccede\u00bb, sorride Ventura<\/b>, \u00abe non \u00e8 sempre una deriva virtuosa. Nelle palestre  commerciali si creano spesso situazioni da villaggio vacanze\u00bb. Dove per esempio vengono assegnati di default ai clienti maschi toniche allenatrici, e alle clienti prestanti allenatori; in ogni caso un buon trainer deve avere gentilezza, simpatia, carisma,<b> qualit\u00e0 seducenti in s\u00e9.  E redditizie (per la palestra):<\/b> \u00abil cliente, o la cliente, deve proprio scegliere di lavorare con te, che sei pagato a seduta\u00bb, spiega Ventura. Le tariffe di un personal trainer partono da 45 euro l\u2019ora, in citt\u00e0, e i pi\u00f9 richiesti  superano serenamente i cento. \u00abE da un trainer che ti lusinga  vai pi\u00f9 volentieri\u00bb.  Poi ci sono le confidenze: \u00ab<b>spesso al trainer si finisce per dire molto di s\u00e9, e il rischio \u00e8   che poi questa intimit\u00e0 venga usata per proporti pi\u00f9 sedute, acquisti, servizi<\/b>\u00bb.\u00a0<\/p>\n<p class=\"chapter-paragraph\">La regola: per gli allenatori \u00abdotarsi anche solo interiormente di una deontologia, come quella degli psicologi, che permetta di gestire il confine tra privato e lavoro\u00bb; per i clienti \u00ab<b>essere onesti con se stessi e sapere che cercare in palestra un nuovo flirt \u00e8 un po\u2019 come cercarlo in ufficio: pu\u00f2 portare guai<\/b>\u00bb. A qualcuno, per\u00f2, riesce.\u00a0<\/p>\n<p>APPROFONDISCI CON IL PODCAST<\/p>\n<p class=\"is-last-update\" datetime=\"2026-07-02T08:33:43+02:00\">1 luglio 2026 ( modifica il 2 luglio 2026 | 08:33)<\/p>\n<p class=\"is-copyright\">\n            \u00a9 RIPRODUZIONE RISERVATA\n        <\/p>\n","protected":false},"excerpt":{"rendered":"di Irene Soave Le nozze della cantante con il preparatore atletico Davide Spigarolo, quelle dell&#8217;attrice con il palestrato&hellip;\n","protected":false},"author":3,"featured_media":565723,"comment_status":"","ping_status":"","sticky":false,"template":"","format":"standard","meta":{"footnotes":"","_share_on_mastodon":"0"},"categories":[1451],"tags":[311742,311743,311744,5881,311745,311746,63320,311747,311748,2102,1548,6095,87,5358,7738,17945,1764,1034,2942,311740,1621,1620,4123,100091,26105,665,2235,8506,290641,203,3224,5701,7505,229,1148,204,1537,90,89,7242,5692,15384,6843,294323,270853,8177,8178,5495,6200,15056,32898,987,12285,479,311741,290640,8187,43614],"class_list":["post-565722","post","type-post","status-publish","format-standard","has-post-thumbnail","category-celebrita","tag-accettarti","tag-accettarti-vede","tag-accettarti-vede-brutture","tag-acquisti","tag-acquisti-servizi","tag-acquisti-servizi-regola","tag-affettuosi","tag-affettuosi-compleanno","tag-affettuosi-compleanno-personal","tag-aiuta","tag-allenamento","tag-allenatori","tag-amore","tag-atletico","tag-attrice","tag-belen","tag-belen-rodriguez","tag-buon","tag-cantante","tag-celebrate","tag-celebrita","tag-celebrities","tag-claudio","tag-claudio-pallitto","tag-cliente","tag-clienti","tag-coppia","tag-davide","tag-davide-spigarolo","tag-entertainment","tag-finisce","tag-francesca","tag-francesca-michielin","tag-giovane","tag-giugno","tag-intrattenimento","tag-it","tag-italia","tag-italy","tag-marito","tag-michielin","tag-nozze","tag-palestra","tag-palestrato","tag-pallitto","tag-personal","tag-personal-trainer","tag-preparatore","tag-preparatore-atletico","tag-ramazzotti","tag-rodriguez","tag-roma","tag-se","tag-spiega","tag-spiega-ventura","tag-spigarolo","tag-trainer","tag-ventura"],"share_on_mastodon":{"url":"","error":"Validation failed: Text character limit of 500 exceeded"},"_links":{"self":[{"href":"https:\/\/www.europesays.com\/it\/wp-json\/wp\/v2\/posts\/565722","targetHints":{"allow":["GET"]}}],"collection":[{"href":"https:\/\/www.europesays.com\/it\/wp-json\/wp\/v2\/posts"}],"about":[{"href":"https:\/\/www.europesays.com\/it\/wp-json\/wp\/v2\/types\/post"}],"author":[{"embeddable":true,"href":"https:\/\/www.europesays.com\/it\/wp-json\/wp\/v2\/users\/3"}],"replies":[{"embeddable":true,"href":"https:\/\/www.europesays.com\/it\/wp-json\/wp\/v2\/comments?post=565722"}],"version-history":[{"count":0,"href":"https:\/\/www.europesays.com\/it\/wp-json\/wp\/v2\/posts\/565722\/revisions"}],"wp:featuredmedia":[{"embeddable":true,"href":"https:\/\/www.europesays.com\/it\/wp-json\/wp\/v2\/media\/565723"}],"wp:attachment":[{"href":"https:\/\/www.europesays.com\/it\/wp-json\/wp\/v2\/media?parent=565722"}],"wp:term":[{"taxonomy":"category","embeddable":true,"href":"https:\/\/www.europesays.com\/it\/wp-json\/wp\/v2\/categories?post=565722"},{"taxonomy":"post_tag","embeddable":true,"href":"https:\/\/www.europesays.com\/it\/wp-json\/wp\/v2\/tags?post=565722"}],"curies":[{"name":"wp","href":"https:\/\/api.w.org\/{rel}","templated":true}]}}