{"id":565728,"date":"2026-07-02T07:29:15","date_gmt":"2026-07-02T07:29:15","guid":{"rendered":"https:\/\/www.europesays.com\/it\/565728\/"},"modified":"2026-07-02T07:29:15","modified_gmt":"2026-07-02T07:29:15","slug":"nazionale-conte-via-libera-ingaggio-e-durata-dai-club-di-serie-a-lassist-a-malago","status":"publish","type":"post","link":"https:\/\/www.europesays.com\/it\/565728\/","title":{"rendered":"Nazionale: Conte, via libera. Ingaggio e durata, dai club di Serie A l\u2019assist a Malag\u00f2"},"content":{"rendered":"<p>                                Missione Mondiale 2030 da 16 milioni. Le societ\u00e0 pronte a uno sforzo economico dal peso differente<\/p>\n<p class=\"paragraph\" spellcheck=\"true\">Questione di ore, qualche telefonata, un po\u2019 di riflessioni: il via libera al Conte bis sulla panchina azzurra \u00e8 in campo. La prima riunione del nuovo governo del nostro pallone ha messo il punto su ci\u00f2 che navigava da tempo, da quando ci siamo fatti male (molto) dentro il viaggio in Bosnia di fine marzo: alla Nazionale serve un ct come fu Antonio nel biennio 2014-16, esperto e carismatico, capace di trasmettere il suo pensiero in un niente e capace di programmare una rinascita senza strappi.\u00a0<\/p>\n<p>        scelta condivisa\u2014 \u00a0<\/p>\n<p class=\"paragraph\" spellcheck=\"true\">La Serie A non \u00e8 mai indietreggiata di un centimetro e a Giovanni Malag\u00f2, al vertice della Figc da dieci giorni, il messaggio \u00e8 sempre stato uno: Conte \u00e8 l\u2019uomo giusto e per l\u2019uomo giusto si pu\u00f2 anche pensare ad uno sforzo economico da parte di chi, le societ\u00e0, rappresentano il traino del sistema. E, Antonio? In queste settimane, tra campagna elettorale e post elezioni federali, l\u2019ex tecnico del Napoli, solo per citarne l\u2019ultima tappa professionale, non si \u00e8 perso un passaggio di ci\u00f2 che lo metteva in relazione con l\u2019azzurro: Conte non desidera altro che chiudere un cerchio o, meglio, completare quella che ha sempre considerato una missione. Il biennio gi\u00e0 citato si concluse con l\u2019Europeo dell\u2019orgoglio in Francia: fuori ai quarti di finale, ma fuori solo ai rigori e contro la favoritissima Germania che affrontammo con i cerotti. Il nuovo orizzonte racconta di un contratto sul tavolo di quattro anni, una prospettiva inedita per una Figc chiamata al voto tra poco pi\u00f9 di due, ma inevitabile alla luce del vero obiettivo, non fallire il viaggio Mondiale per la quarta volta di fila. Gi\u00e0, il Mondiale 2030, quello in agenda tra Spagna, Portogallo e Marocco e con le prime gare oltreoceano. Conte \u00e8 spinto dal desiderio di riportare l\u2019Italia l\u00e0 dove deve stare e per farlo \u00e8 pronto ad accettare una sfida, la grande ricostruzione, che gli darebbe una dimensione internazionale, oggi un po\u2019 appannata.\u00a0<\/p>\n<p>        sponsor in campo\u2014 \u00a0<\/p>\n<p class=\"paragraph\" spellcheck=\"true\">Malag\u00f2 accelera, i club non cambiano rotta, Conte \u00e8 pronto al s\u00ec: qualcosa si \u00e8 mosso, e non \u00e8 poco. &#8220;Non \u00e8 una questione di costi, ma di investimento&#8230;&#8221;, l\u2019intervento del presidente dell\u2019Inter Beppe Marotta quando il primo consiglio federale del dopo Gravina \u00e8 scivolato sul tema del prossimo ct. Tradotto: in modo progressivo, i club di Serie A sono disposti a contribuire dal punto di vista economico per soddisfare le richieste di Conte. Nel 2014-16, Antonio aveva un ingaggio da 4,1 milioni di euro a stagione, adesso le cifre sarebbero le stesse: quattro milioni per quattro anni. Malag\u00f2 parla di sponsor come assist all\u2019operazione, ma, allo stesso tempo, senza una correlazione diretta tra la scesa in campo di un partner e il nome specifico di un commissario tecnico: sarebbe cosa non giusta o scorretta. A ci\u00f2 che chiede il ct degli Europei del 2016 si pu\u00f2 arrivare, dicono in federazione. E si pu\u00f2 arrivare proprio perch\u00e9 di investimento sul futuro azzurro si tratta: Euro 2028 sar\u00e0 evento da vivere cercando un bel po\u2019 di felicit\u00e0, la Coppa del Mondo 2030 sar\u00e0 l\u2019occasione per metterci alle spalle i nostri fantasmi e le nostre paure.\u00a0<\/p>\n<p><a class=\"is-partner-link\" href=\"https:\/\/aipredictor.gazzetta.it\/?intcmp=Nazionali\" rel=\"nofollow noopener\" target=\"_blank\">Promo Mondiale 1\u20ac al mese per 3 mesi &#8211; Scopri chi vince con Gazzetta AI Predictor!<\/a><\/p>\n<p>        sfida personale\u2014 \u00a0<\/p>\n<p class=\"paragraph\" spellcheck=\"true\">Conte ascolta e annota, Malag\u00f2 ha il telefono tra le mani: la partita sul ct azzurro sta per terminare. Nella sua carriera, non breve e per niente banale, Antonio \u00e8 sempre stato in grado di stupire partendo da panchine\u201dferite\u201d dai risultati dell\u2019anno prima: un curriculum, invidiabile, che, oggi, mette tutti d\u2019accordo sulla scelta e che, oggi, vede i club in prima fila per la sua investitura. D\u2019altronde se il destino di un presidente federale \u00e8 legato al cammino della nazionale, il valore di un movimento non pu\u00f2 che essere strettamente connesso alle sorti della stessa. L\u2019Italia deve battere un colpo nel pi\u00f9 breve tempo possibile, Conte sa come si fa. Lo ha gi\u00e0 fatto pi\u00f9 di una volta. Vuole ripetersi nell\u2019ora pi\u00f9 complicata.<\/p>\n<p class=\"is-copyright\">\u00a9 RIPRODUZIONE RISERVATA<\/p>\n","protected":false},"excerpt":{"rendered":"Missione Mondiale 2030 da 16 milioni. Le societ\u00e0 pronte a uno sforzo economico dal peso differente Questione di&hellip;\n","protected":false},"author":3,"featured_media":553728,"comment_status":"","ping_status":"","sticky":false,"template":"","format":"standard","meta":{"footnotes":"","_share_on_mastodon":"0"},"categories":[176],"tags":[70173,119,36,8235,7920,17054,2553,921,8624,483,554,143476,2790,5886,9644,724,284,23067,1820,1975,7183,16265,1537,90,89,2504,63425,1351,1353,135,1917,494,860,1360,1821,3461,7606,26320,1359,9436,245,244,3375,1652],"class_list":["post-565728","post","type-post","status-publish","format-standard","has-post-thumbnail","category-sport","tag-accelera","tag-antonio","tag-arrivare","tag-assist","tag-azzurro","tag-biennio","tag-breve","tag-campo","tag-capace","tag-cio","tag-club","tag-club-serie","tag-conte","tag-ct","tag-economico","tag-euro","tag-federale","tag-figc","tag-fila","tag-giusto","tag-ingaggio","tag-investimento","tag-it","tag-italia","tag-italy","tag-libera","tag-malago","tag-missione","tag-mondiale","tag-presidente","tag-pronto","tag-punto","tag-questione","tag-scelta","tag-serie","tag-sfida","tag-sforzo","tag-sforzo-economico","tag-societa","tag-sponsor","tag-sport","tag-sports","tag-tecnico","tag-viaggio"],"share_on_mastodon":{"url":"https:\/\/pubeurope.com\/@it\/116849211194549311","error":""},"_links":{"self":[{"href":"https:\/\/www.europesays.com\/it\/wp-json\/wp\/v2\/posts\/565728","targetHints":{"allow":["GET"]}}],"collection":[{"href":"https:\/\/www.europesays.com\/it\/wp-json\/wp\/v2\/posts"}],"about":[{"href":"https:\/\/www.europesays.com\/it\/wp-json\/wp\/v2\/types\/post"}],"author":[{"embeddable":true,"href":"https:\/\/www.europesays.com\/it\/wp-json\/wp\/v2\/users\/3"}],"replies":[{"embeddable":true,"href":"https:\/\/www.europesays.com\/it\/wp-json\/wp\/v2\/comments?post=565728"}],"version-history":[{"count":0,"href":"https:\/\/www.europesays.com\/it\/wp-json\/wp\/v2\/posts\/565728\/revisions"}],"wp:featuredmedia":[{"embeddable":true,"href":"https:\/\/www.europesays.com\/it\/wp-json\/wp\/v2\/media\/553728"}],"wp:attachment":[{"href":"https:\/\/www.europesays.com\/it\/wp-json\/wp\/v2\/media?parent=565728"}],"wp:term":[{"taxonomy":"category","embeddable":true,"href":"https:\/\/www.europesays.com\/it\/wp-json\/wp\/v2\/categories?post=565728"},{"taxonomy":"post_tag","embeddable":true,"href":"https:\/\/www.europesays.com\/it\/wp-json\/wp\/v2\/tags?post=565728"}],"curies":[{"name":"wp","href":"https:\/\/api.w.org\/{rel}","templated":true}]}}