{"id":565904,"date":"2026-07-02T10:03:13","date_gmt":"2026-07-02T10:03:13","guid":{"rendered":"https:\/\/www.europesays.com\/it\/565904\/"},"modified":"2026-07-02T10:03:13","modified_gmt":"2026-07-02T10:03:13","slug":"devon-hall-torna-a-casa-ufficiale-la-firma-con-lolimpia-milano","status":"publish","type":"post","link":"https:\/\/www.europesays.com\/it\/565904\/","title":{"rendered":"Devon Hall torna a casa: ufficiale la firma con l&#8217;Olimpia Milano"},"content":{"rendered":"<p> 5<\/p>\n<p class=\"wp-block-paragraph\">Continua il mercato in entrata di\u00a0<strong>Olimpia Milano<\/strong>. Dopo aver gi\u00e0 ufficializzato le firme di\u00a0<strong>Alec Peters<\/strong> e\u00a0<strong><a href=\"https:\/\/www.nbapassion.com\/lega-basket-a\/olimpia-milano-ufficiale-la-firma-di-jason-burnell-321983\/\" rel=\"nofollow noopener\" target=\"_blank\">Jason Burnell<\/a><\/strong>, la dirigenza biancorossa ha ufficializzato il ritorno di\u00a0<strong>Devon Hall<\/strong>. Per l\u2019ex guardia del Fenerbahce, che torna a Milano dopo due stagioni in Turchia, si parla di accordo pluriennale. Hall andr\u00e0 cos\u00ec a rinforzare il nuovo back court che la dirigenza meneghina vuole mettere a disposizione di coach Peppe Poeta.<\/p>\n<p>Devon Hall e l\u2019Olimpia Milano: ecco il secondo capitolo della storia<\/p>\n<p class=\"wp-block-paragraph\">L\u2019<strong>Olimpia Milano<\/strong> ha ufficializzato il ritorno di\u00a0<strong>Devon Hall<\/strong> all\u2019ombra della Madonnina. La societ\u00e0 biancorossa riporta cos\u00ec a casa un giocatore che aveva scoperto nel 2021 e, nel triennio a Milano, si \u00e8 sempre fatto trovare pronto, aiutando sempre la squadra anche nei momenti difficili. Ecco il comunicato\u00a0\u201cLa Pallacanestro Olimpia Milano comunica di aver raggiunto un accordo pluriennale con Devon Hall, guardia di 1.96, nato a Virginia Beach, in Virginia, il 7 luglio 1995, proveniente dal Fenerbahce Istanbul.\u201d<\/p>\n<p class=\"wp-block-paragraph\">Queste le prima parole di Hall, che non aveva mai nascosto l\u2019intenzione, un giorno, di tornare a Milano:\u00a0\u201d Sono super felice di poter ritornare a Milano, un posto che considero casa. Non vedo l\u2019ora che la stagione riprenda per poter giocare di nuovo davanti ai tifosi dell\u2019Olimpia e ai miei nuovi compagni di squadra. Sono grato di aver un\u2019altra opportunit\u00e0 di vestire questa maglia e mi auguro davvero che si possano fare cose speciali qui a Milano\u201d.<\/p>\n<p>La carriera<\/p>\n<p class=\"wp-block-paragraph\"><strong>Devon Hall<\/strong> \u00e8 cresciuto a Virginia Beach, in Virginia dove ha frequentato la Cape Henry Collegiate High School e successivamente ha trascorso quattro anni a Virginia University dove \u00e8 esploso nell\u2019ultimo anno quando ha segnato <strong>11.9 punti per gara con 4.3 rimbalzi e il 44.3% nel tiro da tre<\/strong> per una squadra collocata al numero 1 del ranking nazionale.\u00a0<\/p>\n<p class=\"wp-block-paragraph\">Dopo aver segnato 17.3 punti di media al Portsmouth Invitational, \u00e8 stato <strong>selezionato al numero 53 dei draft NBA del 2018 dagli Oklahoma City Thunder<\/strong>. La sua prima stagione da professionista l\u2019ha trascorsa in Australia ai Cairns Taipans. Nella stagione 2019-20 ha giocato a Oklahoma City con un \u201ctwo-way contract\u201d che ha incluso due esperienze agli Oklahoma City Blue della G-League. Nel 2020-21 ha giocato a Bamberg, in Germania. Nella <strong>BCL<\/strong> ha segnato <strong>12.4 punt<\/strong>i per gara, in <strong>Germania<\/strong> ha segnato <strong>14.1 punti per partita con il 39.9% da tre oltre a produrre 3.9 assist e 3.8 rimbalzi di media<\/strong>.<\/p>\n<p class=\"wp-block-paragraph\">Nel 2021 \u00e8 arrivato a <strong>Milano<\/strong> dove \u00e8 rimasto tre anni vincendo il <strong>titolo italiano in tutte e tre le stagion<\/strong>i oltre alla Coppa Italia del 2022. In tutto, ha giocato 111 partite del campionato italiano con 910 punti segnati di cui 278 nei playoff. In EuroLeague, ha disputato 93 gare con 816 punti. Nel 2024, si \u00e8 trasferito al Fenerbahce Istanbul dove ha conquistato l\u2019EuroLeague del 2025 e giocato le Final Four del 2026. Alle Final Four del 2025, ha segnato 31 punti in due gare. Ha anche contribuito alla conquista di una Supercoppa turca, due Coppe di Turchia e i titoli nazionali del 2025 e 2026.<\/p>\n","protected":false},"excerpt":{"rendered":"5 Continua il mercato in entrata di\u00a0Olimpia Milano. Dopo aver gi\u00e0 ufficializzato le firme di\u00a0Alec Peters e\u00a0Jason Burnell,&hellip;\n","protected":false},"author":3,"featured_media":407768,"comment_status":"","ping_status":"","sticky":false,"template":"","format":"standard","meta":{"footnotes":"","_share_on_mastodon":"0"},"categories":[1453],"tags":[1756,8858,1757,232661,4159,1537,90,89,3697,5874,245,244],"class_list":["post-565904","post","type-post","status-publish","format-standard","has-post-thumbnail","category-basket","tag-basket","tag-basket-mercato-a","tag-basketball","tag-devon-hall","tag-euroleague","tag-it","tag-italia","tag-italy","tag-legabasket","tag-olimpia-milano","tag-sport","tag-sports"],"share_on_mastodon":{"url":"https:\/\/pubeurope.com\/@it\/116849816718538029","error":""},"_links":{"self":[{"href":"https:\/\/www.europesays.com\/it\/wp-json\/wp\/v2\/posts\/565904","targetHints":{"allow":["GET"]}}],"collection":[{"href":"https:\/\/www.europesays.com\/it\/wp-json\/wp\/v2\/posts"}],"about":[{"href":"https:\/\/www.europesays.com\/it\/wp-json\/wp\/v2\/types\/post"}],"author":[{"embeddable":true,"href":"https:\/\/www.europesays.com\/it\/wp-json\/wp\/v2\/users\/3"}],"replies":[{"embeddable":true,"href":"https:\/\/www.europesays.com\/it\/wp-json\/wp\/v2\/comments?post=565904"}],"version-history":[{"count":0,"href":"https:\/\/www.europesays.com\/it\/wp-json\/wp\/v2\/posts\/565904\/revisions"}],"wp:featuredmedia":[{"embeddable":true,"href":"https:\/\/www.europesays.com\/it\/wp-json\/wp\/v2\/media\/407768"}],"wp:attachment":[{"href":"https:\/\/www.europesays.com\/it\/wp-json\/wp\/v2\/media?parent=565904"}],"wp:term":[{"taxonomy":"category","embeddable":true,"href":"https:\/\/www.europesays.com\/it\/wp-json\/wp\/v2\/categories?post=565904"},{"taxonomy":"post_tag","embeddable":true,"href":"https:\/\/www.europesays.com\/it\/wp-json\/wp\/v2\/tags?post=565904"}],"curies":[{"name":"wp","href":"https:\/\/api.w.org\/{rel}","templated":true}]}}