{"id":566023,"date":"2026-07-02T11:40:18","date_gmt":"2026-07-02T11:40:18","guid":{"rendered":"https:\/\/www.europesays.com\/it\/566023\/"},"modified":"2026-07-02T11:40:18","modified_gmt":"2026-07-02T11:40:18","slug":"sandro-tonali-al-tottenham-de-zerbi-ha-gran-parte-del-merito-video","status":"publish","type":"post","link":"https:\/\/www.europesays.com\/it\/566023\/","title":{"rendered":"Sandro Tonali al Tottenham: &#8216;De Zerbi ha gran parte del merito&#8217;. Video"},"content":{"rendered":"<p>Sandro <strong>Tonali<\/strong> si prepara a diventare un nuovo giocatore del <strong>Tottenham<\/strong>. Il centrocampista italiano si trasferir\u00e0 nella squadra di Roberto De Zerbi dal <strong>Newcastle<\/strong> per <strong>100 milioni di sterline, equivalenti a circa 116 milioni di euro<\/strong>, diventando cos\u00ec l&#8217;italiano pi\u00f9 costoso di sempre. L&#8217;ex Milan \u00e8 partito per Londra con la moglie Giulia Pastore, Giuseppe Riso e l&#8217;agente\u00a0Fifa Marianna Mecacci. <strong>Intervistato da Sky Sport<\/strong>, il centrocampista ha parlato della trattativa:\u00a0&#8220;<strong>\u00c8 stata un po&#8217; lunga. Avevamo una specie di accordo con il Newcastle<\/strong>, abbiamo parlato tutti i giorni e ce l&#8217;abbiamo fatta. Loro volevano il mio meglio, noi volevamo l&#8217;affare migliore per loro. Ci siamo lasciati in ottimi rapporti, siamo felici tutti e io sono pronto a questa nuova avventura. <strong>Perch\u00e9 Tottenham? De Zerbi ha avuto un grande ruolo in questo<\/strong> e poi \u00e8 una scelta di vita e di famiglia dopo tre anni a Newcastle. <strong>De Zerbi ha gran parte del merito<\/strong>, lo ha fatto non solamente da bresciano e da amico ma anche da grande lavoratore, si sta impegnando in questo&#8221;.<\/p>\n<p>\t\t\t<a class=\"c-inline-card j-inline-card c-inline-card--with-image\" href=\"https:\/\/sport.sky.it\/calciomercato\/calciomercato-giocatori-italiani-piu-costosi\" rel=\"follow nofollow noopener\" data-intcmp=\"skysport_articolo_approfondimenti_inline\" target=\"_blank\"><\/p>\n<p>\t\t\t         <img decoding=\"async\" crossorigin=\"anonymous\" alt=\"\" src=\"https:\/\/www.europesays.com\/it\/wp-content\/uploads\/2026\/07\/ansa_tonali_gol_italia_irlanda_del_nord.jpg\"  loading=\"lazy\"  bad-src=\"https:\/\/www.europesays.com\/it\/wp-content\/uploads\/2026\/07\/ansa_tonali_gol_italia_irlanda_del_nord.jpg\"\/><\/p>\n<p>\n\t\t\t         Leggi anche<br \/>\n\t\t\t         Tonali diventa l&#8217;italiano pi\u00f9 costoso di sempre\n\t\t\t      <\/p>\n<p>\t\t\t<\/a><\/p>\n<p>\t\t \t&#8220;Maldini dt dell&#8217;Italia? Lavorare con lui sarebbe una grande emozione&#8221;<\/p>\n<p>Parlando dei suoi obiettivi, Tonali ha poi aggiunto: &#8220;<strong>Andiamo a step: visite e firma e poi partiremo in ritiro<\/strong>. La squadra si former\u00e0 fra un mese perch\u00e9 ora ci sono i Mondiali. Il club arriva da una stagione complicata ma cercheremo di far s\u00ec che tutto vada in maniera positiva&#8221;. Poi sulla Nazionale e la possibilit\u00e0 di ritrovare Maldini come dt: &#8220;<strong>L&#8217;obiettivo \u00e8 quello di tornare ai Mondiali<\/strong>, fa male uscire per la terza volta consecutiva. <strong>Parler\u00f2 con Maldini, lavorare con lui sarebbe una grande emozione<\/strong> anche in Nazionale dopo quanto fatto al Milan: <strong>\u00e8 un grande campione e una persona d&#8217;oro&#8221;<\/strong>.<\/p>\n<p>\t\t\t<a class=\"c-inline-card j-inline-card c-inline-card--with-image\" href=\"https:\/\/sport.sky.it\/calcio\/nazionale\/2026\/07\/01\/maldini-dt-nazionale-news\" rel=\"follow nofollow noopener\" data-intcmp=\"skysport_articolo_approfondimenti_inline\" target=\"_blank\"><\/p>\n<p>\t\t\t         <img decoding=\"async\" crossorigin=\"anonymous\" alt=\"\" src=\"https:\/\/www.europesays.com\/it\/wp-content\/uploads\/2026\/07\/1782992418_513_Ansa_Paolo_Maldini.jpg\"  loading=\"lazy\"  bad-src=\"https:\/\/www.europesays.com\/it\/wp-content\/uploads\/2026\/07\/1782992418_513_Ansa_Paolo_Maldini.jpg\"\/><\/p>\n<p>\n\t\t\t         Leggi anche<br \/>\n\t\t\t         Dt Italia, crescono le quotazioni di Maldini\n\t\t\t      <\/p>\n<p>\t\t\t<\/a><\/p>\n","protected":false},"excerpt":{"rendered":"Sandro Tonali si prepara a diventare un nuovo giocatore del Tottenham. Il centrocampista italiano si trasferir\u00e0 nella squadra&hellip;\n","protected":false},"author":3,"featured_media":566024,"comment_status":"","ping_status":"","sticky":false,"template":"","format":"standard","meta":{"footnotes":"","_share_on_mastodon":"0"},"categories":[6],"tags":[6295,14,8,1537,90,89,32893,7,15,82,9,83,10,32541,13,24868,11,80,84,12,81,85],"class_list":["post-566023","post","type-post","status-publish","format-standard","has-post-thumbnail","category-ultime-notizie","tag-calciomercato-estero","tag-cronaca","tag-headlines","tag-it","tag-italia","tag-italy","tag-newcastle","tag-news","tag-notizie","tag-notizie-di-cronaca","tag-notizie-principali","tag-notiziedicronaca","tag-notizieprincipali","tag-sandro-tonali","tag-titoli","tag-tottenham","tag-ultime-notizie","tag-ultime-notizie-di-cronaca","tag-ultime-notizie-e-news-di-oggi","tag-ultimenotizie","tag-ultimenotiziedicronaca","tag-ultimenotizieenewsdioggi"],"share_on_mastodon":{"url":"","error":""},"_links":{"self":[{"href":"https:\/\/www.europesays.com\/it\/wp-json\/wp\/v2\/posts\/566023","targetHints":{"allow":["GET"]}}],"collection":[{"href":"https:\/\/www.europesays.com\/it\/wp-json\/wp\/v2\/posts"}],"about":[{"href":"https:\/\/www.europesays.com\/it\/wp-json\/wp\/v2\/types\/post"}],"author":[{"embeddable":true,"href":"https:\/\/www.europesays.com\/it\/wp-json\/wp\/v2\/users\/3"}],"replies":[{"embeddable":true,"href":"https:\/\/www.europesays.com\/it\/wp-json\/wp\/v2\/comments?post=566023"}],"version-history":[{"count":0,"href":"https:\/\/www.europesays.com\/it\/wp-json\/wp\/v2\/posts\/566023\/revisions"}],"wp:featuredmedia":[{"embeddable":true,"href":"https:\/\/www.europesays.com\/it\/wp-json\/wp\/v2\/media\/566024"}],"wp:attachment":[{"href":"https:\/\/www.europesays.com\/it\/wp-json\/wp\/v2\/media?parent=566023"}],"wp:term":[{"taxonomy":"category","embeddable":true,"href":"https:\/\/www.europesays.com\/it\/wp-json\/wp\/v2\/categories?post=566023"},{"taxonomy":"post_tag","embeddable":true,"href":"https:\/\/www.europesays.com\/it\/wp-json\/wp\/v2\/tags?post=566023"}],"curies":[{"name":"wp","href":"https:\/\/api.w.org\/{rel}","templated":true}]}}