{"id":566037,"date":"2026-07-02T11:57:18","date_gmt":"2026-07-02T11:57:18","guid":{"rendered":"https:\/\/www.europesays.com\/it\/566037\/"},"modified":"2026-07-02T11:57:18","modified_gmt":"2026-07-02T11:57:18","slug":"temptation-island-2026-la-seconda-puntata-1-luglio","status":"publish","type":"post","link":"https:\/\/www.europesays.com\/it\/566037\/","title":{"rendered":"Temptation Island 2026, la seconda puntata: 1 luglio"},"content":{"rendered":"<p class=\"paragraph\" spellcheck=\"true\">Dopo l\u2019<a href=\"https:\/\/www.gazzetta.it\/spettacolo-tv-gossip\/storie\/25-06-2026\/temptation-island-2026-la-prima-puntata-24-giugno\/\" title=\"Temptation Island 2026, cos&#039;\u00e8 successo nella prima puntata: Sabrina e Giovanni in crisi\" rel=\"nofollow noopener\" target=\"_blank\">ottimo esordio di mercoled\u00ec scorso<\/a>, 24 giugno, che ha incollato davanti al video <b>3.768.000 spettatori<\/b> pari al 28,5% di share, il viaggio nei sentimenti di <b>Temptation Island<\/b> \u00e8 gi\u00e0 entrato nel vivo con la seconda puntata, in onda ieri sera 1 luglio su Canale 5. <a href=\"https:\/\/www.gazzetta.it\/gossip\/30-09-2025\/filippo-bisciglia-e-pamela-camassa-si-sono-lasciati-dopo-17-anni-d-amore.shtml?intcmp=hyperlink-articolo-gazit\" title=\"Filippo Bisciglia e Pamela Camassa si sono lasciati dopo 17 anni d&#039;amore\" rel=\"nofollow noopener\" target=\"_blank\">Filippo Bisciglia<\/a> si \u00e8 ritrovato a gestire una serata ad <b>altissima tensione sentimentale<\/b> (e dialettale), dominata da <b>colpi di testa<\/b> folli, <b>gelosie incontrollabili<\/b> e <b>clamorosi retroscena<\/b> emersi a favore di telecamera. Tra fidanzati in fuga e fal\u00f2 desolatamente vuoti, ecco il riassunto completo di tutto quello che \u00e8 successo nel villaggio pi\u00f9 spiato d&#8217;Italia: oltre ad approfondire la situazione tra\u00a0<b>Sara e Gabriele<\/b> e tra <b>Sabrina e Giovanni<\/b>, la puntata di ieri si \u00e8 concentrata anche su <b>Soraya e Cristian<\/b> e <b>Alessandra e Rosario<\/b>.<\/p>\n","protected":false},"excerpt":{"rendered":"Dopo l\u2019ottimo esordio di mercoled\u00ec scorso, 24 giugno, che ha incollato davanti al video 3.768.000 spettatori pari al&hellip;\n","protected":false},"author":3,"featured_media":566038,"comment_status":"","ping_status":"","sticky":false,"template":"","format":"standard","meta":{"footnotes":"","_share_on_mastodon":"0"},"categories":[1444],"tags":[74265,3383,16840,203,8208,10454,5226,1482,24887,2759,204,8203,1537,90,89,21263,897,4308,8202,19882,24530,311900,2521,6761,13287,9065,989,8205,290306,1886,7045,8204,1673,253,2392,4525],"class_list":["post-566037","post","type-post","status-publish","format-standard","has-post-thumbnail","category-tv","tag-accusandolo","tag-alessandra","tag-cristian","tag-entertainment","tag-falo","tag-fidanzati","tag-fidanzato","tag-gabriele","tag-giada","tag-giovanni","tag-intrattenimento","tag-island","tag-it","tag-italia","tag-italy","tag-letteralmente","tag-programma","tag-protagonisti","tag-puntata","tag-rosario","tag-sabrina","tag-scottante","tag-seconda","tag-seconda-puntata","tag-sera","tag-serata","tag-settimana","tag-single","tag-soraya","tag-successo","tag-telecamere","tag-temptation","tag-temptation-island","tag-tv","tag-video","tag-villaggio"],"share_on_mastodon":{"url":"https:\/\/pubeurope.com\/@it\/116850265324519806","error":""},"_links":{"self":[{"href":"https:\/\/www.europesays.com\/it\/wp-json\/wp\/v2\/posts\/566037","targetHints":{"allow":["GET"]}}],"collection":[{"href":"https:\/\/www.europesays.com\/it\/wp-json\/wp\/v2\/posts"}],"about":[{"href":"https:\/\/www.europesays.com\/it\/wp-json\/wp\/v2\/types\/post"}],"author":[{"embeddable":true,"href":"https:\/\/www.europesays.com\/it\/wp-json\/wp\/v2\/users\/3"}],"replies":[{"embeddable":true,"href":"https:\/\/www.europesays.com\/it\/wp-json\/wp\/v2\/comments?post=566037"}],"version-history":[{"count":0,"href":"https:\/\/www.europesays.com\/it\/wp-json\/wp\/v2\/posts\/566037\/revisions"}],"wp:featuredmedia":[{"embeddable":true,"href":"https:\/\/www.europesays.com\/it\/wp-json\/wp\/v2\/media\/566038"}],"wp:attachment":[{"href":"https:\/\/www.europesays.com\/it\/wp-json\/wp\/v2\/media?parent=566037"}],"wp:term":[{"taxonomy":"category","embeddable":true,"href":"https:\/\/www.europesays.com\/it\/wp-json\/wp\/v2\/categories?post=566037"},{"taxonomy":"post_tag","embeddable":true,"href":"https:\/\/www.europesays.com\/it\/wp-json\/wp\/v2\/tags?post=566037"}],"curies":[{"name":"wp","href":"https:\/\/api.w.org\/{rel}","templated":true}]}}