{"id":566117,"date":"2026-07-02T13:01:11","date_gmt":"2026-07-02T13:01:11","guid":{"rendered":"https:\/\/www.europesays.com\/it\/566117\/"},"modified":"2026-07-02T13:01:11","modified_gmt":"2026-07-02T13:01:11","slug":"vigilanza-rai-lopposizione-si-dimette-in-blocco-lascia-anche-la-presidente-barbara-floridia","status":"publish","type":"post","link":"https:\/\/www.europesays.com\/it\/566117\/","title":{"rendered":"Vigilanza Rai, l&#8217;opposizione si dimette in blocco: lascia anche la presidente Barbara Floridia"},"content":{"rendered":"<p>    di<br \/>\n    Valentina Santarpia<\/p>\n<p class=\"summary-art is-line-h-12\">Si sono dimessi tutti i membri della bicamerale di M5s, Pd, Iv e Avs: \u00abOrganismo svuotato, incapace di esercitare il proprio ruolo di garanzia\u00bb. La presidente Barbara Floridia: \u00abHo dovuto prendere atto che restare e denunciare non \u00e8 servito\u00bb. Gasparri (Fi): \u00abNotizia da fondo classifica\u00bb<\/p>\n<p class=\"chapter-paragraph\">Tutti i componenti di opposizione della commissione di Vigilanza Rai hanno rassegnato le dimissioni.<b>\u00a0Il passo indietro riguarda, quindi, tutti i membri della bicamerale di M5s, Pd, Iv e Avs<\/b>.\u00a0<\/p>\n<p class=\"chapter-paragraph\">Una decisione che segue <a href=\"https:\/\/roma.corriere.it\/notizie\/cronaca\/26_maggio_27\/vigilanza-rai-riunione-due-anni-d30db18c-34cb-4889-bb99-9083bf01cxlk.shtml\" rel=\"nofollow noopener\" target=\"_blank\">il lungo stallo<\/a> che investe la Vigilanza da oltre un anno, con la maggioranza che ha deciso di disertare buona parte dell&#8217;attivit\u00e0 ordinaria non avendo mai incassato aperture dall&#8217;opposizione per la ratifica di Simona Agnes a presidente della Rai.\u00a0    &#13;<br \/>\n&#13;<br \/>\n&#13;<br \/>\n&#13;<br \/>\n&#13;<br \/>\n&#13;<br \/>\n&#13;<br \/>\n&#13;<br \/>\n&#13;<br \/>\n&#13;<br \/>\n&#13;<br \/>\n&#13;<br \/>\n&#13;<br \/>\n&#13;<br \/>\n&#13;<br \/>\n&#13;<br \/>\n&#13;<br \/>\n&#13;<br \/>\n&#13;<br \/>\n&#13;<br \/>\n&#13;<br \/>\n&#13;<br \/>\n&#13;<br \/>\n&#13;<br \/>\n&#13;<br \/>\n&#13;<br \/>\n&#13;<br \/>\n&#13;<br \/>\n&#13;<br \/>\n&#13;<br \/>\n&#13;<br \/>\n&#13;<br \/>\n&#13;<br \/>\n&#13;<br \/>\n&#13;<br \/>\n&#13;<br \/>\n&#13;<br \/>\n&#13;<br \/>\n&#13;<br \/>\n&#13;<br \/>\n&#13;<br \/>\n&#13;<br \/>\n&#13;<br \/>\n&#13;<br \/>\n&#13;<br \/>\n&#13;<br \/>\n&#13;<br \/>\n&#13;<br \/>\n&#13;<br \/>\n&#13;<br \/>\n&#13;<br \/>\n&#13;<br \/>\n&#13;\n<\/p>\n<p class=\"chapter-paragraph\">A fine maggio la commissione aveva indetto una riunione, per scongiurare il prolungato sciopero della fame di Roberto Giachetti, <b>ma i dossier principali erano rimasti congelati.<\/b> La maggioranza continua a negare la possibilit\u00e0 di audizioni che non siano quelle del ministro della Cultura, Alessandro Giuli, e del responsabile della vendita degli immobili Rai.\u00a0<\/p>\n<p class=\"chapter-paragraph\">Sono gli stessi (ormai ex) commissari a spiegare le motivazioni,\u00a0\u00abgravi e strutturali\u00bb della loro decisione,\u00a0\u00abmolto sofferta\u00bb, in una lettera inviata ai presidenti di Camera e Senato: \u00abLa decisione \u00e8 stata assunta come estrema ratio di fronte al punto di non ritorno in cui si trova oggi la Commissione parlamentare\u00bb, scrivono. Secondo i consiglieri dimissionari,<b> quella che \u00e8 emersa negli ultimi anni \u00e8 \u00abl\u2019idea di una RAI \u201cpertinenza\u201d di una maggioranza, e non come bene comune dei cittadini\u00bb<\/b>. A queste condizioni, \u00abnon \u00e8 pi\u00f9 possibile restare in Commissione in quanto \u00e8 venuta meno proprio la parola \u201cvigilanza\u201d. Un organismo svuotato, incapace di esercitare il proprio ruolo di garanzia, \u00e8 di fatto diventato complice del declino della pi\u00f9 grande azienda culturale del Paese\u00bb, scrivono gli onorevoli Stefano Graziano (Pd),\u00a0Dario Carotenuto (M5S),\u00a0Angelo Bonelli (Avs),\u00a0Peppe De Cristofaro (Avs),\u00a0Maria Elena Boschi (Iv),\u00a0Ouidad Bakkali,\u00a0Antonio Nicita,\u00a0Vinicio Peluffo,\u00a0Nico Stumpo,\u00a0Francesco Verducci (tutti del Pd),\u00a0Gaetano Amato,\u00a0Dolores Bevilacqua,\u00a0Anna Laura Orrico (del M5S),\u00a0Anna Maria Furlan,\u00a0Dafne Musolino (di Iv). Lascia anche la presidente Barbara Floridia (M5S): \u00abHo dovuto prendere atto che restare e denunciare non \u00e8 servito\u00bb.\u00a0\u00a0<\/p>\n<p class=\"chapter-paragraph\">Entrando nel merito dei lavori della commissione, \u00abla perdurante paralisi delle attivit\u00e0 dovuta a ragioni tutte interne alle forze politico parlamentari della maggioranza, <b>ha di fatto svilito il ruolo della Commissione e inferto un ulteriore durissimo colpo all\u2019azienda Rai\u00bb, secondo i consiglieri di opposizione.<\/b> Paralisi \u00abdovuta ad un atto di arroganza della stessa maggioranza con l\u2019indicazione di un Presidente a dispetto del quadro normativo e di ogni forma di buonsenso. Una forzatura che ha innescato il \u201csequestro politico\u201d della Commissione impendendone il normale funzionamento\u00bb.\u00a0<\/p>\n<p class=\"chapter-paragraph\">Gli aspetti di cui si rammaricano sono diversi: \u00abRegistriamo da anni un costante calo degli ascolti e <b>una oggettiva perdita di credibilit\u00e0 della Rai<\/b>\u00bb. Inoltre riferiscono di assistere da anni alla \u00abmortificazione del personale e del merito. Si \u00e8 imposto un sistema fondato sulla fedelt\u00e0 e sulla appartenenza ideologica,<b> ostentata come motivo di orgoglio trasformandola in \u201cmetodo\u201d di governance aziendale\u00bb<\/b>.\u00a0<b>Si sono cancellati- rilevano \u00abprogrammi di richiamo per il pubblico <\/b>senza addurre spiegazioni e si \u00e8 presa di mira una rete Rai esclusivamente per ragioni ideologiche\u00bb. Secondo i commissari di opposizione \u00abla RAI ha, purtroppo, progressivamente <b>rinunciato al suo compito istituzionale di far crescere culturalmente il Paese,<\/b> il giornalismo di inchiesta \u00e8 stato marginalizzato, i programmi di approfondimento svuotati, gli spazi di confronto plurale ridotti\u00bb.<\/p>\n<p class=\"chapter-paragraph\">Dal punto di vista normativo \u00abil quadro si \u00e8 ulteriormente aggravato con la precisa volont\u00e0 del Governo e delle forze di maggioranza di non adottare il Media Freedom Act a tutela dell\u2019indipendenza e del pluralismo dell\u2019informazione. <b>Un vuoto normativo che ha consentito l\u2019occupazione dell\u2019azienda con una gestione politica e \u201cproprietaria\u201d<\/b>. Uno smantellamento sistematico della funzione pubblica della Rai accompagnata dalla volont\u00e0 di cancellarne, anche simbolicamente, la storia come nella vicenda della vendita degli immobili\u00bb. Tutti \u00abtasselli di un unico, pericoloso puzzle\u00bb, concludono, che li hanno portati a rassegnare,\u00a0\u00abcon effetto immediato\u00bb, le dimissioni dall&#8217;incarico.\u00a0<\/p>\n<p class=\"chapter-paragraph\">\u00ab\u00c8 una decisione sofferta, ma necessaria e inevitabile\u00bb, scrive sui suoi canali social la senatrice M5s Barbara Floridia. \u00abHo dovuto prendere atto che restare e denunciare non \u00e8 servito. Non mi resta che dare un segnale forte dinnanzi all&#8217;arroganza e all&#8217;uso spregiudicato che questa maggioranza fa delle istituzioni e delle Commissioni parlamentari. Sento vivo dentro di me l&#8217;onore e la disciplina che si devono al ruolo che rappresento, per queste ragioni non posso restare a guardare impotente. Finch\u00e9 ho potuto &#8211; spiega &#8211; ho cercato in tutti i modi di permettere alla Commissione di funzionare, ho cercato il dialogo, ho resistito alle provocazioni, agli ostacoli. Ho lottato con tutte le mie forze per consentire a un organo di garanzia del Parlamento di svolgere le proprie funzioni. Ho tentato in ogni modo di difendere il diritto dei cittadini ad avere una Commissione che si occupasse davvero del Servizio pubblico.<b> Ho denunciato anche pubblicamente con molto ardore.<\/b> Ma \u00e8 ormai evidente che a questa maggioranza mancano alcuni presupposti molto importanti: il rispetto delle prerogative della minoranza, il rispetto delle istituzioni pi\u00f9 in generale e delle regole che disciplinano il funzionamento degli organi parlamentari\u00bb.\u00a0<\/p>\n<p class=\"chapter-paragraph\"><b>Che accadr\u00e0 ora? <\/b>\u00abI presidenti La Russa e Fontana faranno delle valutazioni -dice il senatore FI e componente della vigilanza Rai<b> Maurizio Gasparri <\/b>&#8211; Del resto, la paralisi \u00e8 colpa della sinistra e della sua pregiudizievole opposizione alla designazione della Agnes, persona indipendente dai partiti, mentre la minoranza di centrodestra anni fa accett\u00f2 Petruccioli, e fu un&#8217;ottimo presidente della Rai\u00bb. <b>Nel mondo \u00abc&#8217;\u00e8 una classifica di importanza di ci\u00f2 che succede<\/b> -chiosa poi Gasparri- Sono sempre i palinsesti che dettano la vita delle persone. Domani la Rai presenta i suoi palinsesti: ecco, loro hanno voluto far parte dei palinsesti\u00bb.<\/p>\n<p class=\"chapter-paragraph\">Articolo in aggiornamento&#8230;<\/p>\n<p class=\"is-mr-t-20 is-mr-b-20\"><b><br \/>\n                    <a href=\"https:\/\/roma.corriere.it\/?intcmp=Notizielocali_nd_010623_corriere_ss_roma\" target=\"_blank\" rel=\"nofollow noopener\">Vai a tutte le notizie di Roma<\/a><br \/>\n            <\/b><\/p>\n<p class=\"chapter-paragraph\"><b><a href=\"https:\/\/www.corriere.it\/newsletter\/?theme=52&amp;intcmp=NL-artic_nd_050624_corriere_ss_roma\" target=\"_blank\" rel=\"nofollow noopener\">Iscriviti alla newsletter di Corriere Roma<\/a><\/b><\/p>\n<p class=\"is-last-update\" datetime=\"2026-07-02T14:59:29+02:00\">2 luglio 2026 ( modifica il 2 luglio 2026 | 14:59)<\/p>\n<p class=\"is-copyright\">\n            \u00a9 RIPRODUZIONE RISERVATA\n        <\/p>\n","protected":false},"excerpt":{"rendered":"di Valentina Santarpia Si sono dimessi tutti i membri della bicamerale di M5s, Pd, Iv e Avs: \u00abOrganismo&hellip;\n","protected":false},"author":3,"featured_media":566118,"comment_status":"","ping_status":"","sticky":false,"template":"","format":"standard","meta":{"footnotes":"","_share_on_mastodon":"0"},"categories":[79],"tags":[6050,150565,1498,1026,311953,311954,23660,4072,24245,202317,311955,311967,311968,311969,1330,1064,7972,2320,1416,14,93,94,1368,311970,51186,311956,476,61222,1907,311957,311958,49538,311971,311972,202314,311959,311960,769,21293,2779,14781,98383,311973,311974,6355,1537,90,89,22,7,219636,15,18155,62760,8004,311961,311962,135,311963,311964,13977,2848,14751,311965,311966,138,63596,11,84,91,12,85,92,93093],"class_list":["post-566117","post","type-post","status-publish","format-standard","has-post-thumbnail","category-italia","tag-anna","tag-arroganza","tag-attivita","tag-atto","tag-atto-restare","tag-atto-restare-denunciare","tag-avs","tag-azienda","tag-barbara","tag-barbara-floridia","tag-barbara-floridia-dovuto","tag-bicamerale","tag-bicamerale-pd","tag-bicamerale-pd-iv","tag-cercato","tag-cittadini","tag-commissari","tag-commissione","tag-consiglieri","tag-cronaca","tag-cronaca-italiana","tag-cronacaitaliana","tag-decisione","tag-decisione-sofferta","tag-denunciare","tag-denunciare-servito","tag-dimissioni","tag-dovuta","tag-dovuto","tag-dovuto-prendere","tag-dovuto-prendere-atto","tag-esercitare","tag-esercitare-ruolo","tag-esercitare-ruolo-garanzia","tag-floridia","tag-floridia-dovuto","tag-floridia-dovuto-prendere","tag-forze","tag-funzionamento","tag-garanzia","tag-immobili","tag-incapace","tag-incapace-esercitare","tag-incapace-esercitare-ruolo","tag-istituzioni","tag-it","tag-italia","tag-italy","tag-maggioranza","tag-news","tag-normativo","tag-notizie","tag-opposizione","tag-parlamentari","tag-prendere","tag-prendere-atto","tag-prendere-atto-restare","tag-presidente","tag-presidente-barbara","tag-presidente-barbara-floridia","tag-ragioni","tag-rai","tag-restare","tag-restare-denunciare","tag-restare-denunciare-servito","tag-ruolo","tag-servito","tag-ultime-notizie","tag-ultime-notizie-e-news-di-oggi","tag-ultime-notizie-italia","tag-ultimenotizie","tag-ultimenotizieenewsdioggi","tag-ultimenotizieitalia","tag-vigilanza"],"share_on_mastodon":{"url":"","error":"Validation failed: Text character limit of 500 exceeded"},"_links":{"self":[{"href":"https:\/\/www.europesays.com\/it\/wp-json\/wp\/v2\/posts\/566117","targetHints":{"allow":["GET"]}}],"collection":[{"href":"https:\/\/www.europesays.com\/it\/wp-json\/wp\/v2\/posts"}],"about":[{"href":"https:\/\/www.europesays.com\/it\/wp-json\/wp\/v2\/types\/post"}],"author":[{"embeddable":true,"href":"https:\/\/www.europesays.com\/it\/wp-json\/wp\/v2\/users\/3"}],"replies":[{"embeddable":true,"href":"https:\/\/www.europesays.com\/it\/wp-json\/wp\/v2\/comments?post=566117"}],"version-history":[{"count":0,"href":"https:\/\/www.europesays.com\/it\/wp-json\/wp\/v2\/posts\/566117\/revisions"}],"wp:featuredmedia":[{"embeddable":true,"href":"https:\/\/www.europesays.com\/it\/wp-json\/wp\/v2\/media\/566118"}],"wp:attachment":[{"href":"https:\/\/www.europesays.com\/it\/wp-json\/wp\/v2\/media?parent=566117"}],"wp:term":[{"taxonomy":"category","embeddable":true,"href":"https:\/\/www.europesays.com\/it\/wp-json\/wp\/v2\/categories?post=566117"},{"taxonomy":"post_tag","embeddable":true,"href":"https:\/\/www.europesays.com\/it\/wp-json\/wp\/v2\/tags?post=566117"}],"curies":[{"name":"wp","href":"https:\/\/api.w.org\/{rel}","templated":true}]}}