{"id":566260,"date":"2026-07-02T15:04:19","date_gmt":"2026-07-02T15:04:19","guid":{"rendered":"https:\/\/www.europesays.com\/it\/566260\/"},"modified":"2026-07-02T15:04:19","modified_gmt":"2026-07-02T15:04:19","slug":"formazioni-spagna-austria-le-ultime-sulla-partita-e-dove-vederla-in-tv-e-in-streaming","status":"publish","type":"post","link":"https:\/\/www.europesays.com\/it\/566260\/","title":{"rendered":"Formazioni Spagna-Austria: le ultime sulla partita e dove vederla in tv e in streaming"},"content":{"rendered":"<p data-testid=\"article-teaser\">La favoritissima Spagna affronta l&#8217;Austria nei sedicesimi di finale dei Mondiali, Lamine Yamal guida le Furie Rosse: le ultime sulle formazioni e dove vedere la partita in TV e streaming.<\/p>\n<p><img loading=\"lazy\" decoding=\"async\" src=\"https:\/\/www.europesays.com\/it\/wp-content\/uploads\/2026\/06\/tWJpSRBaQUYeHeHom-XqI.png\" alt=\"crest\" width=\"20\" height=\"20\"\/>SPA<img loading=\"lazy\" decoding=\"async\" src=\"https:\/\/www.europesays.com\/it\/wp-content\/uploads\/2026\/06\/T19ICnLoV3-NAua3l6-zj.png\" alt=\"crest\" width=\"20\" height=\"20\"\/>AUT<\/p>\n<p>La Spagna, strafavorita e tra le pretendenti pi\u00f9 accreditate al titolo mondiale, affronta l&#8217;Austria nei sedicesimi di finale.<\/p>\n<p>Le Furie Rosse arrivano all&#8217;appuntamento imbattute e senza avere ancora subito un goal durante la fase a gironi, anche se al debutto non sono andate oltre lo 0-0 contro Capo Verde. Lamine Yamal, ormai completamente recuperato, sar\u00e0 in campo dal 1&#8242; e cercher\u00e0 di rispondere agli altri campioni che stanno brillando in questi Mondiali. Insieme a lui Baena e Oyarzabal. Nelle file dell&#8217;Austria, invece, Rangnick punta sull&#8217;esperienza di Arnautovic ma il faro del gioco \u00e8 sempre Sabitzer.<\/p>\n<p><b><strong>DOVE VEDERE LA PARTITA IN TV E STREAMING<\/strong><\/b><\/p>\n<p>Spagna-Austria, gara valida per i sedicesimi di finale dei Mondiali, si gioca gioved\u00ec 2 luglio al Los Angeles Stadium di Inglewood con fischio d&#8217;inizio fissato alle ore 21.00 italiane. La gara verr\u00e0 trasmessa da DAZN ma sar\u00e0 visibile anche in diretta e in chiaro per tutti sulla Rai, in particolare su Rai 1.<\/p>\n","protected":false},"excerpt":{"rendered":"La favoritissima Spagna affronta l&#8217;Austria nei sedicesimi di finale dei Mondiali, Lamine Yamal guida le Furie Rosse: le&hellip;\n","protected":false},"author":3,"featured_media":566261,"comment_status":"","ping_status":"","sticky":false,"template":"","format":"standard","meta":{"footnotes":"","_share_on_mastodon":"0"},"categories":[1452],"tags":[8236,721,100612,1740,1537,90,89,1739,6059,311982,125409,311983,245,244,32959],"class_list":["post-566260","post","type-post","status-publish","format-standard","has-post-thumbnail","category-calcio","tag-austria","tag-calcio","tag-coppa-del-mondo","tag-football","tag-it","tag-italia","tag-italy","tag-soccer","tag-spagna","tag-spagna-vs-austria","tag-spain","tag-spain-vs-austria","tag-sport","tag-sports","tag-world-cup"],"share_on_mastodon":{"url":"https:\/\/pubeurope.com\/@it\/116851001204192475","error":""},"_links":{"self":[{"href":"https:\/\/www.europesays.com\/it\/wp-json\/wp\/v2\/posts\/566260","targetHints":{"allow":["GET"]}}],"collection":[{"href":"https:\/\/www.europesays.com\/it\/wp-json\/wp\/v2\/posts"}],"about":[{"href":"https:\/\/www.europesays.com\/it\/wp-json\/wp\/v2\/types\/post"}],"author":[{"embeddable":true,"href":"https:\/\/www.europesays.com\/it\/wp-json\/wp\/v2\/users\/3"}],"replies":[{"embeddable":true,"href":"https:\/\/www.europesays.com\/it\/wp-json\/wp\/v2\/comments?post=566260"}],"version-history":[{"count":0,"href":"https:\/\/www.europesays.com\/it\/wp-json\/wp\/v2\/posts\/566260\/revisions"}],"wp:featuredmedia":[{"embeddable":true,"href":"https:\/\/www.europesays.com\/it\/wp-json\/wp\/v2\/media\/566261"}],"wp:attachment":[{"href":"https:\/\/www.europesays.com\/it\/wp-json\/wp\/v2\/media?parent=566260"}],"wp:term":[{"taxonomy":"category","embeddable":true,"href":"https:\/\/www.europesays.com\/it\/wp-json\/wp\/v2\/categories?post=566260"},{"taxonomy":"post_tag","embeddable":true,"href":"https:\/\/www.europesays.com\/it\/wp-json\/wp\/v2\/tags?post=566260"}],"curies":[{"name":"wp","href":"https:\/\/api.w.org\/{rel}","templated":true}]}}