{"id":566292,"date":"2026-07-02T15:31:17","date_gmt":"2026-07-02T15:31:17","guid":{"rendered":"https:\/\/www.europesays.com\/it\/566292\/"},"modified":"2026-07-02T15:31:17","modified_gmt":"2026-07-02T15:31:17","slug":"mondiali-ronaldo-non-corre-piu-i-numeri-raccontano-il-nuovo-cr7","status":"publish","type":"post","link":"https:\/\/www.europesays.com\/it\/566292\/","title":{"rendered":"Mondiali, Ronaldo non corre pi\u00f9: i numeri raccontano il nuovo CR7"},"content":{"rendered":"<p>                                L&#8217;analisi dei dati atletici della fase a gironi mostra l&#8217;evoluzione del fuoriclasse portoghese. Il confronto con Messi e Modric\u00a0<\/p>\n<p class=\"paragraph\" spellcheck=\"true\">Lontani i tempi in cui Cristiano Ronaldo veniva chiuso in un laboratorio per essere testato come prodigio atletico del genere umano. Sui social ora gira un grafico di Gradient Sport, che ha incrociato i chilometri percorsi camminando e i chilometri percorsi in sprint dagli attaccanti del Mondiale. Cristiano \u00e8 desolatamente in basso a destra: significa che nella fase a gironi ha camminato tanto e corso poco. Con Modric va diversamente ma questo\u2026 lo vedremo tra qualche riga.\u00a0<\/p>\n<p>        <img decoding=\"async\" loading=\"lazy\" alt=\"\" src=\"https:\/\/dimages2.gazzettaobjects.it\/files\/image_527_789_h\/uploads\/2026\/07\/02\/6a465dbc6a0d9.jpeg\" data-full-src=\"https:\/\/www.europesays.com\/it\/wp-content\/uploads\/2026\/07\/6a465dbc6a0d9.jpeg\"\/><\/p>\n<p>    messi cammina di pi\u00f9\u2014 \u00a0<\/p>\n<p class=\"paragraph is-inline\" spellcheck=\"true\">Ci sono stati giorni in cui si cercava di stabilire che tempo avrebbe fatto Ronaldo sui cento metri e 11\u2019\u201960 era considerata una buona approssimazione. Era il 2020. Anni prima, qualcuno aveva fatto stime anche sotto gli 11 secondi. Non \u00e8 pi\u00f9 cos\u00ec. Cristiano logicamente non pu\u00f2 pi\u00f9 essere il giocatore dei 25 anni, e nemmeno quello dei 35. A 41, resta un riferimento per il Portogallo e soprattutto per Roberto Martinez, che non lo toglierebbe dal campo neanche sotto minaccia della polizia americana. CR7 per\u00f2 non ha la clamorosa efficacia di Messi con l\u2019Argentina, cos\u00ec queste ultime settimane sono diventate un fastidioso esercizio di confronto tra chi lo difende &#8211; pochi, con un picco dopo la doppietta all\u2019Uzbekistan &#8211; e chi dice pi\u00f9 o meno chiaramente che Cristiano oggi per il Portogallo \u00e8 un peso. Il dato sui chilometri camminati almeno ha il merito di aggiungere un dato oggettivo, per quanto interpretabile, alla faccia di tutti gli haters e delle parole velenose della sorella Elma, che quando attaccano il fratellino sente sempre il dovere di intervenire. Guardando il grafico, peraltro, si capiscono diverse cose. Che Messi atleticamente fa ancora meno sforzi di Ronaldo: cammina meno e corre meno. Che Ismaila Sarr \u00e8 un prodigio atletico (e del resto, avete visti i primi 80 minuti contro il Belgio?). Che Olise e Mbapp\u00e9 sono due eccellenze dello scatto.\u00a0<\/p>\n<p>        <img decoding=\"async\" loading=\"lazy\" alt=\"\" src=\"https:\/\/dimages2.gazzettaobjects.it\/files\/image_527_789_h\/uploads\/2026\/07\/02\/6a465db8b323b.jpeg\" data-full-src=\"https:\/\/www.europesays.com\/it\/wp-content\/uploads\/2026\/07\/6a465db8b323b.jpeg\"\/><\/p>\n<p>    perch\u00e9 cammina\u2014 \u00a0<\/p>\n<p class=\"paragraph is-inline\" spellcheck=\"true\">Perch\u00e9 Ronaldo fa cos\u00ec? Fa parte dell\u2019evoluzione della specie umana. Da ala \u00e8 diventato centravanti, e questo \u00e8 accaduto tempo fa. Per un po\u2019 ha preferito comunque partire dalla fascia, ora vive in area dove sfrutta le qualit\u00e0 che gli sono rimaste: il grande istinto per questo gioco, il tiro, lo smarcamento. Nessuno gli chiede di rientrare o rincorrere, solo di essere cinico quando serve. Normale cammini molto: si sta preparando a colpire\u2026 o almeno a provarci. Se nel calcio di oggi una nazionale di primo livello possa reggere un calciatore cos\u00ec, \u00e8 una buona domanda per un dibattito.\u00a0<\/p>\n<p><a class=\"is-partner-link\" href=\"https:\/\/abbonamenti.gazzetta.it\/de-promo-mondiali\/?pwcmp=cta&amp;forceBrowser=true\" rel=\"nofollow noopener\" target=\"_blank\">Gazzetta Mondiale: ogni notte un\u2019edizione straordinaria esclusiva. Non perdertela, abbonati a 1\u20ac\/mese!<\/a><\/p>\n<p>    modric nella media\u2014 \u00a0<\/p>\n<p class=\"paragraph is-inline\" spellcheck=\"true\">Cristiano alle 2 di notte italiane giocher\u00e0 contro la Croazia e contro Luka Modric, che \u00e8 nato sette mesi dopo di lui. Luka in quello stesso grafico su sprint e chilometri camminati \u00e8 in una posizione diversa: al centro del quadro. Al rientro dall\u2019infortunio, Luka ha ancora il fisico per correre a destra e a sinistra ad alta velocit\u00e0\u2026 e questo un po\u2019 sorprende. Ayari, che a 22 anni \u00e8 diventato un titolare della Svezia, ha dati di sprint appena superiori. Jo\u00e3o Neves, che incontrer\u00e0 questa notte, ha sprintato meno di lui (e anche considerando la ventina di minuti passati in meno sul campo, \u00e8 uno spunto). Come fa Modric ad avere ancora dati cos\u00ec buoni? Certo la preparazione lo aiuta, certo il sistema della Croazia gli chiede sforzi maggiori di quelli del Milan, ma chi chiede ai suoi ex allenatori e ai compagni perch\u00e9 Luka sia ancora cos\u00ec attivo a quarant\u2019anni riceve sempre la stessa risposta: la passione.<\/p>\n<p class=\"is-copyright\">\u00a9 RIPRODUZIONE RISERVATA<\/p>\n","protected":false},"excerpt":{"rendered":"L&#8217;analisi dei dati atletici della fase a gironi mostra l&#8217;evoluzione del fuoriclasse portoghese. Il confronto con Messi e&hellip;\n","protected":false},"author":3,"featured_media":566293,"comment_status":"","ping_status":"","sticky":false,"template":"","format":"standard","meta":{"footnotes":"","_share_on_mastodon":"0"},"categories":[1452],"tags":[839,5358,6090,721,110991,312010,921,475,2225,312011,312012,2491,3450,6101,7144,728,1277,3177,19830,313,83249,1740,10968,16932,1537,90,89,18569,59,3479,5904,4476,24797,17294,53107,312013,1956,4181,1739,245,244,6228],"class_list":["post-566292","post","type-post","status-publish","format-standard","has-post-thumbnail","category-calcio","tag-almeno","tag-atletico","tag-buona","tag-calcio","tag-cammina","tag-camminati","tag-campo","tag-chiede","tag-chilometri","tag-chilometri-camminati","tag-chilometri-percorsi","tag-confronto","tag-corre","tag-cristiano","tag-croazia","tag-dati","tag-dato","tag-destra","tag-evoluzione","tag-fase","tag-fase-gironi","tag-football","tag-gironi","tag-grafico","tag-it","tag-italia","tag-italy","tag-luka","tag-messi","tag-minuti","tag-modric","tag-notte","tag-percorsi","tag-portogallo","tag-prodigio","tag-prodigio-atletico","tag-ronaldo","tag-sforzi","tag-soccer","tag-sport","tag-sports","tag-sprint"],"share_on_mastodon":{"url":"https:\/\/pubeurope.com\/@it\/116851107232936272","error":""},"_links":{"self":[{"href":"https:\/\/www.europesays.com\/it\/wp-json\/wp\/v2\/posts\/566292","targetHints":{"allow":["GET"]}}],"collection":[{"href":"https:\/\/www.europesays.com\/it\/wp-json\/wp\/v2\/posts"}],"about":[{"href":"https:\/\/www.europesays.com\/it\/wp-json\/wp\/v2\/types\/post"}],"author":[{"embeddable":true,"href":"https:\/\/www.europesays.com\/it\/wp-json\/wp\/v2\/users\/3"}],"replies":[{"embeddable":true,"href":"https:\/\/www.europesays.com\/it\/wp-json\/wp\/v2\/comments?post=566292"}],"version-history":[{"count":0,"href":"https:\/\/www.europesays.com\/it\/wp-json\/wp\/v2\/posts\/566292\/revisions"}],"wp:featuredmedia":[{"embeddable":true,"href":"https:\/\/www.europesays.com\/it\/wp-json\/wp\/v2\/media\/566293"}],"wp:attachment":[{"href":"https:\/\/www.europesays.com\/it\/wp-json\/wp\/v2\/media?parent=566292"}],"wp:term":[{"taxonomy":"category","embeddable":true,"href":"https:\/\/www.europesays.com\/it\/wp-json\/wp\/v2\/categories?post=566292"},{"taxonomy":"post_tag","embeddable":true,"href":"https:\/\/www.europesays.com\/it\/wp-json\/wp\/v2\/tags?post=566292"}],"curies":[{"name":"wp","href":"https:\/\/api.w.org\/{rel}","templated":true}]}}