{"id":566320,"date":"2026-07-02T15:53:12","date_gmt":"2026-07-02T15:53:12","guid":{"rendered":"https:\/\/www.europesays.com\/it\/566320\/"},"modified":"2026-07-02T15:53:12","modified_gmt":"2026-07-02T15:53:12","slug":"matteo-berrettini-nuovo-flirt-dopo-vanessa-bellini-lindizio-social","status":"publish","type":"post","link":"https:\/\/www.europesays.com\/it\/566320\/","title":{"rendered":"Matteo Berrettini, nuovo flirt dopo Vanessa Bellini? L&#8217;indizio social"},"content":{"rendered":"<p>                                Un semplice dettaglio su Instagram accende il gossip: ecco chi \u00e8 la presunta nuova fiamma<\/p>\n<p>                    2 luglio &#8211; 16:17  &#8211; MILANO<\/p>\n<p class=\"paragraph\" spellcheck=\"true\">Le <a href=\"https:\/\/www.gazzetta.it\/spettacolo-tv-gossip\/17-06-2026\/matteo-berrettini-e-vanessa-bellini-hanno-smesso-di-seguirsi-su-instagram.shtml?intcmp=hyperlink-articolo-gazit\" target=\"_blank\" rel=\"nofollow noopener\">indiscrezioni sulla rottura<\/a> tra <b>Matteo Berrettini e l&#8217;ex fidanzataVanessa Bellini<\/b> si rincorrevano da tempo, ma a quanto pare il <a href=\"https:\/\/www.gazzetta.it\/active\/24-04-2025\/matteo-berrettini-come-mi-alleno-la-dieta-e-cosa-faccio-in-vacanza.shtml?intcmp=hyperlink-articolo-gazit\" title=\"Matteo Berrettini: &quot;Allenamento un po&#039; diverso dopo gli infortuni e in vacanza amo essere attivo&quot;\" target=\"_blank\" rel=\"nofollow noopener\">tennista romano<\/a>\u00a0avrebbe gi\u00e0 voltato pagina. Gli indizi social, intercettati dai fan pi\u00f9 attenti, puntano dritti a una nuova, potenziale fiamma: la dj e produttrice sudcoreana <a href=\"https:\/\/www.gazzetta.it\/fitness\/storie\/02-08-2023\/peggy-gou-la-sexy-dj-tra-palestra-cibo-sano-e-un-fisico-da-top-model\/dj-e-stilista.shtml\" target=\"_blank\" rel=\"nofollow noopener\">Peggy Gou<\/a>.\u00a0Il dettaglio che li ha incastrati? Un tiramis\u00f9 su Instagram.<\/p>\n<p>        Matteo Berrettini a cena con\u00a0Peggy Gou\u2014 \u00a0<\/p>\n<p class=\"paragraph\" spellcheck=\"true\">Tecnicamente, Matteo Berrettini e Peggy Gou non posano insieme in nessuna foto. Sui rispettivi canali Instagram, tuttavia, compare un dessert praticamente identico: un <b>sontuoso tiramis\u00f9<\/b> servito nella stessa ciotola di ceramica, fotografato con un&#8217;inquadratura molto simile e nella medesima atmosfera. Anche le tempistiche si incastrerebbero a perfezione, e in una storia pi\u00f9 recente, lei mostra un portachiavi a forma di <b>racchetta e palla da tennis<\/b>. Dai diretti interessati per il momento tutto tace, ma la\u00a0serie di coincidenze \u00e8 talmente eloquente da lasciare poco spazio all&#8217;immaginazione. Il tennista e la dj hanno\u00a0<b>trascorso la serata insieme?<\/b><\/p>\n<p>        Matteo Berrettini e Vanessa Bellini, amore al capolinea?\u2014 \u00a0<\/p>\n<p class=\"paragraph\" spellcheck=\"true\">Tutto \u00e8 accaduto rapidamente, mentre Berrettini era impegnato a Torino con gli <a href=\"https:\/\/www.gazzetta.it\/Tennis\/atp\/slam\/wimbledon\/14-06-2026\/berrettini-verso-wimbledon-si-allena-a-torino-e-spera-in-un-wild-card.shtml?intcmp=hyperlink-articolo-gazit\" target=\"_blank\" rel=\"nofollow noopener\">allenamenti per Wimbledon<\/a> e Vanessa era con il corpo di ballo di <a href=\"https:\/\/www.gazzetta.it\/spettacolo\/15-09-2025\/tiziano-ferro-torna-live-negli-stadi-il-tour-di-concerti-nel-2026.shtml?intcmp=hyperlink-articolo-gazit\" target=\"_blank\" rel=\"nofollow noopener\">Tiziano Ferro per il suo nuovo tour<\/a>. Alcuni fan hanno notato che, di punto in bianco, i due hanno semplicemente\u00a0<b><a href=\"https:\/\/www.gazzetta.it\/spettacolo-tv-gossip\/17-06-2026\/matteo-berrettini-e-vanessa-bellini-hanno-smesso-di-seguirsi-su-instagram.shtml\" target=\"_blank\" rel=\"nofollow noopener\">smesso di seguirsi su Instagram<\/a><\/b>. E poco dopo, Vanessa ha tolto il follow anche a <b>Jacopo Berrettini<\/b>, fratello di Matteo, <a href=\"https:\/\/www.gazzetta.it\/Tennis\/ATP\/25-04-2025\/internazionali-d-italia-i-fratelli-berrettini-insieme-in-doppio-un-sogno-che-si-avvera.shtml?intcmp=hyperlink-articolo-gazit\" target=\"_blank\" rel=\"nofollow noopener\">anche lui tennista<\/a>.<\/p>\n<p><a class=\"is-partner-link\" href=\"https:\/\/abbonamenti.gazzetta.it\/de-promo-mondiali\/?pwcmp=cta&amp;forceBrowser=true\" rel=\"nofollow noopener\" target=\"_blank\">Gazzetta Mondiale: ogni notte un\u2019edizione straordinaria esclusiva. Non perdertela, abbonati a 1\u20ac\/mese!<\/a><\/p>\n<p>        Chi \u00e8 Peggy Gou\u2014 \u00a0<\/p>\n<p class=\"paragraph\" spellcheck=\"true\">Classe 1991, Kim Min-ji (nome di battesimo di Peggy Gou), \u00e8 nata in Corea del Sud. A 14 anni si \u00e8 trasferita in Regno Unito per studiare\u00a0moda al London College of Fashion. Proprio a Londra ha iniziato a lavorare come corrispondente di Harper&#8217;s Bazaar. Ha cominciato a studiare il pianoforte a 8 anni; poi mentre era in Inghilterra ha deciso di dedicarsi alla musica e, per inseguire il suo sogno, si \u00e8 <b>trasferita a Berlino<\/b> dove ha dato inizio alla <b>carriera da dj<\/b>\u00a0che l&#8217;ha portata a essere la prima donna coreana a esibirsi al Berghain. Ha anche lanciato collezioni di fashion streetwear e fondato l&#8217;etichetta Gudu Records. Oggi \u00e8 una delle producer e disc jockey pi\u00f9 rilevanti e corteggiate del pianeta. Tra i suoi brani di maggior successo c&#8217;\u00e8 (It Goes Like) Nanana, diventato virale nel 2023.<\/p>\n<p class=\"is-above-copyright is-mr-r-10\" spellcheck=\"true\">La Gazzetta dello Sport<\/p>\n<p class=\"is-copyright\">\u00a9 RIPRODUZIONE RISERVATA<\/p>\n","protected":false},"excerpt":{"rendered":"Un semplice dettaglio su Instagram accende il gossip: ecco chi \u00e8 la presunta nuova fiamma 2 luglio &#8211;&hellip;\n","protected":false},"author":3,"featured_media":566321,"comment_status":"","ping_status":"","sticky":false,"template":"","format":"standard","meta":{"footnotes":"","_share_on_mastodon":"0"},"categories":[1457],"tags":[500,312036,312037,2108,312038,312039,20445,3049,26599,2215,5700,8895,3060,312033,230,1537,90,89,114,3050,273,82236,312034,1686,245,244,21672,1273,1898,312035,37910,22231],"class_list":["post-566320","post","type-post","status-publish","format-standard","has-post-thumbnail","category-tennis","tag-accaduto","tag-accaduto-rapidamente","tag-accaduto-rapidamente-berrettini","tag-accende","tag-accende-gossip","tag-accende-gossip-presunta","tag-bellini","tag-berrettini","tag-dettaglio","tag-dj","tag-fan","tag-fashion","tag-fiamma","tag-gou","tag-instagram","tag-it","tag-italia","tag-italy","tag-matteo","tag-matteo-berrettini","tag-nuova","tag-peggy","tag-peggy-gou","tag-social","tag-sport","tag-sports","tag-studiare","tag-tennis","tag-tennista","tag-tiramisu","tag-trasferita","tag-vanessa"],"share_on_mastodon":{"url":"https:\/\/pubeurope.com\/@it\/116851193245401113","error":""},"_links":{"self":[{"href":"https:\/\/www.europesays.com\/it\/wp-json\/wp\/v2\/posts\/566320","targetHints":{"allow":["GET"]}}],"collection":[{"href":"https:\/\/www.europesays.com\/it\/wp-json\/wp\/v2\/posts"}],"about":[{"href":"https:\/\/www.europesays.com\/it\/wp-json\/wp\/v2\/types\/post"}],"author":[{"embeddable":true,"href":"https:\/\/www.europesays.com\/it\/wp-json\/wp\/v2\/users\/3"}],"replies":[{"embeddable":true,"href":"https:\/\/www.europesays.com\/it\/wp-json\/wp\/v2\/comments?post=566320"}],"version-history":[{"count":0,"href":"https:\/\/www.europesays.com\/it\/wp-json\/wp\/v2\/posts\/566320\/revisions"}],"wp:featuredmedia":[{"embeddable":true,"href":"https:\/\/www.europesays.com\/it\/wp-json\/wp\/v2\/media\/566321"}],"wp:attachment":[{"href":"https:\/\/www.europesays.com\/it\/wp-json\/wp\/v2\/media?parent=566320"}],"wp:term":[{"taxonomy":"category","embeddable":true,"href":"https:\/\/www.europesays.com\/it\/wp-json\/wp\/v2\/categories?post=566320"},{"taxonomy":"post_tag","embeddable":true,"href":"https:\/\/www.europesays.com\/it\/wp-json\/wp\/v2\/tags?post=566320"}],"curies":[{"name":"wp","href":"https:\/\/api.w.org\/{rel}","templated":true}]}}