{"id":56634,"date":"2025-08-19T17:08:15","date_gmt":"2025-08-19T17:08:15","guid":{"rendered":"https:\/\/www.europesays.com\/it\/56634\/"},"modified":"2025-08-19T17:08:15","modified_gmt":"2025-08-19T17:08:15","slug":"lafrica-vorrebbe-cambiare-le-mappe-del-mondo","status":"publish","type":"post","link":"https:\/\/www.europesays.com\/it\/56634\/","title":{"rendered":"L&#8217;Africa vorrebbe cambiare le mappe del mondo"},"content":{"rendered":"<p>Caricamento player<\/p>\n<p>Il 14 agosto l\u2019Unione Africana (l\u2019organizzazione internazionale di cui <a href=\"https:\/\/au.int\/\" rel=\"nofollow noopener\" target=\"_blank\">fanno parte<\/a> tutti i paesi che si trovano in Africa) <a href=\"https:\/\/x.com\/_AfricanUnion\/status\/1956020484627108076\" rel=\"nofollow\">ha annunciato<\/a> che sosterr\u00e0 un\u2019iniziativa per cambiare la cartina usata comunemente per rappresentare il mondo, e che mostra l\u2019Africa pi\u00f9 piccola di come sia in realt\u00e0 in proporzione agli altri continenti.<\/p>\n<p>La gran parte delle cartine del mondo usate oggi (anche quelle online come Google Maps e OpenStreetMap) si basa sulla proiezione di Mercatore, ideata dal cartografo fiammingo <a href=\"https:\/\/www.ilpost.it\/2015\/03\/05\/gerardo-mercatore\/\" rel=\"nofollow noopener\" target=\"_blank\">Gerard Kremer<\/a> nel Sedicesimo secolo (il cui cognome fu latinizzato in Mercator, da cui l\u2019italiano Mercatore). In questa proiezione, pi\u00f9 ci si allontana dall\u2019equatore pi\u00f9 i paesi appaiono grandi rispetto alle loro <a href=\"https:\/\/www.ilpost.it\/2016\/07\/22\/grandezza-paesi\/\" rel=\"nofollow noopener\" target=\"_blank\">dimensioni reali<\/a>: la Groenlandia, per dire, sembra grande come l\u2019Africa, ma in realt\u00e0 \u00e8 quattordici volte pi\u00f9 piccola.<\/p>\n<p>Selma Malika Haddadi, la vicepresidente della Commissione dell\u2019Unione Africana (il suo organo esecutivo), <a href=\"https:\/\/www.reuters.com\/world\/africa\/african-union-urges-adoption-world-map-showing-continents-true-size-2025-08-14\/\" rel=\"nofollow noopener\" target=\"_blank\">ha detto<\/a> che la proiezione di Mercatore ha rafforzato l\u2019idea che l\u2019Africa fosse un continente \u00abmarginale\u00bb, e che questo ha influenzato i media, l\u2019istruzione e la politica.<\/p>\n<p>L\u2019Unione Africana ha sintetizzato il problema in questa immagine, notando come la dimensione reale dell\u2019Africa sia pi\u00f9 grande di quelle di Portogallo, Spagna, Francia, Germania, Stati Uniti, Italia, Per\u00f9, India, Cina, Giappone e Regno Unito messe insieme.<\/p>\n<p>L\u2019Unione Africana ha detto che sosterr\u00e0 <a href=\"https:\/\/correctthemap.org\/\" rel=\"nofollow noopener\" target=\"_blank\">l\u2019iniziativa<\/a> di due organizzazioni, Africa No Filter e Speak Up Africa, per adottare una cartina pi\u00f9 rispettosa delle reali dimensioni dei continenti, basata su un tipo di proiezione diversa, la <a href=\"https:\/\/equal-earth.com\/equal-earth-projection.html\" rel=\"nofollow noopener\" target=\"_blank\">Equal Earth<\/a>, nelle scuole di tutti i paesi africani e nelle organizzazioni di cui questi paesi fanno parte (\u00e8 possibile avere un\u2019idea delle differenze tra le due cartine comparandole <a href=\"https:\/\/map-projections.net\/compare.php?p1=equalearth&amp;p2=mercator-84\" rel=\"nofollow noopener\" target=\"_blank\">su questo sito<\/a>).<\/p>\n<p><strong>\u2013 Leggi anche:<\/strong> <a class=\"leggi-anche\" href=\"https:\/\/www.ilpost.it\/2016\/07\/22\/grandezza-paesi\/?utm_source=ilpost&amp;utm_medium=leggi_anche&amp;utm_campaign=leggi_anche\" rel=\"nofollow noopener\" target=\"_blank\">Quanto sono grandi i paesi del mondo per davvero?<\/a><\/p>\n<p>Riprodurre la Terra su una cartina \u00e8 un processo <a href=\"https:\/\/www.youtube.com\/watch?v=JCLxcJNIU4U\" rel=\"nofollow noopener\" target=\"_blank\">complicato<\/a>, dal momento che \u00e8 necessario rappresentare su un foglio piatto la superficie di quella che nella realt\u00e0 \u00e8, grossomodo, una sfera. La proiezione di Mercatore divent\u00f2 molto popolare nei secoli scorsi perch\u00e9 era la pi\u00f9 pratica da usare nella navigazione, grazie al fatto che le rotte con un angolo costante rispetto al nord apparivano come linee rette e le coste mantenevano forme riconoscibili: da l\u00ec \u00e8 stata usata un po\u2019 dappertutto.<\/p>\n<p>Ora che la navigazione si fa con altri strumenti come il GPS, non ci sono motivi concreti per preferirla ad altre. Il suo uso \u00e8 diventato <a href=\"https:\/\/www.aljazeera.com\/features\/2025\/5\/28\/us-china-india-can-all-fit-into-africa-on-a-quest-to-fix-the-world-map\" rel=\"nofollow noopener\" target=\"_blank\">piuttosto controverso<\/a>, in particolare nelle scuole, perch\u00e9 rafforzerebbe una <a href=\"https:\/\/www.jstor.org\/stable\/42981703?read-now=1&amp;seq=1#page_scan_tab_contents\" rel=\"nofollow noopener\" target=\"_blank\">visione eurocentrica<\/a>, facendo sembrare i paesi del nord del mondo pi\u00f9 grandi e pi\u00f9 rilevanti di quanto siano. In passato diversi geografi hanno proposto rappresentazioni alternative, per correggere queste distorsioni. Alcune organizzazioni internazionali, per esempio la Banca Mondiale, hanno gi\u00e0 iniziato a rimuovere la proiezione di Mercatore nel loro sito e sui loro documenti ufficiali, rimpiazzandola con la Equal Earth e con altre proiezioni meno distorte della Terra.<\/p>\n<p><strong>\u2013 Forse ti interessa anche:<\/strong> <a class=\"leggi-anche\" href=\"https:\/\/www.ilpost.it\/2024\/08\/28\/africa-non-e-un-paese-dipo-faloyin\/?utm_source=ilpost&amp;utm_medium=leggi_anche&amp;utm_campaign=leggi_anche\" rel=\"nofollow noopener\" target=\"_blank\">L\u2019Africa non \u00e8 un paese<\/a><\/p>\n","protected":false},"excerpt":{"rendered":"Caricamento player Il 14 agosto l\u2019Unione Africana (l\u2019organizzazione internazionale di cui fanno parte tutti i paesi che si&hellip;\n","protected":false},"author":3,"featured_media":56635,"comment_status":"","ping_status":"","sticky":false,"template":"","format":"standard","meta":{"footnotes":""},"categories":[160],"tags":[14,164,165,166,7,15,11,167,12,168,161,162,163],"class_list":{"0":"post-56634","1":"post","2":"type-post","3":"status-publish","4":"format-standard","5":"has-post-thumbnail","7":"category-mondo","8":"tag-cronaca","9":"tag-dal-mondo","10":"tag-dalmondo","11":"tag-mondo","12":"tag-news","13":"tag-notizie","14":"tag-ultime-notizie","15":"tag-ultime-notizie-di-mondo","16":"tag-ultimenotizie","17":"tag-ultimenotiziedimondo","18":"tag-world","19":"tag-world-news","20":"tag-worldnews"},"share_on_mastodon":{"url":"","error":""},"_links":{"self":[{"href":"https:\/\/www.europesays.com\/it\/wp-json\/wp\/v2\/posts\/56634","targetHints":{"allow":["GET"]}}],"collection":[{"href":"https:\/\/www.europesays.com\/it\/wp-json\/wp\/v2\/posts"}],"about":[{"href":"https:\/\/www.europesays.com\/it\/wp-json\/wp\/v2\/types\/post"}],"author":[{"embeddable":true,"href":"https:\/\/www.europesays.com\/it\/wp-json\/wp\/v2\/users\/3"}],"replies":[{"embeddable":true,"href":"https:\/\/www.europesays.com\/it\/wp-json\/wp\/v2\/comments?post=56634"}],"version-history":[{"count":0,"href":"https:\/\/www.europesays.com\/it\/wp-json\/wp\/v2\/posts\/56634\/revisions"}],"wp:featuredmedia":[{"embeddable":true,"href":"https:\/\/www.europesays.com\/it\/wp-json\/wp\/v2\/media\/56635"}],"wp:attachment":[{"href":"https:\/\/www.europesays.com\/it\/wp-json\/wp\/v2\/media?parent=56634"}],"wp:term":[{"taxonomy":"category","embeddable":true,"href":"https:\/\/www.europesays.com\/it\/wp-json\/wp\/v2\/categories?post=56634"},{"taxonomy":"post_tag","embeddable":true,"href":"https:\/\/www.europesays.com\/it\/wp-json\/wp\/v2\/tags?post=56634"}],"curies":[{"name":"wp","href":"https:\/\/api.w.org\/{rel}","templated":true}]}}