{"id":566426,"date":"2026-07-02T17:19:17","date_gmt":"2026-07-02T17:19:17","guid":{"rendered":"https:\/\/www.europesays.com\/it\/566426\/"},"modified":"2026-07-02T17:19:17","modified_gmt":"2026-07-02T17:19:17","slug":"david-puczka-e-un-giocatore-del-genoa-genoa-cricket-and-football-club","status":"publish","type":"post","link":"https:\/\/www.europesays.com\/it\/566426\/","title":{"rendered":"David Puczka \u00e8 un giocatore del Genoa &#8211; Genoa Cricket and Football Club"},"content":{"rendered":"<p class=\"wp-block-paragraph\">Genova, 2 luglio 2026 \u2013 Genoa CFC comunica di aver acquisito a titolo definitivo da Juventus FC <strong>la titolarit\u00e0 dei diritti del laterale David Puczka<\/strong>, nato in Austria il 26 gennaio 2005 e tesserato per Juventus Next Generation nella stagione precedente. Il trasferimento ha i crismi dell\u2019esecutivit\u00e0 dopo le visite di idoneit\u00e0, sostenute in data odierna all\u2019interno delle strutture di CDS \u2013 La Tua Casa della Salute.<\/p>\n<p class=\"wp-block-paragraph\">Nel campionato di Serie C Sky Wifi \u201825\/26, girone A, David ha collezionato <strong>31 presenze mettendo il sigillo su 10 reti e 4 assist<\/strong>. Formatosi nell\u2019Academy dell\u2019Admira Wacker, Puczka, 9 presenze e 2 reti con la Nazionale U21 dopo la trafila nelle Under austriache, ha siglato un contratto pluriennale.<\/p>\n<p class=\"wp-block-paragraph\">Lo <strong>Chief of Football Diego Lopez<\/strong>: \u201cDavid \u00e8 un giocatore di prospettiva e adatto alle nostre esigenze tattiche: porta qualit\u00e1 sotto pressione, energia ed elettricit\u00e0 sulle fasce. Viene da un\u2019ottima esperienza in un grande club dove ha dimostrato una grande cultura del lavoro. Benvenuto al Genoa, David!\u201d.<\/p>\n<p class=\"wp-block-paragraph\">Il <strong>nuovo esterno David Puczka<\/strong>: \u201cSono contento di trasferirmi in un club storico del calcio italiano come il Genoa che \u00e8 seguito da una grande passione popolare. Arrivo con l\u2019umilt\u00e0 di mettermi in gioco, nella consapevolezza che il passato \u00e8 il passato, con l\u2019ambizione di dare un contributo significativo e concorrere al raggiungimento degli obiettivi di squadra. Invio un saluto ai sostenitori del Grifone\u201d.<\/p>\n<p><img loading=\"lazy\" decoding=\"async\" width=\"768\" height=\"1024\" data-id=\"71353\" src=\"https:\/\/www.europesays.com\/it\/wp-content\/uploads\/2026\/07\/PHOTO-2026-07-02-17-00-38-768x1024.jpg\" alt=\"\" class=\"wp-image-71353\"  \/><\/p>\n<p><img loading=\"lazy\" decoding=\"async\" width=\"768\" height=\"1024\" data-id=\"71354\" src=\"https:\/\/www.europesays.com\/it\/wp-content\/uploads\/2026\/07\/PHOTO-2026-07-02-17-00-23-1-768x1024.jpg\" alt=\"\" class=\"wp-image-71354\"  \/><\/p>\n","protected":false},"excerpt":{"rendered":"Genova, 2 luglio 2026 \u2013 Genoa CFC comunica di aver acquisito a titolo definitivo da Juventus FC la&hellip;\n","protected":false},"author":3,"featured_media":566427,"comment_status":"","ping_status":"","sticky":false,"template":"","format":"standard","meta":{"footnotes":"","_share_on_mastodon":"0"},"categories":[1452],"tags":[721,65413,310772,1740,6298,310774,1537,90,89,36352,151381,310775,1739,245,244,311890],"class_list":["post-566426","post","type-post","status-publish","format-standard","has-post-thumbnail","category-calcio","tag-calcio","tag-consiglio","tag-diegolopez","tag-football","tag-genoa","tag-genoacfc","tag-it","tag-italia","tag-italy","tag-modenafc","tag-odero","tag-serieaenilive","tag-soccer","tag-sport","tag-sports","tag-wiafe"],"share_on_mastodon":{"url":"https:\/\/pubeurope.com\/@it\/116851531789998807","error":""},"_links":{"self":[{"href":"https:\/\/www.europesays.com\/it\/wp-json\/wp\/v2\/posts\/566426","targetHints":{"allow":["GET"]}}],"collection":[{"href":"https:\/\/www.europesays.com\/it\/wp-json\/wp\/v2\/posts"}],"about":[{"href":"https:\/\/www.europesays.com\/it\/wp-json\/wp\/v2\/types\/post"}],"author":[{"embeddable":true,"href":"https:\/\/www.europesays.com\/it\/wp-json\/wp\/v2\/users\/3"}],"replies":[{"embeddable":true,"href":"https:\/\/www.europesays.com\/it\/wp-json\/wp\/v2\/comments?post=566426"}],"version-history":[{"count":0,"href":"https:\/\/www.europesays.com\/it\/wp-json\/wp\/v2\/posts\/566426\/revisions"}],"wp:featuredmedia":[{"embeddable":true,"href":"https:\/\/www.europesays.com\/it\/wp-json\/wp\/v2\/media\/566427"}],"wp:attachment":[{"href":"https:\/\/www.europesays.com\/it\/wp-json\/wp\/v2\/media?parent=566426"}],"wp:term":[{"taxonomy":"category","embeddable":true,"href":"https:\/\/www.europesays.com\/it\/wp-json\/wp\/v2\/categories?post=566426"},{"taxonomy":"post_tag","embeddable":true,"href":"https:\/\/www.europesays.com\/it\/wp-json\/wp\/v2\/tags?post=566426"}],"curies":[{"name":"wp","href":"https:\/\/api.w.org\/{rel}","templated":true}]}}