{"id":566450,"date":"2026-07-02T17:32:18","date_gmt":"2026-07-02T17:32:18","guid":{"rendered":"https:\/\/www.europesays.com\/it\/566450\/"},"modified":"2026-07-02T17:32:18","modified_gmt":"2026-07-02T17:32:18","slug":"congresso-uil-meloni-salario-giusto-una-conquista-per-tutti-gli-italiani","status":"publish","type":"post","link":"https:\/\/www.europesays.com\/it\/566450\/","title":{"rendered":"Congresso Uil, Meloni: &#8216;Salario giusto una conquista per tutti gli italiani&#8217;"},"content":{"rendered":"<p>La presidente del Consiglio ha preso parte al XIX Congresso nazionale dell\u2019Unione italiana del lavoro a Padova. Molti i temi toccati in un lungo intervento, dalle morti sul lavoro ai piani del governo per sostenere la produttivit\u00e0.\u00a0\u201cIl lavoro \u00e8 il riconoscimento della dignit\u00e0 di una persona, di chi ogni giorno costruisce il futuro di questa Nazione\u201d, ha detto chiudendo il suo discorso<\/p>\n<p>A Padova ha preso il via oggi, 2 luglio, il XIX Congresso nazionale della Uil, all\u2019insegna dello slogan &#8220;Lavoro futuro, impegno presente. Innovazione, persone e diritti nell&#8217;era dell&#8217;Ia&#8221;. Pierpaolo Bombardieri, unico candidato, va verso la riconferma a segretario generale dell\u2019Unione italiana del lavoro. E dopo la sua relazione introduttiva ha preso parola anche la premier Giorgia Meloni,\u00a0che in apertura ha sottolineato di &#8220;essere l&#8217;unico presidente del Consiglio ad avere partecipato nel corso del suo mandato ai congressi di tutte e tre le principali organizzazioni sindacali&#8221;, segno che di come &#8220;il confronto con le parti sociali sia stato e sia per noi una cifra del lavoro di questo governo&#8221;. Poi si \u00e8 lanciata in un lungo discorso, rivendicando quanto fatto dal suo esecutivo e toccando temi come quello delle cosiddette morti bianche. \u201cIl lavoro \u00e8 il riconoscimento della dignit\u00e0 di una persona, di chi ogni giorno costruisce il futuro di questa Nazione\u201d, ha poi detto chiudendo il suo intervento.<\/p>\n<p>\t\t \tMeloni: &#8220;Salario giusto \u00e8 una vittoria per tutti i lavoratori&#8221;<\/p>\n<p>Con l&#8217;ultimo decreto in tema di lavoro, il governo ha introdotto una misura a lungo spinta dalla Uil: far corrispondere il salario giusto al trattamento economico complessivo sancito dai contratti nazionali sottoscritti dalle organizzazioni pi\u00f9 rappresentative. &#8220;Sicuramente era una rivendicazione della Uil, sicuramente \u00e8 stata una vittoria. Io credo che sia stata una vittoria di tutti i lavoratori italiani, una vittoria della nazione&#8221;, ha detto Meloni. Con il salario giusto,\u00a0ha aggiunto, &#8220;abbiamo fissato nero su bianco un principio che in Italia non era mai stato riconosciuto, e cio\u00e8 che la contrattazione collettiva, la contrattazione di qualit\u00e0 \u00e8 lo strumento pi\u00f9 efficace che abbiamo a disposizione per far crescere le tutele, difendere i diritti, rafforzare le retribuzioni dei lavoratori&#8221;.<\/p>\n<p>&#8220;In Manovra confermiamo la detassazione dei rinnovi contrattuali&#8221;<\/p>\n<p>Dal palco del Congresso, la premier ha poi annunciato che l&#8217;esecutivo ha raccolto un&#8217;altra istanza della Uil, garantendo che la detassazione dei nuovi rinnovi contrattuali sar\u00e0 confermata anche nella prossima Legge di Bilancio.<\/p>\n<p>\t\t\t<a class=\"c-inline-card j-inline-card c-inline-card--with-image\" href=\"https:\/\/tg24.sky.it\/economia\/2026\/07\/02\/lavoro-busta-paga-come-leggere-consigli-gen-z\" rel=\"follow nofollow noopener\" data-intcmp=\"skytg24_articolo_approfondimenti_inline\" target=\"_blank\"><\/p>\n<p>\t\t\t         <img decoding=\"async\" crossorigin=\"anonymous\" alt=\"\" src=\"https:\/\/www.europesays.com\/it\/wp-content\/uploads\/2026\/07\/fisco-GettyImages-1287222477.jpg\"  loading=\"lazy\"  bad-src=\"https:\/\/www.europesays.com\/it\/wp-content\/uploads\/2026\/07\/fisco-GettyImages-1287222477.jpg\"\/><\/p>\n<p>\n\t\t\t         Vedi anche<br \/>\n\t\t\t         Dal fisco alla Naspi: il vademecum per chi si approccia al lavoro\n\t\t\t      <\/p>\n<p>\t\t\t<\/a><\/p>\n<p>\t\t \t&#8220;Sulla sicurezza sul lavoro si misura la civilt\u00e0 di una nazione&#8221;<\/p>\n<p>Come detto, la premier ha dedicato un lungo passaggio del suo discorso al tema delle morti sul lavoro. Dopo avere ricordato <a data-intcmp=\"skytg24_foglia articolo_interlink_text\" href=\"https:\/\/tg24.sky.it\/cronaca\/2026\/05\/11\/luana-d-orazio-indagine-procura-prato\" rel=\"nofollow noopener\" target=\"_blank\">Luana D&#8217;Orazio<\/a> e salutato la madre Emma (presente in sala), ha rivendicato di aver \u201cfatto uno sforzo importante\u201d: oggi, ha detto, lo Stato \u00e8 dentro i luoghi di lavoro come non si vedeva da tempo&#8221; con &#8220;158mila&#8221; ispezioni solo nel 2024. \u201cSe in quasi 2 ispezioni su 3 salta fuori un&#8217;irregolarit\u00e0, significa che quei controlli non si fanno a caso. Ma vanno esattamente dove c&#8217;\u00e8 bisogno che quei controlli vadano. Chiaramente non basta, non pu\u00f2 bastarci sapere che nonostante ci siano oggi pi\u00f9 persone che lavorano rispetto al 2022 diminuiscono gli incidenti mortali, perch\u00e9 saremo sconfitti fino a quando anche una sola persona perder\u00e0 la vita nel tentativo di guadagnare quello che gli serve per vivere&#8221;, ha aggiunto.<\/p>\n<p>&#8220;Ogni morte sul lavoro \u00e8 una sconfitta&#8221;<\/p>\n<p>Di quale dignit\u00e0 si pu\u00f2 parlare &#8220;se ancora oggi pi\u00f9 di 1000 persone all&#8217;anno non tornano a casa dal lavoro?&#8221;, ha detto Meloni riprendendo l&#8217;intervento di paertura di Bombardieri. &#8220;Oltre 1000 volte l&#8217;anno sono le volte in cui noi siamo stati tutti sconfitti. Persone, famiglie, storie interrotte che non devono e non possono essere dimenticate&#8221;, ha continuato, ricordando come proprio la storia di Luana D&#8217;Orazio abba &#8220;gi\u00e0 ispirato anche una proposta che la Uil ha avanzato e che il governo ha fatto propria, che \u00e8 l&#8217;istituzione delle borse di studio per accompagnare ragazzi e bambini che hanno perso i loro genitori sul posto di lavoro durante il percorso di studio dalla scuola primaria fino all&#8217;universit\u00e0&#8221;.\u00a0<\/p>\n<p>\t\t\t<a class=\"c-inline-card j-inline-card c-inline-card--with-image\" href=\"https:\/\/tg24.sky.it\/cronaca\/2026\/06\/18\/mattarella-massimo-impegno-contro-morti-lavoro\" rel=\"follow nofollow noopener\" data-intcmp=\"skytg24_articolo_approfondimenti_inline\" target=\"_blank\"><\/p>\n<p>\t\t\t         <img decoding=\"async\" crossorigin=\"anonymous\" alt=\"\" src=\"https:\/\/www.europesays.com\/it\/wp-content\/uploads\/2026\/07\/GettyImages-2278706644.jpg\"  loading=\"lazy\"  bad-src=\"https:\/\/www.europesays.com\/it\/wp-content\/uploads\/2026\/07\/GettyImages-2278706644.jpg\"\/><\/p>\n<p>\n\t\t\t         Vedi anche<br \/>\n\t\t\t         Morti sul lavoro, Mattarella: &#8220;Esorto istituzioni al massimo impegno&#8221;\n\t\t\t      <\/p>\n<p>\t\t\t<\/a><\/p>\n<p>\t\t \t&#8220;Tolleranza zero contro i caporali&#8221;<\/p>\n<p>Meloni ha parlato anche di capolarato. &#8220;La linea del governo \u00e8 stata e continuer\u00e0 a essere una linea molto chiara. E quella linea \u00e8 tolleranza zero contro i caporali&#8221;, cos\u00ec come &#8220;contro le organizzazioni criminali che si nascondono troppo spesso dietro quei caporali e speculano sulla pelle delle persone. Organizzazioni criminali che molto probabilmente non sono solamente straniere&#8221;.<\/p>\n<p>&#8220;Ragioniamo su regime agevolato per aggregazioni d&#8217;impresa&#8221;<\/p>\n<p>Secondo Meloni, investire in produttivit\u00e0 significa anche &#8220;porsi il problema di come aiutare le imprese a crescere. Penso che sia utile ragionare insieme su un regime fiscale agevolato che favorisca le aggregazioni e la staffetta generazionale, perch\u00e9 io penso che essere piccoli debba essere una scelta consapevole, mentre chi intende crescere debba essere sostenuto e accompagnato nel farlo&#8221;.<\/p>\n<p>&#8220;Se c&#8217;\u00e8 da migliorare la patente a punti, pronti a discuterne&#8221;<\/p>\n<p>&#8220;Se nell&#8217;attuazione&#8221; della patente a punti &#8220;c&#8217;\u00e8 qualcosa da migliorare il governo \u00e8 pronto a discuterne, come abbiamo fatto finora. Noi siamo convinti che lo strumento vada potenziato e per farlo contiamo anche sul vostro lavoro e sui vostri suggerimenti. Chiaramente il ministro del Lavoro Calderone, che voglio ringraziare davvero perch\u00e9 \u00e8 una persona di una competenza e di una capacit\u00e0 di lavoro straordinaria, \u00e8 anche qui a vostra disposizione&#8221;, ha detto la premier Giorgia Meloni intervenendo al congresso della Uil, risponde ad una sollecitazione arrivata dal segretario generale Pierpaolo Bombardieri.\u00a0<\/p>\n<p>\t\t\t<a class=\"c-inline-card j-inline-card c-inline-card--with-image\" href=\"https:\/\/tg24.sky.it\/cronaca\/2026\/06\/12\/caporalato-foggia-ghetti\" rel=\"follow nofollow noopener\" data-intcmp=\"skytg24_articolo_approfondimenti_inline\" target=\"_blank\"><\/p>\n<p>\t\t\t         <img decoding=\"async\" crossorigin=\"anonymous\" alt=\"\" src=\"https:\/\/www.europesays.com\/it\/wp-content\/uploads\/2026\/07\/IMG_2148.jpeg\"  loading=\"lazy\"  bad-src=\"https:\/\/www.europesays.com\/it\/wp-content\/uploads\/2026\/07\/IMG_2148.jpeg\"\/><\/p>\n<p>\n\t\t\t         Vedi anche<br \/>\n\t\t\t         Nei ghetti dove a dettar legge sono i caporali\n\t\t\t      <\/p>\n<p>\t\t\t<\/a><\/p>\n<p>\t            TAG:<\/p>\n","protected":false},"excerpt":{"rendered":"La presidente del Consiglio ha preso parte al XIX Congresso nazionale dell\u2019Unione italiana del lavoro a Padova. Molti&hellip;\n","protected":false},"author":3,"featured_media":566451,"comment_status":"","ping_status":"","sticky":false,"template":"","format":"standard","meta":{"footnotes":"","_share_on_mastodon":"0"},"categories":[79],"tags":[14,93,94,369,126,1537,90,89,7,15,9839,5174,5170,11,84,91,12,85,92],"class_list":["post-566450","post","type-post","status-publish","format-standard","has-post-thumbnail","category-italia","tag-cronaca","tag-cronaca-italiana","tag-cronacaitaliana","tag-digitall","tag-giorgia-meloni","tag-it","tag-italia","tag-italy","tag-news","tag-notizie","tag-padova","tag-sindacati","tag-uil","tag-ultime-notizie","tag-ultime-notizie-e-news-di-oggi","tag-ultime-notizie-italia","tag-ultimenotizie","tag-ultimenotizieenewsdioggi","tag-ultimenotizieitalia"],"share_on_mastodon":{"url":"https:\/\/pubeurope.com\/@it\/116851582473199439","error":""},"_links":{"self":[{"href":"https:\/\/www.europesays.com\/it\/wp-json\/wp\/v2\/posts\/566450","targetHints":{"allow":["GET"]}}],"collection":[{"href":"https:\/\/www.europesays.com\/it\/wp-json\/wp\/v2\/posts"}],"about":[{"href":"https:\/\/www.europesays.com\/it\/wp-json\/wp\/v2\/types\/post"}],"author":[{"embeddable":true,"href":"https:\/\/www.europesays.com\/it\/wp-json\/wp\/v2\/users\/3"}],"replies":[{"embeddable":true,"href":"https:\/\/www.europesays.com\/it\/wp-json\/wp\/v2\/comments?post=566450"}],"version-history":[{"count":0,"href":"https:\/\/www.europesays.com\/it\/wp-json\/wp\/v2\/posts\/566450\/revisions"}],"wp:featuredmedia":[{"embeddable":true,"href":"https:\/\/www.europesays.com\/it\/wp-json\/wp\/v2\/media\/566451"}],"wp:attachment":[{"href":"https:\/\/www.europesays.com\/it\/wp-json\/wp\/v2\/media?parent=566450"}],"wp:term":[{"taxonomy":"category","embeddable":true,"href":"https:\/\/www.europesays.com\/it\/wp-json\/wp\/v2\/categories?post=566450"},{"taxonomy":"post_tag","embeddable":true,"href":"https:\/\/www.europesays.com\/it\/wp-json\/wp\/v2\/tags?post=566450"}],"curies":[{"name":"wp","href":"https:\/\/api.w.org\/{rel}","templated":true}]}}