{"id":566459,"date":"2026-07-02T17:46:13","date_gmt":"2026-07-02T17:46:13","guid":{"rendered":"https:\/\/www.europesays.com\/it\/566459\/"},"modified":"2026-07-02T17:46:13","modified_gmt":"2026-07-02T17:46:13","slug":"vlahovic-juventus-la-situazione-tornato-a-torino-e-besiktas-in-stand-by","status":"publish","type":"post","link":"https:\/\/www.europesays.com\/it\/566459\/","title":{"rendered":"Vlahovic-Juventus, la situazione: tornato a Torino e Besiktas in stand-by"},"content":{"rendered":"<p>                                Il serbo \u00e8 stato in Turchia ad ascoltare l&#8217;offerta del club allenato da Vincenzo Italiano, ma ha preso tempo. I bianconeri puntano sulla mancanza di alternative e sul fattore tempo<\/p>\n<p class=\"paragraph\" spellcheck=\"true\">Da ieri la Juve non \u00e8 pi\u00f9 ufficialmente casa sua, ma per il momento Dusan Vlahovic non cambia indirizzo di residenza. L&#8217;attaccante serbo \u00e8 rientrato ieri pomeriggio a Torino dalla Turchia, dove si era recato per qualche giorno per ascoltare in prima persona l&#8217;offerta del Besiktas di Vincenzo Italiano. E adesso attende, con la Juve sempre sullo sfondo.\u00a0<\/p>\n<p>    l&#8217;offerta del besiktas a vlahovic\u2014 \u00a0<\/p>\n<p class=\"paragraph is-inline\" spellcheck=\"true\">L&#8217;ormai ex numero nove bianconero non ha chiuso la porta al club turco, che gli ha proposto <a href=\"https:\/\/www.gazzetta.it\/Calcio\/Calciomercato\/Juventus\/21-06-2026\/juve-besiktas-vlahovic.shtml?intcmp=hyperlink-articolo-gazit\" title=\"Occhio Juve, Italiano chiama Vlahovic: offertona del Besiktas, 5 milioni solo di bonus alla firma. I dettagli\" rel=\"nofollow noopener\" target=\"_blank\">un ricchissimo contratto da 10 milioni di euro all&#8217;anno<\/a> pi\u00f9 un corposo bonus alla firma di oltre 5 milioni. Sponsor dell&#8217;operazione, il neo tecnico del Besiktas: i due, infatti, hanno condiviso pochi, intensissimi mesi a Firenze, nel 2021, quando Vlahovic mise in mostra il meglio del suo repertorio, realizzando 17 gol in 22 partite. Il serbo, per\u00f2, per il momento ha preso tempo, perch\u00e9 il suo obiettivo resta quello di attendere un&#8217;offerta da parte di un top club europeo. Squadre del calibro di Atletico Madrid, Barcellona e Bayern Monaco, tutte alla ricerca di un centravanti, che ritengono comunque eccessive le richieste dell&#8217;entourage di Dusan. E la Juve?<\/p>\n<p><a class=\"is-partner-link\" href=\"https:\/\/abbonamenti.gazzetta.it\/de-promo-mondiali\/?pwcmp=cta&amp;forceBrowser=true\" rel=\"nofollow noopener\" target=\"_blank\">Gazzetta Mondiale: ogni notte un\u2019edizione straordinaria esclusiva. Non perdertela, abbonati a 1\u20ac\/mese!<\/a><\/p>\n<p>    juve-vlahovic, la situazione\u2014 \u00a0<\/p>\n<p class=\"paragraph is-inline\" spellcheck=\"true\">Anche i bianconeri, <a href=\"https:\/\/www.gazzetta.it\/Calcio\/Serie-A\/Juventus\/29-06-2026\/juventus-carnevali-su-kolo-muani-dibu-martinez-e-vlahovic.shtml?intcmp=hyperlink-articolo-gazit\" title=\"Carnevali e i piani Juve: \" obiettivi=\"\" kolo=\"\" muani=\"\" e=\"\" dibu=\"\" martinez=\"\" ecco=\"\" la=\"\" situazione.=\"\" su=\"\" vlahovic...=\"\" rel=\"nofollow noopener\" target=\"_blank\">come ammesso luned\u00ec a Rimini<\/a> dal neo ad e dg Carnevali, attendono. &#8220;\u00c8 un giocatore importante ma oggi non \u00e8 nei nostri pensieri. Poi tutto pu\u00f2 succedere&#8221;, non ha chiuso la porta il dirigente juventino, su cui continua il pressing di Spalletti, che non ha mai fatto mistero di ritenerlo in cima alla lista dei possibili centravanti per la prossima stagione. Per adesso le distanze tra le parti sono apparse inconciliabili su ingaggio e commissioni, ma il tempo, pensano alla Continassa, potrebbe giocare a loro favore. Intanto Vlahovic non cambia residenza e, dalla sua casa sulle colline torinesi, osserva e attende&#8230;<\/p>\n<p class=\"is-copyright\">\u00a9 RIPRODUZIONE RISERVATA<\/p>\n","protected":false},"excerpt":{"rendered":"Il serbo \u00e8 stato in Turchia ad ascoltare l&#8217;offerta del club allenato da Vincenzo Italiano, ma ha preso&hellip;\n","protected":false},"author":3,"featured_media":566460,"comment_status":"","ping_status":"","sticky":false,"template":"","format":"standard","meta":{"footnotes":"","_share_on_mastodon":"0"},"categories":[1452],"tags":[18469,23341,7200,585,721,6195,12837,2206,51003,554,8002,1740,1537,90,1599,89,565,312132,21137,1413,312133,98,8559,12154,1739,245,244,578],"class_list":["post-566459","post","type-post","status-publish","format-standard","has-post-thumbnail","category-calcio","tag-ascoltare","tag-attende","tag-besiktas","tag-bianconeri","tag-calcio","tag-cambia","tag-centravanti","tag-chiuso","tag-chiuso-porta","tag-club","tag-dusan","tag-football","tag-it","tag-italia","tag-italiano","tag-italy","tag-juve","tag-juve-sfondo","tag-neo","tag-offerta","tag-offerta-besiktas","tag-porta","tag-preso","tag-serbo","tag-soccer","tag-sport","tag-sports","tag-vlahovic"],"share_on_mastodon":{"url":"https:\/\/pubeurope.com\/@it\/116851638085480261","error":""},"_links":{"self":[{"href":"https:\/\/www.europesays.com\/it\/wp-json\/wp\/v2\/posts\/566459","targetHints":{"allow":["GET"]}}],"collection":[{"href":"https:\/\/www.europesays.com\/it\/wp-json\/wp\/v2\/posts"}],"about":[{"href":"https:\/\/www.europesays.com\/it\/wp-json\/wp\/v2\/types\/post"}],"author":[{"embeddable":true,"href":"https:\/\/www.europesays.com\/it\/wp-json\/wp\/v2\/users\/3"}],"replies":[{"embeddable":true,"href":"https:\/\/www.europesays.com\/it\/wp-json\/wp\/v2\/comments?post=566459"}],"version-history":[{"count":0,"href":"https:\/\/www.europesays.com\/it\/wp-json\/wp\/v2\/posts\/566459\/revisions"}],"wp:featuredmedia":[{"embeddable":true,"href":"https:\/\/www.europesays.com\/it\/wp-json\/wp\/v2\/media\/566460"}],"wp:attachment":[{"href":"https:\/\/www.europesays.com\/it\/wp-json\/wp\/v2\/media?parent=566459"}],"wp:term":[{"taxonomy":"category","embeddable":true,"href":"https:\/\/www.europesays.com\/it\/wp-json\/wp\/v2\/categories?post=566459"},{"taxonomy":"post_tag","embeddable":true,"href":"https:\/\/www.europesays.com\/it\/wp-json\/wp\/v2\/tags?post=566459"}],"curies":[{"name":"wp","href":"https:\/\/api.w.org\/{rel}","templated":true}]}}