{"id":566492,"date":"2026-07-02T18:14:13","date_gmt":"2026-07-02T18:14:13","guid":{"rendered":"https:\/\/www.europesays.com\/it\/566492\/"},"modified":"2026-07-02T18:14:13","modified_gmt":"2026-07-02T18:14:13","slug":"yungblud-e-il-pianto-a-dirotto-sul-palco-ho-avuto-un-crollo-essere-un-artista-di-questi-tempi-e-strano-tutto-si-muove-veloce","status":"publish","type":"post","link":"https:\/\/www.europesays.com\/it\/566492\/","title":{"rendered":"Yungblud e il pianto a dirotto sul palco: \u00abHo avuto un crollo. Essere un artista di questi tempi \u00e8 strano, tutto si muove veloce\u00bb"},"content":{"rendered":"<p>    di<br \/>\n    Redazione Spettacoli<\/p>\n<p class=\"summary-art is-line-h-12\">Il rocker britannico ha condiviso sui suoi account social una riflessione sugli alti e bassi che ha affrontato nell&#8217;ultimo anno, dovuti anche all&#8217;odio online<\/p>\n<p class=\"chapter-paragraph\">Un pianto a dirotto sul palco, nel momento in cui, applaudito da 20mila fan, l\u2019emozione predominante avrebbe dovuto essere la gioia: Yungblud, giovane rocker britannico dall\u2019energia incontenibile, ha deciso di postare un suo video e di condividere sui suoi account social un episodio recente in cui si \u00e8 sentito sopraffatto, raccontando di aver avuto un pesante crollo psicologico.<\/p>\n<p class=\"chapter-paragraph\"><b>\u00abOnestamente sono stato combattuto<\/b> sul postare o meno questa clip perch\u00e9 non vorrei che sembrasse disonesta, come se lo stessi facendo per i click o per strategia personale, ma alla fine questo \u00e8 quel che \u00e8 successo ed \u00e8 genuino, quindi chissenefrega\u00bb, ha esordito in un lungo post.\u00a0    &#13;<br \/>\n&#13;<br \/>\n&#13;<br \/>\n&#13;<br \/>\n&#13;<br \/>\n&#13;<br \/>\n&#13;<br \/>\n&#13;<br \/>\n&#13;<br \/>\n&#13;<br \/>\n&#13;<br \/>\n&#13;<br \/>\n&#13;<br \/>\n&#13;<br \/>\n&#13;<br \/>\n&#13;<br \/>\n&#13;<br \/>\n&#13;<br \/>\n&#13;<br \/>\n&#13;<br \/>\n&#13;<br \/>\n&#13;<br \/>\n&#13;<br \/>\n&#13;<br \/>\n&#13;<br \/>\n&#13;<br \/>\n&#13;<br \/>\n&#13;<br \/>\n&#13;<br \/>\n&#13;<br \/>\n&#13;<br \/>\n&#13;<br \/>\n&#13;<br \/>\n&#13;<br \/>\n&#13;<br \/>\n&#13;<br \/>\n&#13;<br \/>\n&#13;<br \/>\n&#13;<br \/>\n&#13;<br \/>\n&#13;<br \/>\n&#13;<br \/>\n&#13;<br \/>\n&#13;<br \/>\n&#13;<br \/>\n&#13;<br \/>\n&#13;<br \/>\n&#13;<br \/>\n&#13;<br \/>\n&#13;<br \/>\n&#13;<br \/>\n&#13;<br \/>\n&#13;\n<\/p>\n<p class=\"chapter-paragraph\"><b>Il 28enne, Dominic Harrison all\u2019anagrafe<\/b>, ha descritto gli alti e bassi emotivi di cui si \u00e8 sentito in bal\u00eca nell\u2019ultimo anno, non dissimili, probabilmente, da quelli espressi da tanti altri giovani artisti, inclusi molti italiani.\u00a0<br \/><b><br \/>L\u2019episodio del video risale al 27 giugno,<\/b> durante il Bludfest festival, da lui organizzato, in Repubblica Ceca, a Praga, ed \u00e8 stato seguito da un altro pianto dietro le quinte: \u00abQuando sono sceso da quel palco mi sono sentito al culmine della gioia, ma  20 minuti dop0, quando mi sono ritrovato in doccia da solo, ho avuto un crollo\u00bb.\u00a0<br \/><b><br \/>La rapidit\u00e0 del mondo musicale<\/b>, ha spiegato, rende difficile elaborare le emozioni: \u00abEssere un artista in questa epoca \u00e8 molto strano perch\u00e9 tutto si muove velocemente. Non puoi mai ragionare su quel che accade per pi\u00f9 di un paio d\u2019ore e dunque non riesci a processare nulla, nel bene e nel male\u00bb.\u00a0<\/p>\n<p class=\"chapter-paragraph\"><b>Anche la cattiveria online contribuisce <\/b>al disorientamento: \u00abLa quantit\u00e0 di odio  da parte degli sconosciuti su Internet  pesa molto sul mio cuore, dato che tutto quel che ho cercato di fare negli ultimi 10 anni \u00e8 stato diffondere amore, costruire qualcosa in cui credo e unire le persone in un posto sicuro\u00bb.\u00a0<\/p>\n<p class=\"chapter-paragraph\"><b>E sono proprio le persone, alla fine, <\/b>a fare s\u00ec che ne valga la pena, ha concluso: \u00abSo di dover fare un po\u2019 di lavoro su me stesso prima del prossimo capitolo, ma voglio solo dire alla mia meravigliosa community quanto fortunato mi sento ad avervi\u00bb.<\/p>\n<p class=\"is-last-update\" datetime=\"2026-07-02T19:07:12+02:00\">2 luglio 2026 ( modifica il 2 luglio 2026 | 19:07)<\/p>\n<p class=\"is-copyright\">\n            \u00a9 RIPRODUZIONE RISERVATA\n        <\/p>\n","protected":false},"excerpt":{"rendered":"di Redazione Spettacoli Il rocker britannico ha condiviso sui suoi account social una riflessione sugli alti e bassi&hellip;\n","protected":false},"author":3,"featured_media":566493,"comment_status":"","ping_status":"","sticky":false,"template":"","format":"standard","meta":{"footnotes":"","_share_on_mastodon":"0"},"categories":[1451],"tags":[2719,36811,7233,55351,2852,15727,2304,1621,1620,2296,312143,312144,203,9162,19143,204,1537,90,89,22754,7394,1315,2298,7248,312145,312146,312147,18127,2762],"class_list":["post-566492","post","type-post","status-publish","format-standard","has-post-thumbnail","category-celebrita","tag-account","tag-account-social","tag-alti","tag-alti-bassi","tag-artista","tag-bassi","tag-britannico","tag-celebrita","tag-celebrities","tag-crollo","tag-dirotto","tag-dirotto-palco","tag-entertainment","tag-episodio","tag-gioia","tag-intrattenimento","tag-it","tag-italia","tag-italy","tag-muove","tag-odio","tag-online","tag-palco","tag-pianto","tag-pianto-dirotto","tag-pianto-dirotto-palco","tag-postare","tag-rocker","tag-sentito"],"share_on_mastodon":{"url":"https:\/\/pubeurope.com\/@it\/116851747488582577","error":""},"_links":{"self":[{"href":"https:\/\/www.europesays.com\/it\/wp-json\/wp\/v2\/posts\/566492","targetHints":{"allow":["GET"]}}],"collection":[{"href":"https:\/\/www.europesays.com\/it\/wp-json\/wp\/v2\/posts"}],"about":[{"href":"https:\/\/www.europesays.com\/it\/wp-json\/wp\/v2\/types\/post"}],"author":[{"embeddable":true,"href":"https:\/\/www.europesays.com\/it\/wp-json\/wp\/v2\/users\/3"}],"replies":[{"embeddable":true,"href":"https:\/\/www.europesays.com\/it\/wp-json\/wp\/v2\/comments?post=566492"}],"version-history":[{"count":0,"href":"https:\/\/www.europesays.com\/it\/wp-json\/wp\/v2\/posts\/566492\/revisions"}],"wp:featuredmedia":[{"embeddable":true,"href":"https:\/\/www.europesays.com\/it\/wp-json\/wp\/v2\/media\/566493"}],"wp:attachment":[{"href":"https:\/\/www.europesays.com\/it\/wp-json\/wp\/v2\/media?parent=566492"}],"wp:term":[{"taxonomy":"category","embeddable":true,"href":"https:\/\/www.europesays.com\/it\/wp-json\/wp\/v2\/categories?post=566492"},{"taxonomy":"post_tag","embeddable":true,"href":"https:\/\/www.europesays.com\/it\/wp-json\/wp\/v2\/tags?post=566492"}],"curies":[{"name":"wp","href":"https:\/\/api.w.org\/{rel}","templated":true}]}}