{"id":566592,"date":"2026-07-02T19:41:14","date_gmt":"2026-07-02T19:41:14","guid":{"rendered":"https:\/\/www.europesays.com\/it\/566592\/"},"modified":"2026-07-02T19:41:14","modified_gmt":"2026-07-02T19:41:14","slug":"milan-leao-e-finita-ma-servono-almeno-60-milioni","status":"publish","type":"post","link":"https:\/\/www.europesays.com\/it\/566592\/","title":{"rendered":"Milan-Leao, \u00e8 finita: ma servono almeno 60 milioni"},"content":{"rendered":"<p>                                La dirigenza rossonera ha avviato i colloqui con gli agenti del portoghese, che non rientra nel progetto di Amorim. Possibile anche una cessione in prestito oneroso con obbligo di riscatto<\/p>\n<p class=\"paragraph\" spellcheck=\"true\">Tra Leao e il Milan si avvicina il gran finale. Insieme dall\u2019estate del 2019, sette tormentati anni dopo, la storia potrebbe chiudersi. Mentre Rafa, in America, pensa alla sfida con la Croazia che lo aspetta (anche se \u00e8 di nuovo destinato alla panchina), a Milano si delinea il suo futuro. La societ\u00e0 rossonera, rappresentata da Almstadt e Gardiner, ha avviato i colloqui con il nutrito staff dell\u2019attaccante. Risultato: come si era capito, il 10 portoghese non rientra nel progetto del connazionale Amorim. Per arrivare a una cessione servono per\u00f2 altri elementi: un club interessato all\u2019acquisto e una cifra che metta d\u2019accordo le parti. Sul primo punto, al momento, c\u2019\u00e8 poco: Barcellona e United non sono andati oltre i primi sondaggi, al Tottenham \u00e8 stato proposto lui, le offerte dall\u2019Arabia e dalla Turchia non scaldano il giocatore. Serve allora un lavoro diplomatico dei suoi manager in cerca di altre proposte. Proposte che non dovranno essere inferiori ai 60-70 milioni di euro. Una cifra consistente ma anche ben lontana dalla clausola rescissoria, di cento milioni pi\u00f9 alta. Il Milan potrebbe considerare anche formule alternative, come un prestito oneroso e un obbligo di riscatto. Comunque sia, la societ\u00e0 vuole avere la certezza di incassare.<\/p>\n<p>        divorzio\u2014 \u00a0<\/p>\n<p class=\"paragraph\" spellcheck=\"true\">Dalla cessione di Leao il Milan intende infatti rientrare di parte dell\u2019investimento fatto per prendere Gon\u00e7alo Ramos, un altro portoghese. Nel 3-4-2-1 di Amorim Rafa non avrebbe collocazione e l\u2019allenatore, si \u00e8 capito, preferisce puntare su altro. Non che Leao si sia sentito tradito, anzi: era stato lui a svelare per primo, e pubblicamente, le proprie intenzioni. Un\u2019altra sfida in un altro campionato, il desiderio di Rafa. Che ora vorr\u00e0 essere accontentato. Serve per\u00f2 l\u2019offerta giusta.<\/p>\n<p><a class=\"is-partner-link\" href=\"https:\/\/aipredictor.gazzetta.it\/?intcmp=calciomercato\" rel=\"nofollow noopener\" target=\"_blank\">Promo Mondiale 1\u20ac al mese per 3 mesi &#8211; Scopri chi vince con Gazzetta AI Predictor!<\/a><\/p>\n<p>        storia\u2014 \u00a0<\/p>\n<p class=\"paragraph\" spellcheck=\"true\">Rafa era stato assoluto protagonista del successo scudetto del 2022, il suo miglior anno rossonero. Dopo un\u2019ottima Champions, conclusa nel doppio derby di semifinale con l\u2019Inter. Da allora troppe incomprensioni e troppa discontinuit\u00e0 di rendimento. Non sono riusciti a migliorare la situazione i connazionali Fonseca e Concei\u00e7ao, ma neppure Allegri. La storia pu\u00f2 dunque concludersi qui, dopo sette stagioni, 291 partite e 80 gol.<\/p>\n<p class=\"is-copyright\">\u00a9 RIPRODUZIONE RISERVATA<\/p>\n","protected":false},"excerpt":{"rendered":"La dirigenza rossonera ha avviato i colloqui con gli agenti del portoghese, che non rientra nel progetto di&hellip;\n","protected":false},"author":3,"featured_media":566593,"comment_status":"","ping_status":"","sticky":false,"template":"","format":"standard","meta":{"footnotes":"","_share_on_mastodon":"0"},"categories":[176],"tags":[50020,4431,312324,3079,571,5370,1065,1537,90,89,8007,234438,553,6696,7792,31278,31279,31280,13201,312325,312326,6840,31281,31282,2851,17299,1990,245,244,1567],"class_list":["post-566592","post","type-post","status-publish","format-standard","has-post-thumbnail","category-sport","tag-amorim","tag-avviato","tag-avviato-colloqui","tag-capito","tag-cessione","tag-cifra","tag-colloqui","tag-it","tag-italia","tag-italy","tag-leao","tag-leao-milan","tag-milan","tag-obbligo","tag-obbligo-riscatto","tag-oneroso","tag-oneroso-obbligo","tag-oneroso-obbligo-riscatto","tag-portoghese","tag-portoghese-rientra","tag-portoghese-rientra-progetto","tag-prestito","tag-prestito-oneroso","tag-prestito-oneroso-obbligo","tag-progetto","tag-proposte","tag-rafa","tag-sport","tag-sports","tag-storia"],"share_on_mastodon":{"url":"https:\/\/pubeurope.com\/@it\/116852089676975571","error":""},"_links":{"self":[{"href":"https:\/\/www.europesays.com\/it\/wp-json\/wp\/v2\/posts\/566592","targetHints":{"allow":["GET"]}}],"collection":[{"href":"https:\/\/www.europesays.com\/it\/wp-json\/wp\/v2\/posts"}],"about":[{"href":"https:\/\/www.europesays.com\/it\/wp-json\/wp\/v2\/types\/post"}],"author":[{"embeddable":true,"href":"https:\/\/www.europesays.com\/it\/wp-json\/wp\/v2\/users\/3"}],"replies":[{"embeddable":true,"href":"https:\/\/www.europesays.com\/it\/wp-json\/wp\/v2\/comments?post=566592"}],"version-history":[{"count":0,"href":"https:\/\/www.europesays.com\/it\/wp-json\/wp\/v2\/posts\/566592\/revisions"}],"wp:featuredmedia":[{"embeddable":true,"href":"https:\/\/www.europesays.com\/it\/wp-json\/wp\/v2\/media\/566593"}],"wp:attachment":[{"href":"https:\/\/www.europesays.com\/it\/wp-json\/wp\/v2\/media?parent=566592"}],"wp:term":[{"taxonomy":"category","embeddable":true,"href":"https:\/\/www.europesays.com\/it\/wp-json\/wp\/v2\/categories?post=566592"},{"taxonomy":"post_tag","embeddable":true,"href":"https:\/\/www.europesays.com\/it\/wp-json\/wp\/v2\/tags?post=566592"}],"curies":[{"name":"wp","href":"https:\/\/api.w.org\/{rel}","templated":true}]}}