{"id":566714,"date":"2026-07-02T21:31:19","date_gmt":"2026-07-02T21:31:19","guid":{"rendered":"https:\/\/www.europesays.com\/it\/566714\/"},"modified":"2026-07-02T21:31:19","modified_gmt":"2026-07-02T21:31:19","slug":"addio-abramo-orlandini-pittore-e-maggiordomo-tv-di-vittorio-sgarbi-unicona-di-eleganza-e-ironia-a-reggio-emilia","status":"publish","type":"post","link":"https:\/\/www.europesays.com\/it\/566714\/","title":{"rendered":"Addio Abramo Orlandini, pittore e \u2018maggiordomo\u2019 tv di Vittorio Sgarbi: \u201cUn\u2019icona\u00a0di eleganza e ironia a\u00a0Reggio Emilia\u201d"},"content":{"rendered":"<p>Reggio Emilia, 2 luglio 2026 \u2013\u00a0Si \u00e8 spento questa mattina <strong>Abramo Orlandini<\/strong>, volto amatissimo e inconfondibile di Reggio. Aveva 65 anni. Con lui se ne va uno di quei personaggi capaci di attraversare per decenni la vita quotidiana della citt\u00e0 lasciando un segno lieve, ironico, colorato. <strong>Un reggiano doc, eccentrico e gentile<\/strong>, presenza familiare del centro storico: lo si incontrava con davanti un caff\u00e8 o la sigaretta d\u2019ordinanza, oppure mentre girava con i suoi quadri naif, che spesso regalava.<\/p>\n<p><strong>Elegante<\/strong>, sempre impeccabile, difficilmente senza cravatta o papillon, spesso in colori sgargianti, con la <strong>bombetta<\/strong> o la \u00a0<strong>sciarpa da \u00a0opera<\/strong>, Abramo era diventato nel tempo un piccolo mito cittadino. Una figura fuori dagli schemi, capace di mescolare <strong>candore<\/strong>, <strong>ironia<\/strong> e una naturale <strong>teatralit\u00e0<\/strong>.<\/p>\n<p>Per molti reggiani era semplicemente \u201cAbramo\u201d: <strong>un pezzo della Reggio che fu<\/strong>, al pari di altri personaggi rimasti nell\u2019immaginario collettivo, come la Candida o Ziloch.<\/p>\n<p>Anni tra cinema e televisione <\/p>\n<p>\u00a0Negli anni\u00a0 aveva anche incrociato il <strong>cinema<\/strong> e la <strong>televisione<\/strong>. Aveva partecipato a film importanti, lavorando con registi come <strong>Pupi Avati<\/strong>, <strong>Daniele Luchetti<\/strong>, <strong>Nanni Moretti<\/strong>, <strong>Terry Gilliam<\/strong>, <strong>Dino Risi<\/strong> e altri ancora. Tra le sue apparizioni si ricordano titoli come \u2018Storia di ragazzi e di ragazze\u2019, \u2018Domani accadr\u00e0\u2019, \u2018Teresa\u2019\u00a0e \u2018La voce della luna\u2019\u00a0di <strong>Fellini<\/strong>, forse quello che pi\u00f9 rappresentava il suo modo di essere e sentire.<\/p>\n<p> <img alt=\"Alla trasmissione \u2018Sgarbi Quotidiani\u2019, in onda su Canale 5, Abramo interpretava l\u2019assistente-maggiordomo di Vittorio Sgarbi\" loading=\"lazy\" width=\"2362\" height=\"1574\" decoding=\"async\" data-nimg=\"1\" style=\"color:transparent;max-width:100%;height:auto\"   src=\"https:\/\/www.europesays.com\/it\/wp-content\/uploads\/2026\/07\/alla-trasmissione-sgarbi-quotidiani-in-onda-su-canale-5-abramo-interpretava-lassistente-maggiordomo-.webp\"\/><\/p>\n<p>Alla trasmissione \u2018Sgarbi Quotidiani\u2019, in onda su Canale 5, Abramo interpretava l\u2019assistente-maggiordomo di Vittorio Sgarbi<\/p>\n<p>Fu l\u2019assistente-maggiordomo di Vittorio Sgarbi <\/p>\n<p>Il suo momento di maggiore notoriet\u00e0 arriv\u00f2 per\u00f2 negli anni Novanta, con la partecipazione alla <strong>trasmissione \u2018Sgarbi Quotidiani\u2019<\/strong>, in onda su Canale 5: Abramo interpretava <strong>l\u2019assistente-maggiordomo di Vittorio Sgarbi<\/strong> e, prima della sigla, introduceva l\u2019argomento della puntata.<\/p>\n<p>A\u00a0lui era stato dedicato anche \u201824conAbramo\u2019, di Giuseppe Zironi, pensato proprio per raccontare la sua figura, il suo mondo e quel modo tutto suo di abitare la citt\u00e0.<\/p>\n<p>Ospite dell\u2019Omozzoli Parisetti <\/p>\n<p>Negli ultimi tempi le condizioni di salute di Abramo erano progressivamente peggiorate. Da diverso tempo era ospite della casa di riposo\u00a0<strong>Omozzoli Parisetti <\/strong>e anche l\u00ec non era mancato l\u2019affetto dei reggiani. &#8220;Un vero personaggio per la nostra citt\u00e0 per molti decenni &#8211; ricorda\u00a0<strong>Ennio Ferrarini<\/strong>, presidente dell\u2019associazione Amici Omozzoli Parisetti &#8211; Fino a qualche mese or sono era stato ospite per alcuni anni del Parisetti, in condizioni di salute in rapido peggioramento. A Natale \u00e8 stato ancora destinatario del regalo della nostra associazione. Lo vogliamo ricordare cos\u00ec, quando stava ancora bene e girava ogni giorno per il centro storico con i suoi quadri e con la sua ironia. <strong>Buon viaggio, Abramo!<\/strong>\u201d.<\/p>\n<p> <img alt=\"Elegante, sempre impeccabile, difficilmente senza cravatta o papillon, spesso in colori sgargianti, con la bombetta o la sciarpa da opera\" loading=\"lazy\" width=\"1600\" height=\"900\" decoding=\"async\" data-nimg=\"1\" style=\"color:transparent;max-width:100%;height:auto\"   src=\"https:\/\/www.europesays.com\/it\/wp-content\/uploads\/2026\/07\/elegante-sempre-impeccabile-difficilmente-senza-cravatta-o-papillon-spesso-in-colori-sgargianti-con-.webp\"\/><\/p>\n<p>Elegante, sempre impeccabile, difficilmente senza cravatta o papillon, spesso in colori sgargianti, con la bombetta o la sciarpa da opera<\/p>\n<p>L\u2019idea dell\u2019aperitivo Abramo <\/p>\n<p>Tra le sue ultime uscite pubbliche resta quella del settembre 2024, quando i proprietari della Spumanteria dell\u2019Isolato San Rocco, uno dei locali pi\u00f9 frequentati da Abramo, avevano lanciato l\u2019idea dell\u2019<strong>\u2018<\/strong><strong>aperitivo con Abramo\u2019<\/strong>: chi lo desiderava poteva accompagnarlo dalla struttura fino al locale e poi riaccompagnarlo al Parisetti, ricevendo in cambio un aperitivo offerto dalla casa.<\/p>\n<p><strong>Un gesto semplice<\/strong>, ma capace di raccontare bene il legame tra Abramo e la sua citt\u00e0. Orlandini \u00e8 stato uno dei tanti figli eccentrici e poetici, nutriti di nebbia e tradizioni che la pianura, ogni tanto, regala a noi \u201cregolari\u201d per ricordare che un sorriso, una chiacchiera e il cuore aperto rendono la vita migliore.<\/p>\n","protected":false},"excerpt":{"rendered":"Reggio Emilia, 2 luglio 2026 \u2013\u00a0Si \u00e8 spento questa mattina Abramo Orlandini, volto amatissimo e inconfondibile di Reggio.&hellip;\n","protected":false},"author":3,"featured_media":566715,"comment_status":"","ping_status":"","sticky":false,"template":"","format":"standard","meta":{"footnotes":"","_share_on_mastodon":"0"},"categories":[174],"tags":[1468,2983,33189,7109,203,24031,204,24686,1537,90,89,58991,312365,4109,48351,253,10023],"class_list":["post-566714","post","type-post","status-publish","format-standard","has-post-thumbnail","category-intrattenimento","tag-abramo","tag-addio","tag-eleganza","tag-emilia","tag-entertainment","tag-icona","tag-intrattenimento","tag-ironia","tag-it","tag-italia","tag-italy","tag-maggiordomo","tag-orlandini","tag-pittore","tag-sgarbi","tag-tv","tag-vittorio"],"share_on_mastodon":{"url":"https:\/\/pubeurope.com\/@it\/116852522983799034","error":""},"_links":{"self":[{"href":"https:\/\/www.europesays.com\/it\/wp-json\/wp\/v2\/posts\/566714","targetHints":{"allow":["GET"]}}],"collection":[{"href":"https:\/\/www.europesays.com\/it\/wp-json\/wp\/v2\/posts"}],"about":[{"href":"https:\/\/www.europesays.com\/it\/wp-json\/wp\/v2\/types\/post"}],"author":[{"embeddable":true,"href":"https:\/\/www.europesays.com\/it\/wp-json\/wp\/v2\/users\/3"}],"replies":[{"embeddable":true,"href":"https:\/\/www.europesays.com\/it\/wp-json\/wp\/v2\/comments?post=566714"}],"version-history":[{"count":0,"href":"https:\/\/www.europesays.com\/it\/wp-json\/wp\/v2\/posts\/566714\/revisions"}],"wp:featuredmedia":[{"embeddable":true,"href":"https:\/\/www.europesays.com\/it\/wp-json\/wp\/v2\/media\/566715"}],"wp:attachment":[{"href":"https:\/\/www.europesays.com\/it\/wp-json\/wp\/v2\/media?parent=566714"}],"wp:term":[{"taxonomy":"category","embeddable":true,"href":"https:\/\/www.europesays.com\/it\/wp-json\/wp\/v2\/categories?post=566714"},{"taxonomy":"post_tag","embeddable":true,"href":"https:\/\/www.europesays.com\/it\/wp-json\/wp\/v2\/tags?post=566714"}],"curies":[{"name":"wp","href":"https:\/\/api.w.org\/{rel}","templated":true}]}}