{"id":566789,"date":"2026-07-02T22:43:27","date_gmt":"2026-07-02T22:43:27","guid":{"rendered":"https:\/\/www.europesays.com\/it\/566789\/"},"modified":"2026-07-02T22:43:27","modified_gmt":"2026-07-02T22:43:27","slug":"wimbledon-serena-williams-diserta-la-conferenza-stampa-e-invia-un-messaggio","status":"publish","type":"post","link":"https:\/\/www.europesays.com\/it\/566789\/","title":{"rendered":"Wimbledon, Serena Williams diserta la conferenza stampa e invia un messaggio"},"content":{"rendered":"<p>La leggenda americana \u00e8 stata battuta da Joint al primo turno di Wimbledon, sfoderando comunque una prestazione all\u2019altezza<\/p>\n<p><img data-lazyloaded=\"1\" fetchpriority=\"high\" decoding=\"async\" width=\"1024\" height=\"683\" src=\"https:\/\/www.europesays.com\/it\/wp-content\/uploads\/2026\/07\/WILLIAMS-SERENA_Wimb-26_14860-1024x683.jpg\" alt=\"\" class=\"wp-image-117627\"  data-\/>Foto di Ray Giubilo<\/p>\n<p><strong>Serena Williams <\/strong>\u00e8 tornata a disputare un match di singolare a quasi quattro anni di distanza dall\u2019ultima volta e lo ha fatto nel torneo pi\u00f9 importante di tutti. C\u2019era enorme attesa per rivedere la leggenda americana in azione a <strong>Wimbledon<\/strong>, dopo aver ricevuto una wild card dagli organizzatori, ed \u00e8 lecito affermare che la sua prestazione sia stata all\u2019altezza. L\u2019ex numero 1 del mondo si \u00e8 arresa in tre set a <strong>Maya Joint <\/strong>sul <strong>Centre Court<\/strong>, rimontando nella seconda frazione e conducendo di un break nel parziale decisivo, prima di accusare un calo fisico negli ultimi game.<\/p>\n<p>Tutti i giornalisti la attendeva in conferenza stampa per conoscere le sue sensazioni e farsi svelare i suoi programmi futuri. Tuttavia, la 23 volte campionessa Slam non si \u00e8 presentata e gli organizzatori le hanno concesso di affidare ad una breve nota i suoi pensieri. \u201c<strong>Sono entusiasta di essere tornata a Wimbledon<\/strong>\u201d \u2013 ha esordito Serena. \u201cNon mi sarei mai aspettata di giocare di nuovo qui. L\u2019atmosfera era fantastica e mi sono goduta ogni momento. <strong>Mi mancavano certe sensazioni pi\u00f9 di ogni altra cosa al mondo<\/strong>\u201d \u2013 ha aggiunto.<\/p>\n<p>La Williams sar\u00e0 impegnata nel torneo di doppio assieme a sua sorella <strong>Venus<\/strong>, con la chance di fare molta pi\u00f9 strada. Nonostante abbia 44 anni, la statunitense \u00e8 in ottima forma e parecchi ex giocatori sono convinti che la vedremo all\u2019opera anche agli <strong>US Open<\/strong>. Secondo l\u2019ex numero 1 del mondo <strong>Mats Wilander<\/strong>, il vero obiettivo di Serena \u00e8 quello di partecipare alle<strong> Olimpiadi di Los Angeles <\/strong>nel 2028. Ricordiamo che la Williams si era ritirata a <strong>New York<\/strong> nel 2022, ma non aveva mai chiuso le porte ad un possibile ritorno e adesso abbiamo capito il perch\u00e9. Soltanto il tempo ci dir\u00e0 cosa avr\u00e0 in serbo il futuro per questa intramontabile leggenda.<\/p>\n","protected":false},"excerpt":{"rendered":"La leggenda americana \u00e8 stata battuta da Joint al primo turno di Wimbledon, sfoderando comunque una prestazione all\u2019altezza&hellip;\n","protected":false},"author":3,"featured_media":566790,"comment_status":"","ping_status":"","sticky":false,"template":"","format":"standard","meta":{"footnotes":"","_share_on_mastodon":"0"},"categories":[1457],"tags":[1537,90,89,38248,245,244,1273,1274],"class_list":["post-566789","post","type-post","status-publish","format-standard","has-post-thumbnail","category-tennis","tag-it","tag-italia","tag-italy","tag-serena-williams","tag-sport","tag-sports","tag-tennis","tag-wimbledon"],"share_on_mastodon":{"url":"https:\/\/pubeurope.com\/@it\/116852806133706302","error":""},"_links":{"self":[{"href":"https:\/\/www.europesays.com\/it\/wp-json\/wp\/v2\/posts\/566789","targetHints":{"allow":["GET"]}}],"collection":[{"href":"https:\/\/www.europesays.com\/it\/wp-json\/wp\/v2\/posts"}],"about":[{"href":"https:\/\/www.europesays.com\/it\/wp-json\/wp\/v2\/types\/post"}],"author":[{"embeddable":true,"href":"https:\/\/www.europesays.com\/it\/wp-json\/wp\/v2\/users\/3"}],"replies":[{"embeddable":true,"href":"https:\/\/www.europesays.com\/it\/wp-json\/wp\/v2\/comments?post=566789"}],"version-history":[{"count":0,"href":"https:\/\/www.europesays.com\/it\/wp-json\/wp\/v2\/posts\/566789\/revisions"}],"wp:featuredmedia":[{"embeddable":true,"href":"https:\/\/www.europesays.com\/it\/wp-json\/wp\/v2\/media\/566790"}],"wp:attachment":[{"href":"https:\/\/www.europesays.com\/it\/wp-json\/wp\/v2\/media?parent=566789"}],"wp:term":[{"taxonomy":"category","embeddable":true,"href":"https:\/\/www.europesays.com\/it\/wp-json\/wp\/v2\/categories?post=566789"},{"taxonomy":"post_tag","embeddable":true,"href":"https:\/\/www.europesays.com\/it\/wp-json\/wp\/v2\/tags?post=566789"}],"curies":[{"name":"wp","href":"https:\/\/api.w.org\/{rel}","templated":true}]}}