{"id":567014,"date":"2026-07-03T02:17:42","date_gmt":"2026-07-03T02:17:42","guid":{"rendered":"https:\/\/www.europesays.com\/it\/567014\/"},"modified":"2026-07-03T02:17:42","modified_gmt":"2026-07-03T02:17:42","slug":"geolier-e-il-nuovo-tempo-del-successo-quando-i-sold-out-diventano-un-fenomeno-culturale-e-sociale","status":"publish","type":"post","link":"https:\/\/www.europesays.com\/it\/567014\/","title":{"rendered":"Geolier e il nuovo tempo del successo: quando i sold out diventano un fenomeno culturale e sociale"},"content":{"rendered":"<p>La crescita di <strong>Geolier<\/strong> non si misura soltanto nei numeri o nei traguardi raggiunti. \u00c8 soprattutto nella sua evoluzione artistica che emerge la trasformazione pi\u00f9 significativa: un percorso fatto di cambiamenti progressivi, in cui ogni nuovo lavoro amplia il precedente senza rinnegare le proprie radici.<\/p>\n<p>Il suo linguaggio non si limita pi\u00f9 alla descrizione del reale, ma tende a <strong>costruire immagini<\/strong>, stati d\u2019animo, percorsi emotivi riconoscibili anche al di fuori del suo contesto originario. Anche la produzione musicale si \u00e8 modificata nel tempo, aprendosi a sonorit\u00e0 pi\u00f9 complesse e meno schematiche. Non si tratta di <strong>una rottura con le origini<\/strong>, ma di un ampliamento costante del perimetro espressivo. \u00c8 qui che si misura una delle caratteristiche pi\u00f9 interessanti del suo percorso: la capacit\u00e0 di evolvere senza perdere riconoscibilit\u00e0, mantenendo una coerenza identitaria forte anche nel cambiamento.<\/p>\n<p>In questa prospettiva, ogni progetto appare come il naturale sviluppo del precedente, senza salti improvvisi o trasformazioni artificiali. La crescita artistica procede per <strong>stratificazioni<\/strong> successive, aggiungendo nuovi livelli di complessit\u00e0 senza rinunciare agli elementi che hanno costruito il rapporto iniziale con il pubblico. \u00c8 proprio questa continuit\u00e0 a rendere il suo percorso leggibile e credibile nel tempo.<\/p>\n<p>Parallelamente, le collaborazioni hanno contribuito a ridefinire il progetto artistico. L\u2019incontro con interpreti e produttori provenienti da esperienze diverse ha progressivamente spostato Geolier da un contesto esclusivamente urbano a una dimensione pi\u00f9 trasversale, senza per\u00f2 snaturarne la matrice originaria. Ogni collaborazione ha funzionato come un\u2019occasione di confronto pi\u00f9 che di semplice contaminazione, ampliando il raggio d\u2019azione del progetto senza alterarne la direzione.<\/p>\n<p>Questo passaggio, nel panorama italiano, non \u00e8 frequente: spesso l\u2019apertura al <strong>mainstream<\/strong> comporta una perdita di identit\u00e0. Nel suo caso, invece, sembra essersi verificato un processo inverso, in cui l\u2019<strong>identit\u00e0 si rafforza proprio attraverso l\u2019espansione<\/strong>. Pi\u00f9 aumenta la visibilit\u00e0 nazionale, infatti, pi\u00f9 risultano evidenti i riferimenti culturali e linguistici che ne definiscono la cifra stilistica.<\/p>\n<p>Lo stesso vale per la dimensione live. I <strong>concerti<\/strong> non sono pi\u00f9 semplici esibizioni, ma eventi collettivi che assumono una forma quasi rituale. Gli ospiti sul palco, le apparizioni inattese, la costruzione scenica e la partecipazione del pubblico contribuiscono a trasformare lo spettacolo in un dispositivo culturale pi\u00f9 che musicale. Il live diventa un <strong>luogo di riconoscimento reciproco<\/strong>, un momento in cui la comunit\u00e0 si manifesta in forma esplicita.<\/p>\n<p>Anche la <strong>componente emotiva<\/strong> assume un ruolo centrale: il concerto diventa un\u2019esperienza condivisa che rafforza il senso di appartenenza costruito durante l\u2019ascolto quotidiano. In questo senso, il sold out non \u00e8 un indicatore strutturale. Non misura soltanto la popolarit\u00e0, ma la densit\u00e0 del legame tra artista e pubblico. E soprattutto misura qualcosa che precede il concerto stesso: <strong>l\u2019attesa<\/strong>.<\/p>\n<p>La capacit\u00e0 di generare domanda su archi temporali lunghissimi, fino a rendere sold out un tour annunciato per il <strong>2027<\/strong> <strong>e limitato a Napoli<\/strong>, rappresenta un elemento che va oltre le dinamiche ordinarie del mercato musicale contemporaneo. Qui il fenomeno cambia natura. Non riguarda pi\u00f9 soltanto la musica o l\u2019artista, ma la relazione tra tempo, appartenenza e identit\u00e0 collettiva.<\/p>\n<p>Il pubblico non acquista soltanto un biglietto: <strong>anticipa un\u2019esperienza<\/strong> che ha gi\u00e0 valore nel presente, indipendentemente dalla sua realizzazione futura. \u00c8 un meccanismo che ribalta la logica tradizionale dell\u2019industria culturale, dove il tempo dell\u2019offerta precede quello della domanda. Si crea cos\u00ec una forma di partecipazione anticipata, nella quale il valore simbolico dell\u2019evento si consolida molto prima della sua effettiva realizzazione.<\/p>\n<p><strong>Napoli<\/strong>, in questo scenario, non \u00e8 uno sfondo ma una <strong>struttura narrativa e culturale<\/strong>. Negli ultimi anni la citt\u00e0 ha prodotto una propria grammatica musicale riconoscibile, capace di influenzare il linguaggio nazionale. Geolier ne \u00e8 uno degli interpreti pi\u00f9 evidenti, ma anche uno dei pi\u00f9 sistematici: ogni suo progetto si inserisce in una traiettoria coerente in cui crescita personale e crescita del pubblico procedono insieme.<\/p>\n<p>La citt\u00e0 non viene semplicemente raccontata, ma diventa un <strong>elemento costitutivo della narrazione<\/strong> artistica, una presenza costante che contribuisce a definire immaginario, linguaggio e prospettive.\u00a0C\u2019\u00e8 anche una dimensione generazionale che non pu\u00f2 essere ignorata. Il <strong>pubblico<\/strong> che segue <strong>Geolier<\/strong> non \u00e8 soltanto numeroso:<strong> \u00e8 stabile, fidelizzato, fortemente identificato<\/strong>. Non si limita a consumare musica, ma la utilizza come strumento di riconoscimento. \u00c8 una forma di appartenenza che supera la logica del semplice ascolto e si avvicina a quella dell\u2019identit\u00e0 condivisa.<\/p>\n<p>In questo quadro, il <strong>successo<\/strong> non \u00e8 pi\u00f9 un punto di arrivo ma un <strong>processo continuo<\/strong>. Ogni nuovo annuncio, ogni nuovo live gi\u00e0 esaurito non fa che rafforzare un meccanismo che si autoalimenta e che sembra destinato a durare nel tempo, ridefinendo anche le modalit\u00e0 con cui si misura oggi la popolarit\u00e0 musicale in Italia. Serve una chiave interpretativa che tenga insieme territorio, linguaggio, industria culturale e trasformazione del pubblico.<\/p>\n<p><strong>Perch\u00e9 ci\u00f2 che accade attorno a Geolier non \u00e8 soltanto l\u2019ascesa di un artista<\/strong>, ma la costruzione progressiva di un<strong> immaginario collettivo<\/strong>. Un immaginario che continua ad ampliarsi senza perdere coerenza e che dimostra come il rapporto tra artista e comunit\u00e0 possa diventare uno degli elementi pi\u00f9 solidi della musica contemporanea. E forse \u00e8 proprio questo il punto decisivo: la sua musica non si limita a essere ascoltata. <strong>Viene riconosciuta.<\/strong><\/p>\n","protected":false},"excerpt":{"rendered":"La crescita di Geolier non si misura soltanto nei numeri o nei traguardi raggiunti. \u00c8 soprattutto nella sua&hellip;\n","protected":false},"author":3,"featured_media":567015,"comment_status":"","ping_status":"","sticky":false,"template":"","format":"standard","meta":{"footnotes":"","_share_on_mastodon":"0"},"categories":[1443],"tags":[203,9630,204,1537,90,89,1538,1539],"class_list":["post-567014","post","type-post","status-publish","format-standard","has-post-thumbnail","category-musica","tag-entertainment","tag-geolier","tag-intrattenimento","tag-it","tag-italia","tag-italy","tag-music","tag-musica"],"share_on_mastodon":{"url":"https:\/\/pubeurope.com\/@it\/116853646707329585","error":""},"_links":{"self":[{"href":"https:\/\/www.europesays.com\/it\/wp-json\/wp\/v2\/posts\/567014","targetHints":{"allow":["GET"]}}],"collection":[{"href":"https:\/\/www.europesays.com\/it\/wp-json\/wp\/v2\/posts"}],"about":[{"href":"https:\/\/www.europesays.com\/it\/wp-json\/wp\/v2\/types\/post"}],"author":[{"embeddable":true,"href":"https:\/\/www.europesays.com\/it\/wp-json\/wp\/v2\/users\/3"}],"replies":[{"embeddable":true,"href":"https:\/\/www.europesays.com\/it\/wp-json\/wp\/v2\/comments?post=567014"}],"version-history":[{"count":0,"href":"https:\/\/www.europesays.com\/it\/wp-json\/wp\/v2\/posts\/567014\/revisions"}],"wp:featuredmedia":[{"embeddable":true,"href":"https:\/\/www.europesays.com\/it\/wp-json\/wp\/v2\/media\/567015"}],"wp:attachment":[{"href":"https:\/\/www.europesays.com\/it\/wp-json\/wp\/v2\/media?parent=567014"}],"wp:term":[{"taxonomy":"category","embeddable":true,"href":"https:\/\/www.europesays.com\/it\/wp-json\/wp\/v2\/categories?post=567014"},{"taxonomy":"post_tag","embeddable":true,"href":"https:\/\/www.europesays.com\/it\/wp-json\/wp\/v2\/tags?post=567014"}],"curies":[{"name":"wp","href":"https:\/\/api.w.org\/{rel}","templated":true}]}}