{"id":567032,"date":"2026-07-03T02:32:29","date_gmt":"2026-07-03T02:32:29","guid":{"rendered":"https:\/\/www.europesays.com\/it\/567032\/"},"modified":"2026-07-03T02:32:29","modified_gmt":"2026-07-03T02:32:29","slug":"choruslife-nuovo-sponsor-del-volley-femminile-si-giochera-anche-nellarena","status":"publish","type":"post","link":"https:\/\/www.europesays.com\/it\/567032\/","title":{"rendered":"ChorusLife nuovo sponsor del Volley femminile, si giocher\u00e0 anche nell&#8217;Arena"},"content":{"rendered":"<p>    di<br \/>\n    Donatella Tiraboschi<\/p>\n<p class=\"summary-art is-line-h-12\">Il patron Bosatelli: \u00abInvestiamo sulle nuove generazioni\u00bb. Nel caso di mancato incrocio delle date con Chorus,  la piazza di gioco si conferma a Treviglio<\/p>\n<p class=\"chapter-paragraph\">Dietro l\u2019inglesismo del \u00abtitle sponsor\u00bb, vale a dire lo sponsor principale che d\u00e0 il proprio nome alla compagine sportiva, si nasconde una sostanziale certezza. Per il <b>Volley Bergamo 1991 <\/b> contare su <b>ChorusLife nella veste di super sponsor<\/b> per i prossimi tre anni significa poter programmare il futuro con una certa tranquillit\u00e0. E la programmazione nello sport \u00e8 tutto, per poter traguardare gli obiettivi su un medio termine, valutare gli investimenti e sgravarsi dall\u2019incombenza annuale di cercare e trovare chi ti pu\u00f2 dare una (grossa) mano a far quadrare i conti.\u00a0<\/p>\n<p class=\"chapter-paragraph\">Per la new ChorusLife Volley Bergamo, <b>gi\u00e0 Foppapedretti e pi\u00f9 recentemente Volley Bergamo 1991<\/b>, nuovo nome e vita nuova, in un certo senso, perch\u00e9 una linea di galleggiamento finanziario sicuro e di sostanza \u00e8 quello che ci vuole per riportare il ruolo di Bergamo tra le grandi realt\u00e0 della pallavolo femminile italiana, valorizzando il talento, costruendo una filiera sportiva d\u2019eccellenza e rendendo il club sempre pi\u00f9 attrattivo per atlete, tecnici, partner e competenze di livello nazionale e internazionale. Dunque una scelta voluta fortemente dal patron di ChorusLife, <b>Fabio Bosatelli <\/b>che, dismesso l\u2019altro \u00abtitle sponsor\u00bb sportivo di pregio (il nome dello stadio) ha deciso di puntare sul volley femminile e sulla  tradizione, completata con l\u2019integrazione del settore giovanile Chorus Volley Bergamo Academy, che entrer\u00e0 a far parte del progetto dando vita a una filiera tecnica unitaria.\u00a0    &#13;<br \/>\n&#13;<br \/>\n&#13;<br \/>\n&#13;<br \/>\n&#13;<br \/>\n&#13;<br \/>\n&#13;<br \/>\n&#13;<br \/>\n&#13;<br \/>\n&#13;<br \/>\n&#13;<br \/>\n&#13;<br \/>\n&#13;<br \/>\n&#13;<br \/>\n&#13;<br \/>\n&#13;<br \/>\n&#13;<br \/>\n&#13;<br \/>\n&#13;<br \/>\n&#13;<br \/>\n&#13;<br \/>\n&#13;<br \/>\n&#13;<br \/>\n&#13;<br \/>\n&#13;<br \/>\n&#13;<br \/>\n&#13;<br \/>\n&#13;<br \/>\n&#13;<br \/>\n&#13;<br \/>\n&#13;<br \/>\n&#13;<br \/>\n&#13;<br \/>\n&#13;<br \/>\n&#13;<br \/>\n&#13;<br \/>\n&#13;<br \/>\n&#13;<br \/>\n&#13;<br \/>\n&#13;<br \/>\n&#13;<br \/>\n&#13;<br \/>\n&#13;<br \/>\n&#13;<br \/>\n&#13;<br \/>\n&#13;<br \/>\n&#13;<br \/>\n&#13;<br \/>\n&#13;<br \/>\n&#13;<br \/>\n&#13;<br \/>\n&#13;<br \/>\n&#13;\n<\/p>\n<p class=\"chapter-paragraph\">\u00ab\u00c8 una scelta che nasce dalla volont\u00e0 di investire ancora una volta sul territorio,<b> sulle persone e sulle nuove generazioni<\/b>, nella convinzione che un\u2019impresa possa contribuire concretamente alla crescita della comunit\u00e0 di cui fa parte\u00bb, <b>dice Bosatelli<\/b>, con grande soddisfazione di <b>Stefano Rovetta,<\/b> socio fondatore di Volley Bergamo 1991 e membro del cda: \u00ab\u00c8 un progetto pi\u00f9 forte, pi\u00f9 strutturato e pi\u00f9 attrattivo, costruito nel rispetto della nostra identit\u00e0\u00bb. Oltre che sponsor il Chorus diventer\u00e0 per qualche partita anche la casa della squadra: \u00ab<b>Il calendario \u00e8 in uscita a fine luglio <\/b>\u2014 spiega il presidente del cda Andrea Veneziani \u2014, si tratter\u00e0 di incrociare le date dell\u2019Arena libere con le nostre partite\u00bb. <b>Nel caso di \u00abmancato incrocio\u00bb, la piazza di gioco si conferma a Treviglio.<\/b><\/p>\n<p class=\"is-mr-t-20 is-mr-b-20\"><b><br \/>\n                    <a href=\"https:\/\/bergamo.corriere.it\/?intcmp=Notizielocali_nd_010623_corriere_ss_bergamo\" target=\"_blank\" rel=\"nofollow noopener\">Vai a tutte le notizie di Bergamo<\/a><br \/>\n            <\/b><\/p>\n<p class=\"chapter-paragraph\"><b><a href=\"https:\/\/www.corriere.it\/newsletter\/?theme=61&amp;intcmp=NL-artic_nd_050624_corriere_ss_bergamo\" target=\"_blank\" rel=\"nofollow noopener\">Iscriviti alla newsletter di Corriere Bergamo<\/a><\/b><\/p>\n<p class=\"is-last-update\" datetime=\"2026-07-01T15:08:14+02:00\">1 luglio 2026<\/p>\n<p class=\"is-copyright\">\n            \u00a9 RIPRODUZIONE RISERVATA\n        <\/p>\n","protected":false},"excerpt":{"rendered":"di Donatella Tiraboschi Il patron Bosatelli: \u00abInvestiamo sulle nuove generazioni\u00bb. Nel caso di mancato incrocio delle date con&hellip;\n","protected":false},"author":3,"featured_media":567033,"comment_status":"","ping_status":"","sticky":false,"template":"","format":"standard","meta":{"footnotes":"","_share_on_mastodon":"0"},"categories":[1474],"tags":[5295,94783,1687,312524,1415,158956,129143,4385,312525,10696,2097,1944,17967,10814,2024,312526,312527,25997,1537,90,89,9793,312528,1693,2508,95715,9436,245,244,1869,111367],"class_list":["post-567032","post","type-post","status-publish","format-standard","has-post-thumbnail","category-volley","tag-arena","tag-attrattivo","tag-bergamo","tag-bosatelli","tag-cda","tag-chorus","tag-choruslife","tag-conferma","tag-conferma-treviglio","tag-date","tag-far","tag-femminile","tag-filiera","tag-generazioni","tag-gioco","tag-gioco-conferma","tag-gioco-conferma-treviglio","tag-incrocio","tag-it","tag-italia","tag-italy","tag-mancato","tag-mancato-incrocio","tag-nome","tag-nuove","tag-nuove-generazioni","tag-sponsor","tag-sport","tag-sports","tag-volley","tag-volley-bergamo"],"share_on_mastodon":{"url":"https:\/\/pubeurope.com\/@it\/116853705634267402","error":""},"_links":{"self":[{"href":"https:\/\/www.europesays.com\/it\/wp-json\/wp\/v2\/posts\/567032","targetHints":{"allow":["GET"]}}],"collection":[{"href":"https:\/\/www.europesays.com\/it\/wp-json\/wp\/v2\/posts"}],"about":[{"href":"https:\/\/www.europesays.com\/it\/wp-json\/wp\/v2\/types\/post"}],"author":[{"embeddable":true,"href":"https:\/\/www.europesays.com\/it\/wp-json\/wp\/v2\/users\/3"}],"replies":[{"embeddable":true,"href":"https:\/\/www.europesays.com\/it\/wp-json\/wp\/v2\/comments?post=567032"}],"version-history":[{"count":0,"href":"https:\/\/www.europesays.com\/it\/wp-json\/wp\/v2\/posts\/567032\/revisions"}],"wp:featuredmedia":[{"embeddable":true,"href":"https:\/\/www.europesays.com\/it\/wp-json\/wp\/v2\/media\/567033"}],"wp:attachment":[{"href":"https:\/\/www.europesays.com\/it\/wp-json\/wp\/v2\/media?parent=567032"}],"wp:term":[{"taxonomy":"category","embeddable":true,"href":"https:\/\/www.europesays.com\/it\/wp-json\/wp\/v2\/categories?post=567032"},{"taxonomy":"post_tag","embeddable":true,"href":"https:\/\/www.europesays.com\/it\/wp-json\/wp\/v2\/tags?post=567032"}],"curies":[{"name":"wp","href":"https:\/\/api.w.org\/{rel}","templated":true}]}}