{"id":567091,"date":"2026-07-03T03:33:29","date_gmt":"2026-07-03T03:33:29","guid":{"rendered":"https:\/\/www.europesays.com\/it\/567091\/"},"modified":"2026-07-03T03:33:29","modified_gmt":"2026-07-03T03:33:29","slug":"mondiali-fifa-2026-gol-gvardiol-annullato-dal-var-ecco-perche","status":"publish","type":"post","link":"https:\/\/www.europesays.com\/it\/567091\/","title":{"rendered":"Mondiali Fifa 2026, gol Gvardiol annullato dal Var, ecco perch\u00e9"},"content":{"rendered":"<p>                                A decidere il sedicesimo tra Portogallo e Croazia \u00e8 stata la tecnologia \u201cconnected ball\u201d, creata dalla Fifa insieme ad Adidas. Un sensore nella sfera di gioco che lavora a una frequenza nettamente superiore a quella delle immagini tv, aiuto fondamentale per l&#8217;arbitro Eskas<\/p>\n<p class=\"paragraph\" spellcheck=\"true\">Nella partita finora pi\u00f9 folle di questo Mondiale anche la tecnologia \u00e8 diventata protagonista. Al 104\u2019 di Portogallo-Croazia, con Modric e compagni in campo a festeggiare il gol del 2-2 di Gvardiol che valeva i supplementari, l\u2019arbitro norvegese Eskas si \u00e8 diretto al Var e sulle tv di tutti gli appassionati \u00e8 comparsa una piccola onda, in concomitanza con il tocco di testa di Matanovic, con il pallone poi finito a Pasalic e, dopo una carambola, in gol. E proprio quella piccola onda \u00e8 stata decisiva.<\/p>\n<p>        l&#8217;aiuto della tecnologia\u2014 \u00a0<\/p>\n<p class=\"paragraph\" spellcheck=\"true\">Tra gol, traverse e pure un recupero record, Portogallo-Croazia \u00e8 stata s\u00ec decisa al Var, con l\u2019annullamento del 2-2 croato per fuorigioco di Pasalic, ma con un aiuto particolare: un piccolo chip inserito nel pallone che, da qualche anno ormai, consente agli arbitri di individuare il momento esatto del tocco della palla da parte dei giocatori. Anche in casi di tocchi impercettibili, guardando e riguardando il replay, come quello di Matanovic. E che probabilmente al Var non avrebbero avuto modo di verificare, quantomeno a occhio nudo. Infatti in aiuto dell\u2019arbitro \u00e8 arrivata una piccola onda che \u00e8 anche comparsa sugli schermi: non a tutti sar\u00e0 sembrata chiarissima, ma si tratta della tecnologia \u201cconnected ball\u201d creata dalla Fifa insieme ad Adidas.<\/p>\n<p>        come lavora il sensore\u2014 \u00a0<\/p>\n<p class=\"paragraph\" spellcheck=\"true\">Come funziona? Il cuore del sistema \u00e8 un sensore IMU (Inertial Measurement Unit), una minuscola unit\u00e0 di misura inerziale inserita direttamente all\u2019interno del pallone Trionda di Adidas per questo Mondiale. Il sensore in particolare lavora a una frequenza di 500 Hz, cio\u00e8 raccoglie dati 500 volte al secondo su accelerazioni, rotazioni e movimenti tridimensionali del pallone. Questa frequenza \u00e8 nettamente superiore a quella delle riprese televisive, che normalmente registrano circa 50 fotogrammi al secondo, e permette di individuare con estrema precisione l\u2019istante esatto in cui un calciatore tocca il pallone.<\/p>\n<p>        il processo\u2014 \u00a0<\/p>\n<p class=\"paragraph\" spellcheck=\"true\">Le informazioni vengono trasmesse in tempo reale alla sala Var, dove sono combinate con quelle raccolte dalle 16 telecamere di tracciamento installate nello stadio. Le telecamere monitorano continuamente posizione del pallone e dei giocatori, acquisendo fino a 29 punti di riferimento per ogni calciatore 50 volte al secondo. Un sistema di intelligenza artificiale incrocia tutti questi dati e genera automaticamente gli avvisi destinati agli arbitri video. L\u2019aiuto maggiore per gli arbitri riguarda il fuorigioco semiautomatico, visto che consente di identificare con precisione assoluta il momento in cui il pallone viene passato, ma la tecnologia \u00e8 utile anche per confermare eventuali tocchi di mano o deviazioni: la decisione finale, comunque, resta sempre all\u2019arbitro di campo ed \u00e8 per questo che Eskas \u00e8 stato richiamato al monitor dal Var per annullare la rete della Croazia.<\/p>\n<p><a class=\"is-partner-link\" href=\"https:\/\/abbonamenti.gazzetta.it\/de-promo-mondiali\/?pwcmp=cta&amp;forceBrowser=true\" rel=\"nofollow noopener\" target=\"_blank\">Gazzetta Mondiale: ogni notte un\u2019edizione straordinaria esclusiva. Non perdertela, abbonati a 1\u20ac\/mese!<\/a><\/p>\n<p>        i precedenti\u2014 \u00a0<\/p>\n<p class=\"paragraph\" spellcheck=\"true\">Non si tratta di una tecnologia nuova. Adidas e la Fifa infatti l\u2019avevano introdotta gi\u00e0 per il Mondiale 2022 ed \u00e8 stata poi usata anche agli Europei 2024 (dove assegn\u00f2 un gol a Bruno Fernandes nonostante Cristiano Ronaldo sostenesse di aver toccato il pallone) e nel Mondiale per Club 2025. Ma anche in questa edizione del torneo aveva gi\u00e0 fatto capolino, confermando la validit\u00e0 di una rete di Svanberg in Svezia-Tunisia nella fase a gironi.<\/p>\n<p class=\"is-copyright\">\u00a9 RIPRODUZIONE RISERVATA<\/p>\n","protected":false},"excerpt":{"rendered":"A decidere il sedicesimo tra Portogallo e Croazia \u00e8 stata la tecnologia \u201cconnected ball\u201d, creata dalla Fifa insieme&hellip;\n","protected":false},"author":3,"featured_media":567092,"comment_status":"","ping_status":"","sticky":false,"template":"","format":"standard","meta":{"footnotes":"","_share_on_mastodon":"0"},"categories":[1452],"tags":[26290,24,12853,29372,13146,148055,312568,312569,2281,721,921,14661,52152,312570,312571,312572,19050,11373,312573,7144,312565,32956,1740,2156,1976,1537,90,89,3441,1353,9167,1955,7900,312566,17294,312567,57079,1739,245,244,196,29373],"class_list":["post-567091","post","type-post","status-publish","format-standard","has-post-thumbnail","category-calcio","tag-adidas","tag-aiuto","tag-annullare","tag-arbitri","tag-arbitro","tag-ball","tag-ball-creata","tag-ball-creata-fifa","tag-calciatore","tag-calcio","tag-campo","tag-chip","tag-comparsa","tag-connected","tag-connected-ball","tag-connected-ball-creata","tag-consente","tag-creata","tag-creata-fifa","tag-croazia","tag-eskas","tag-fifa","tag-football","tag-frequenza","tag-gol","tag-it","tag-italia","tag-italy","tag-lavora","tag-mondiale","tag-onda","tag-pallone","tag-piccola","tag-piccola-onda","tag-portogallo","tag-portogallo-croazia","tag-sensore","tag-soccer","tag-sport","tag-sports","tag-tecnologia","tag-var"],"share_on_mastodon":{"url":"https:\/\/pubeurope.com\/@it\/116853945509474909","error":""},"_links":{"self":[{"href":"https:\/\/www.europesays.com\/it\/wp-json\/wp\/v2\/posts\/567091","targetHints":{"allow":["GET"]}}],"collection":[{"href":"https:\/\/www.europesays.com\/it\/wp-json\/wp\/v2\/posts"}],"about":[{"href":"https:\/\/www.europesays.com\/it\/wp-json\/wp\/v2\/types\/post"}],"author":[{"embeddable":true,"href":"https:\/\/www.europesays.com\/it\/wp-json\/wp\/v2\/users\/3"}],"replies":[{"embeddable":true,"href":"https:\/\/www.europesays.com\/it\/wp-json\/wp\/v2\/comments?post=567091"}],"version-history":[{"count":0,"href":"https:\/\/www.europesays.com\/it\/wp-json\/wp\/v2\/posts\/567091\/revisions"}],"wp:featuredmedia":[{"embeddable":true,"href":"https:\/\/www.europesays.com\/it\/wp-json\/wp\/v2\/media\/567092"}],"wp:attachment":[{"href":"https:\/\/www.europesays.com\/it\/wp-json\/wp\/v2\/media?parent=567091"}],"wp:term":[{"taxonomy":"category","embeddable":true,"href":"https:\/\/www.europesays.com\/it\/wp-json\/wp\/v2\/categories?post=567091"},{"taxonomy":"post_tag","embeddable":true,"href":"https:\/\/www.europesays.com\/it\/wp-json\/wp\/v2\/tags?post=567091"}],"curies":[{"name":"wp","href":"https:\/\/api.w.org\/{rel}","templated":true}]}}