{"id":567122,"date":"2026-07-03T04:01:32","date_gmt":"2026-07-03T04:01:32","guid":{"rendered":"https:\/\/www.europesays.com\/it\/567122\/"},"modified":"2026-07-03T04:01:32","modified_gmt":"2026-07-03T04:01:32","slug":"re-carlo-e-la-cena-di-famiglia-a-edimburgo-fuori-programma-per-discutere-del-ritorno-di-harry-in-estate","status":"publish","type":"post","link":"https:\/\/www.europesays.com\/it\/567122\/","title":{"rendered":"Re Carlo e la cena di famiglia a Edimburgo, fuori programma (per discutere del ritorno di Harry in estate?)"},"content":{"rendered":"<p>Il sovrano in Scozia per la Royal Week ha chiamato attorno a un tavolo il figlio William e il fratello Edoardo. Camilla vede JK Rowling<\/p>\n<p class=\"chapter-paragraph\"><b>EDIMBURGO &#8211; Riunione di famiglia, Windsor, in Scozia <\/b>in vista della visita di Harry e Meghan nel Regno Unito a giorni ormai. Re Carlo III che ieri ha ricevuto le chiavi dalla citt\u00e0 di Edimburgo come tradizione all\u2019inizio della Royal Week \u2013 la settimana che trascorre ogni estate in Scozia \u2013 ha offerto un insolito quanto raro momento conviviale al castello di Holyroodhouse Palace la residenza ufficiale della Royal family quando si trova in Scozia.\u00a0<\/p>\n<p class=\"chapter-paragraph\"><b>Invitato, a tavola col re, il figlio William<\/b> che in Scozia ha festeggiato i traguardi del suo progetto Homewards per dar battaglia al dramma dei senza fissa dimora proprio mentre oggi la  madre la principessa dei cuori <b>Diana<\/b> che ai senza tetto aveva dedicato tante energie, avrebbe festeggiato 65 anni. <b>E Harry con Meghan avrebbe intenzione di portare in visita nel Regno Unito anche la famiglia, il figlio Archie e la figlia Lilibeth Diana<\/b>, anche a visitare la tomba dove riposa la nonna, Diana, che non hanno mai conosciuto.\u00a0    &#13;<br \/>\n&#13;<br \/>\n&#13;<br \/>\n&#13;<br \/>\n&#13;<br \/>\n&#13;<br \/>\n&#13;<br \/>\n&#13;<br \/>\n&#13;<br \/>\n&#13;<br \/>\n&#13;<br \/>\n&#13;<br \/>\n&#13;<br \/>\n&#13;<br \/>\n&#13;<br \/>\n&#13;<br \/>\n&#13;<br \/>\n&#13;<br \/>\n&#13;<br \/>\n&#13;<br \/>\n&#13;<br \/>\n&#13;<br \/>\n&#13;<br \/>\n&#13;<br \/>\n&#13;<br \/>\n&#13;<br \/>\n&#13;<br \/>\n&#13;<br \/>\n&#13;<br \/>\n&#13;<br \/>\n&#13;<br \/>\n&#13;<br \/>\n&#13;<br \/>\n&#13;<br \/>\n&#13;<br \/>\n&#13;<br \/>\n&#13;<br \/>\n&#13;<br \/>\n&#13;<br \/>\n&#13;<br \/>\n&#13;<br \/>\n&#13;<br \/>\n&#13;<br \/>\n&#13;<br \/>\n&#13;<br \/>\n&#13;<br \/>\n&#13;<br \/>\n&#13;<br \/>\n&#13;<br \/>\n&#13;<br \/>\n&#13;<br \/>\n&#13;<br \/>\n&#13;\n<\/p>\n<p class=\"chapter-paragraph\">Ma oltre al principe di Galles che poi oggi in una Edimburgo blindata dalla sicurezza ha preso parte con re Carlo e lo zio Edoardo duca di Edimburgo, al rito annuale dell\u2019Ordine del Cardo, alla cattedrale di St Giles, riuniti attorno a un tavolo dal sovrano per discutere presumibilmente questioni di famiglia (e Harry della famiglia \u00e8 parte), <b>c\u2019erano anche il principe Edoardo e la principessa Anna <\/b>secondo la ricostruzione del Daily Mail. Insomma, se un anno fa di questi giorni gli emissari del re s\u2019incontravano in un club di Pall Mall per gettare le basi della distensione dopo la Megxit, ieri il passo successivo per riportare la pace in famiglia, si sarebbe consumato in Scozia.<\/p>\n<p class=\"chapter-paragraph\"><b>Qui dove ogni anno i Windsor invitano al Royal garden party d\u2019estate a Holyroodhouse<\/b> personalit\u00e0 e societ\u00e0 civile. Riuniti dal rito pi\u00f9 ambito della Season della Royal family. La regina Camilla? Intanto incontrava in Scozia la scrittrice quintessentially scottish, <b>JK Rowling. Per parlare di libri, passione condivisa dalla regina lettrice., alla lettera<\/b>, visto che ha fondato la The Queen\u2019s Reading Room.\u00a0\u00a0<\/p>\n<p class=\"is-last-update\" datetime=\"2026-07-02T02:57:57+02:00\">2 luglio 2026 ( modifica il 2 luglio 2026 | 02:57)<\/p>\n<p class=\"is-copyright\">\n            \u00a9 RIPRODUZIONE RISERVATA\n        <\/p>\n","protected":false},"excerpt":{"rendered":"Il sovrano in Scozia per la Royal Week ha chiamato attorno a un tavolo il figlio William e&hellip;\n","protected":false},"author":3,"featured_media":567123,"comment_status":"","ping_status":"","sticky":false,"template":"","format":"standard","meta":{"footnotes":"","_share_on_mastodon":"0"},"categories":[1451],"tags":[11277,312575,40898,2387,1621,1620,31116,36590,47527,25904,203,1533,1909,41798,26113,2716,312576,303,108714,312577,204,1537,90,89,312578,85856,57492,2516,10233,2198,2010],"class_list":["post-567122","post","type-post","status-publish","format-standard","has-post-thumbnail","category-celebrita","tag-attorno","tag-attorno-tavolo","tag-camilla","tag-carlo","tag-celebrita","tag-celebrities","tag-diana","tag-discutere","tag-edimburgo","tag-edoardo","tag-entertainment","tag-estate","tag-famiglia","tag-family","tag-festeggiato","tag-figlio","tag-figlio-william","tag-harry","tag-harry-meghan","tag-holyroodhouse","tag-intrattenimento","tag-it","tag-italia","tag-italy","tag-jk","tag-jk-rowling","tag-meghan","tag-re","tag-re-carlo","tag-royal","tag-scozia"],"share_on_mastodon":{"url":"https:\/\/pubeurope.com\/@it\/116854055700801895","error":""},"_links":{"self":[{"href":"https:\/\/www.europesays.com\/it\/wp-json\/wp\/v2\/posts\/567122","targetHints":{"allow":["GET"]}}],"collection":[{"href":"https:\/\/www.europesays.com\/it\/wp-json\/wp\/v2\/posts"}],"about":[{"href":"https:\/\/www.europesays.com\/it\/wp-json\/wp\/v2\/types\/post"}],"author":[{"embeddable":true,"href":"https:\/\/www.europesays.com\/it\/wp-json\/wp\/v2\/users\/3"}],"replies":[{"embeddable":true,"href":"https:\/\/www.europesays.com\/it\/wp-json\/wp\/v2\/comments?post=567122"}],"version-history":[{"count":0,"href":"https:\/\/www.europesays.com\/it\/wp-json\/wp\/v2\/posts\/567122\/revisions"}],"wp:featuredmedia":[{"embeddable":true,"href":"https:\/\/www.europesays.com\/it\/wp-json\/wp\/v2\/media\/567123"}],"wp:attachment":[{"href":"https:\/\/www.europesays.com\/it\/wp-json\/wp\/v2\/media?parent=567122"}],"wp:term":[{"taxonomy":"category","embeddable":true,"href":"https:\/\/www.europesays.com\/it\/wp-json\/wp\/v2\/categories?post=567122"},{"taxonomy":"post_tag","embeddable":true,"href":"https:\/\/www.europesays.com\/it\/wp-json\/wp\/v2\/tags?post=567122"}],"curies":[{"name":"wp","href":"https:\/\/api.w.org\/{rel}","templated":true}]}}