{"id":567154,"date":"2026-07-03T04:29:13","date_gmt":"2026-07-03T04:29:13","guid":{"rendered":"https:\/\/www.europesays.com\/it\/567154\/"},"modified":"2026-07-03T04:29:13","modified_gmt":"2026-07-03T04:29:13","slug":"bellini-e-mantegna-allo-specchio-il-rinascimento-tra-rimini-e-venezia","status":"publish","type":"post","link":"https:\/\/www.europesays.com\/it\/567154\/","title":{"rendered":"Bellini e Mantegna allo specchio . Il Rinascimento tra Rimini e Venezia"},"content":{"rendered":"<p>Due capolavori del <strong>Rinascimento<\/strong> per un viaggio tra <strong>Rimini<\/strong> e <strong>Venezia<\/strong>. La Piet\u00e0 riminese di <strong>Giovanni Bellini<\/strong> torna finalmente a Rimini, dopo il recente restauro \u2013 curato dalla Fondazione Venetian Heritage \u2013 e la mostra che l\u2019ha vista protagonista alla Morgan Library and Museum a New York, per uno dei grandi eventi culturali dell\u2019estate. Il 18 luglio al Museo della Citt\u00e0 inaugurer\u00e0 Il codice della Passione \u2013 <strong>Bellini e Mantegna<\/strong> allo specchio, la mostra in cui l\u2019opera di Bellini \u2019dialogher\u00e0\u2019 con un altro capolavoro, il San Sebastiano di <strong>Andrea Mantegna<\/strong> dalla Galleria Franchetti di Ca\u2019 d\u2019Oro, secondo un modello gi\u00e0 felicemente sperimentato a Venezia. Allestita nella manica lunga del museo fino al 10 gennaio, l\u2019esposizione enfatizzer\u00e0 il confronto tra due maestri del Rinascimento, che legano Rimini a Venezia e alle corti padane. La mostra permetter\u00e0 di riscoprire la relazione storica tra i due artisti, uniti da legami famigliari \u2013 Mantegna spos\u00f2 la sorella di Bellini \u2013 e da una fitta rete di reciproche contaminazioni, ma allo stesso tempo distinti da scelte poetiche molto differenziate. Il tema della passione metter\u00e0 in luce la divergenza tra l\u2019umanesimo tragico, incarnato nell\u2019impaginazione drammatica e quasi estatica del San Sebastiano di Mantegna, e il profondo silenzio mistico della Piet\u00e0 di Bellini.<\/p>\n<p>Insieme alle loro opere, Il codice della passione presenter\u00e0 anche una rarit\u00e0: clipeo con iniziali e stemma di Roberto Malatesta detto il Magnifico, in cui molti studiosi hanno inteso identificare il committente della Piet\u00e0 di Bellini. &#8220;Questa mostra \u2013 osserva il sindaco Jamil Sadegholvaad \u2013 \u00e8 il frutto di un dialogo: tra capolavori, tra citt\u00e0, tra istituzioni. Perch\u00e9 Rimini oggi \u00e8 una citt\u00e0 che sa valorizzare il suo patrimonio, aprendolo alla ricerca e al dialogo con il mondo&#8221;.<\/p>\n","protected":false},"excerpt":{"rendered":"Due capolavori del Rinascimento per un viaggio tra Rimini e Venezia. La Piet\u00e0 riminese di Giovanni Bellini torna&hellip;\n","protected":false},"author":3,"featured_media":567155,"comment_status":"","ping_status":"","sticky":false,"template":"","format":"standard","meta":{"footnotes":"","_share_on_mastodon":"0"},"categories":[1446],"tags":[1615,1613,1614,1611,1610,20445,1612,203,204,1537,90,89,250259,10973,56365,17032,222],"class_list":["post-567154","post","type-post","status-publish","format-standard","has-post-thumbnail","category-arte-e-design","tag-arte","tag-arte-e-design","tag-arteedesign","tag-arts","tag-arts-and-design","tag-bellini","tag-design","tag-entertainment","tag-intrattenimento","tag-it","tag-italia","tag-italy","tag-mantegna","tag-rimini","tag-rinascimento","tag-specchio","tag-venezia"],"share_on_mastodon":{"url":"https:\/\/pubeurope.com\/@it\/116854165741728104","error":""},"_links":{"self":[{"href":"https:\/\/www.europesays.com\/it\/wp-json\/wp\/v2\/posts\/567154","targetHints":{"allow":["GET"]}}],"collection":[{"href":"https:\/\/www.europesays.com\/it\/wp-json\/wp\/v2\/posts"}],"about":[{"href":"https:\/\/www.europesays.com\/it\/wp-json\/wp\/v2\/types\/post"}],"author":[{"embeddable":true,"href":"https:\/\/www.europesays.com\/it\/wp-json\/wp\/v2\/users\/3"}],"replies":[{"embeddable":true,"href":"https:\/\/www.europesays.com\/it\/wp-json\/wp\/v2\/comments?post=567154"}],"version-history":[{"count":0,"href":"https:\/\/www.europesays.com\/it\/wp-json\/wp\/v2\/posts\/567154\/revisions"}],"wp:featuredmedia":[{"embeddable":true,"href":"https:\/\/www.europesays.com\/it\/wp-json\/wp\/v2\/media\/567155"}],"wp:attachment":[{"href":"https:\/\/www.europesays.com\/it\/wp-json\/wp\/v2\/media?parent=567154"}],"wp:term":[{"taxonomy":"category","embeddable":true,"href":"https:\/\/www.europesays.com\/it\/wp-json\/wp\/v2\/categories?post=567154"},{"taxonomy":"post_tag","embeddable":true,"href":"https:\/\/www.europesays.com\/it\/wp-json\/wp\/v2\/tags?post=567154"}],"curies":[{"name":"wp","href":"https:\/\/api.w.org\/{rel}","templated":true}]}}