{"id":567201,"date":"2026-07-03T05:07:15","date_gmt":"2026-07-03T05:07:15","guid":{"rendered":"https:\/\/www.europesays.com\/it\/567201\/"},"modified":"2026-07-03T05:07:15","modified_gmt":"2026-07-03T05:07:15","slug":"strage-di-altavilla-condannati-allergastolo-barreca-e-la-coppia-diabolica","status":"publish","type":"post","link":"https:\/\/www.europesays.com\/it\/567201\/","title":{"rendered":"Strage di Altavilla, condannati all&#8217;ergastolo Barreca e la &#8216;coppia diabolica&#8217;"},"content":{"rendered":"<p>Dopo una lunga camera di consiglio,\u00a0la corte d&#8217;assise di Palermo ha condannato all&#8217;ergastolo Giovanni Barreca, muratore di Altavilla Milicia, Sabrina Fina e Massimo Carandente per la strage costata la vita alla moglie di Barreca Antonella Salamone, e ai figli Kevin di 16 anni ed Emanuel di 5. Le vittime, ritrovate dai carabinieri l&#8217;11 febbraio del 2024 nella villetta di Barreca, furono seviziate e uccise durante un folle rito di purificazione dal demonio. Coinvolta anche la figlia allora 17enne, della coppia, Miriam, processata separatamente, condannata in primo grado a 12 anni e 8 mesi e assolta in appello.\u00a0<\/p>\n<p>\t\t \tLa sentenza<\/p>\n<p>I giudici sono rimasti in Camera di consiglio pi\u00f9 di 10 ore. Per Barreca il pm aveva chiesto la condanna a 30 anni ritenendo l&#8217;imputato semi-infermo di mente. L&#8217;ergastolo era stato invece chiesto per i complici. La corte evidentemente ha ritenuto tutti e tre capaci di intendere e di volere.\u00a0<\/p>\n<p>Isolamento diruno per tre anni per i tre condannati. Come si legge nel dispositivoo di sentenza, i giudici hanno dichiarato GiovannI Barreca, marito della vittima, e la coppia &#8216;diabolica&#8217;, Sabrina Fina e Massimo Carandente, sono stati condannati anche alle spese processuali e di mantenimento della custodia cautelare in carcere.\u00a0Sono anche stati dichiarati decaduti dalla responsabilit\u00e0 genitoriale.\u00a0<\/p>\n<p>\t\t\t<a class=\"c-inline-card j-inline-card c-inline-card--with-image\" href=\"https:\/\/tg24.sky.it\/cronaca\/2026\/06\/04\/strage-altavilla-richiesta-pena-barreca-complici\" rel=\"follow nofollow noopener\" data-intcmp=\"skytg24_articolo_approfondimenti_inline\" target=\"_blank\"><\/p>\n<p>\t\t\t         <img decoding=\"async\" crossorigin=\"anonymous\" alt=\"\" src=\"https:\/\/www.europesays.com\/it\/wp-content\/uploads\/2026\/07\/SKYPAOLINI_20260604163616590_cb7345ecc96d4bacc2a3b431aff8b235.jpg\"  loading=\"lazy\"  bad-src=\"https:\/\/www.europesays.com\/it\/wp-content\/uploads\/2026\/07\/SKYPAOLINI_20260604163616590_cb7345ecc96d4bacc2a3b431aff8b235.jpg\"\/><\/p>\n<p>\n\t\t\t         Approfondimento<br \/>\n\t\t\t         Strage di Altavilla, chiesti 30 anni per Giovanni Barreca\n\t\t\t      <\/p>\n<p>\t\t\t<\/a><\/p>\n<p>\t\t \tLa vicenda<\/p>\n<p>&#8220;Mi chiamo Giovanni Barreca. Ho ucciso tutta la mia famiglia, venite a prendermi&#8221;. Dall&#8217;altro capo del telefono il carabiniere trasale. &#8220;Vi aspetto a Casteldaccia&#8221;, dice il muratore 56enne prima di riagganciare. E&#8217; l&#8217;epilogo della terribile storia costata la vita ad Antonella Salamone e ai suoi due figli Kevin, appena 16enne, ed Emanuel, di soli 5 anni, assassinati dopo essere stati torturati da Barreca e dai suoi complici: Sabrina Fina e Massimo Carandente, durante un folle rito di liberazione dal demonio. Le sevizie, durate giorni, e gli omicidi vennero commessi nella villetta di Barreca ad Altavilla Milicia, paese costiero a 30 chilometri da\u00a0 Palermo. Preso in consegna il muratore, i militari andarono nella casa. Raccapricciante la scena che si trovarono davanti. A terra i cadaveri dei ragazzini. La terzogenita, 17enne, Miriam, era seduta sul letto in una stanza, sotto choc. Giorni dopo ammise di aver assistito ai delitti: processata separatamente davanti al tribunale dei minori, ha avuto 12 anni e 8 mesi in primo grado, mentre in appello \u00e8 stata assolta perch\u00e8 dichiarata incapace di intendere e volere. La moglie del muratore, di 13 anni pi\u00f9 giovane di lui, fu trovata dopo ore. Pezzi del suo corpo carbonizzati erano a poca distanza dalla casa sotto un cumulo di terra. Dopo averla uccisa venne dato fuoco al suo corpo. Barreca fu portato in caserma e alla confessione telefonica aggiunse alcuni particolari. &#8220;C&#8217;era il demonio in casa&#8221;, disse. Presto le indagini svelarono il contesto: il muratore era un fanatico religioso che per mesi aveva frequentato la chiesa evangelica per prenderne poi le distanze, e aveva una ossessione per il diavolo. E&#8217; in chiesa che aveva incontrato i complici. I tre, convinti che la vittima e il figlio minore fossero posseduti dal diavolo per giorni si rinchiusero nella villetta alternando violenze e preghiere. A raccontare l&#8217;orrore vissuto fu proprio Miriam. La Salamone sarebbe stata uccisa per prima. Poi sarebbe toccato a Emanuel, infine a Kevin. Le dichiarazioni della ragazza, che confess\u00f2 di avere partecipato al massacro, furono una galleria interminabile di violenze. Tutte riscontrate dai periti dell&#8217;istituto di medicina legale del Policlinico di Palermo.\u00a0 &#8220;Eravamo in cucina, mia madre era a terra con il volto in gi\u00f9 &#8211; raccont\u00f2 -, ed erano presenti anche Sabrina,\u00a0 Massimo, Kevin e mio padre. La torturavano a turno, sia Sabrina che Massimo. Le passavano l&#8217;asciugacapelli con la massima temperatura, con la padella la colpivano sulla schiena&#8221;. La ragazza chiar\u00ec che la madre era morta il 9 febbraio, dopo essere stata seviziata per un giorno: &#8220;Sabrina e Massimo mi hanno detto che ha avuto un infarto, mentre si trovava distesa a terra in cucina&#8221;, disse. &#8220;Volevano farla cremare per questo hanno prima bruciato il corpo e poi l&#8217;hanno seppellita in una buca scavata da mio padre e Kevin&#8221;. Le autopsie confermarono, aggiungendo particolari raccapriccianti anche sulla tragica morte dei due ragazzini, strangolati con delle catene.\u00a0<\/p>\n<p>\t\t\t<a class=\"c-inline-card j-inline-card c-inline-card--with-image\" href=\"https:\/\/tg24.sky.it\/cronaca\/2025\/03\/06\/strage-altavilla-milicia-sentenza\" rel=\"follow nofollow noopener\" data-intcmp=\"skytg24_articolo_approfondimenti_inline\" target=\"_blank\"><\/p>\n<p>\t\t\t         <img decoding=\"async\" crossorigin=\"anonymous\" alt=\"\" src=\"https:\/\/www.europesays.com\/it\/wp-content\/uploads\/2026\/07\/12-altavilla-IPA_Agency_FGR4058676.jpg\"  loading=\"lazy\"  bad-src=\"https:\/\/www.europesays.com\/it\/wp-content\/uploads\/2026\/07\/12-altavilla-IPA_Agency_FGR4058676.jpg\"\/><\/p>\n<p>\n\t\t\t         Approfondimento<br \/>\n\t\t\t         Strage di Altavilla, minorenne condannata a oltre 12 anni di carcere\n\t\t\t      <\/p>\n<p>\t\t\t<\/a><\/p>\n","protected":false},"excerpt":{"rendered":"Dopo una lunga camera di consiglio,\u00a0la corte d&#8217;assise di Palermo ha condannato all&#8217;ergastolo Giovanni Barreca, muratore di Altavilla&hellip;\n","protected":false},"author":3,"featured_media":567202,"comment_status":"","ping_status":"","sticky":false,"template":"","format":"standard","meta":{"footnotes":"","_share_on_mastodon":"0"},"categories":[79],"tags":[14,93,94,1537,90,89,7,15,6652,405,11990,11,84,91,12,85,92],"class_list":["post-567201","post","type-post","status-publish","format-standard","has-post-thumbnail","category-italia","tag-cronaca","tag-cronaca-italiana","tag-cronacaitaliana","tag-it","tag-italia","tag-italy","tag-news","tag-notizie","tag-palermo","tag-processo","tag-strage","tag-ultime-notizie","tag-ultime-notizie-e-news-di-oggi","tag-ultime-notizie-italia","tag-ultimenotizie","tag-ultimenotizieenewsdioggi","tag-ultimenotizieitalia"],"share_on_mastodon":{"url":"https:\/\/pubeurope.com\/@it\/116854315260704002","error":""},"_links":{"self":[{"href":"https:\/\/www.europesays.com\/it\/wp-json\/wp\/v2\/posts\/567201","targetHints":{"allow":["GET"]}}],"collection":[{"href":"https:\/\/www.europesays.com\/it\/wp-json\/wp\/v2\/posts"}],"about":[{"href":"https:\/\/www.europesays.com\/it\/wp-json\/wp\/v2\/types\/post"}],"author":[{"embeddable":true,"href":"https:\/\/www.europesays.com\/it\/wp-json\/wp\/v2\/users\/3"}],"replies":[{"embeddable":true,"href":"https:\/\/www.europesays.com\/it\/wp-json\/wp\/v2\/comments?post=567201"}],"version-history":[{"count":0,"href":"https:\/\/www.europesays.com\/it\/wp-json\/wp\/v2\/posts\/567201\/revisions"}],"wp:featuredmedia":[{"embeddable":true,"href":"https:\/\/www.europesays.com\/it\/wp-json\/wp\/v2\/media\/567202"}],"wp:attachment":[{"href":"https:\/\/www.europesays.com\/it\/wp-json\/wp\/v2\/media?parent=567201"}],"wp:term":[{"taxonomy":"category","embeddable":true,"href":"https:\/\/www.europesays.com\/it\/wp-json\/wp\/v2\/categories?post=567201"},{"taxonomy":"post_tag","embeddable":true,"href":"https:\/\/www.europesays.com\/it\/wp-json\/wp\/v2\/tags?post=567201"}],"curies":[{"name":"wp","href":"https:\/\/api.w.org\/{rel}","templated":true}]}}