{"id":567214,"date":"2026-07-03T05:23:15","date_gmt":"2026-07-03T05:23:15","guid":{"rendered":"https:\/\/www.europesays.com\/it\/567214\/"},"modified":"2026-07-03T05:23:15","modified_gmt":"2026-07-03T05:23:15","slug":"mini-appartamenti-i-consigli-degli-architetti-per-sfruttare-al-massimo-lo-spazio","status":"publish","type":"post","link":"https:\/\/www.europesays.com\/it\/567214\/","title":{"rendered":"Mini appartamenti, i consigli degli architetti per sfruttare al massimo lo spazio"},"content":{"rendered":"<p>Come si vive davvero in 10 m2?<\/p>\n<p>\u00c8 vero che un <strong>affitto cos\u00ec basso<\/strong> potrebbe convincere chiunque, ma l\u2019idea di vivere in meno di 10 metri quadrati sembra un po\u2019 complicata. <strong>IKEA, per\u00f2, \u00e8 riuscita a trasformare lo spazio<\/strong> <strong>per sfruttarlo al meglio.<\/strong> Una delle caratteristiche principali del progetto \u00e8 che lo spazio \u00e8 distribuito verticalmente, quindi <strong>questo mini appartamento \u00e8 su due livelli<\/strong>. Al piano inferiore si trovano l\u2019ingresso principale, la cucina, il bagno e gli <a href=\"https:\/\/www.ad-italia.it\/article\/elettrodomestici-geniali-che-ti-cambieranno-la-vita\/\" target=\"_blank\" rel=\"nofollow noopener\">elettrodomestici<\/a>. Al piano superiore si accede tramite una scala e si trova la camera da letto.<br \/>Inoltre, lo spazio \u00e8 arredato con\u00a0 mobili giusti, per sfruttare in modo intelligente lo spazio. <strong>IKEA ha utilizzato il sistema di armadi IVAR<\/strong>, che \u00e8 completamente personalizzabile e consente di aggiungere o rimuovere scaffali in base alle esigenze dei residenti, che possono persino aggiungere un <strong>tavolo pieghevole per lavorare o mangiare<\/strong>. Un altro mobile utilizzato nel progetto \u00e8 il divano a un posto che si trasforma in un letto.<\/p>\n<p><strong>Un incredibile monolocale di 3 m2 a Pechino<\/strong><\/p>\n<p>Pensavate che non fosse possibile? Nemmeno noi, ma \u00e8 tutto vero. Guardate i video del micro appartamento di una giovane donna a Pechino.<\/p>\n<p>\u201cLa mia cantina \u00e8 pi\u00f9 grande\u201d&#8230;\u201cSembra un armadio\u201d\u2026 \u201c\u00e8 come il corridoio di casa mia\u201d\u2026\u201dSembra una bara\u201d \u2026\u201c\u00c8 una prigione\u201d&#8230;Sono tantissimi i commenti, fra lo stupito e l\u2019indignato, sotto i video di TikTok che mostrano <strong>un <a href=\"https:\/\/www.ad-italia.it\/article\/ex-parcheggio-diventa-appartamento-piccolo\/\" target=\"_blank\" rel=\"nofollow noopener\">monolocale<\/a> di soli 3 metri quadrati<\/strong>. La sua inquilina, una ragazza di Pechino, mostra la sua sorprendente vita quotidiana nella capitale cinese: come riordina, la sua vita con il suo gatto &#8211; che ha salvato nello stesso edificio &#8211; e le sue ricette quando cucina. Sembra rinunciare a poche cose (cose vitali, almeno) nonostante la <a href=\"https:\/\/www.ad-italia.it\/article\/piccolo-appartamento-25m2-moderno-e-accogliente-ricavato-da-ex-panificio\/\" target=\"_blank\" rel=\"nofollow noopener\">superficie minuscola<\/a> del suo spazio vitale. Il cibo che cucina sembra buono e salutare, e il suo gatto sembra relativamente felice, almeno a giudicare dalle immagini: \u201cUn posto perfetto per una giovane laureata come me, proveniente da un villaggio in montagna, con un solo gatto\u201d, riassume l\u2019inquilina del <a href=\"https:\/\/www.ad-italia.it\/article\/i-micro-appartamenti-sono-la-cosa-migliore-che-potesse-capitare-al-pianeta\/\" target=\"_blank\" rel=\"nofollow noopener\">micro appartamento.<\/a><\/p>\n<p>Nei suoi video, la giovane residente del <a href=\"https:\/\/www.ad-italia.it\/article\/piccolo-appartamento-parigi-20m2-elegante-funzionale\/\" target=\"_blank\" rel=\"nofollow noopener\">micro appartamento<\/a> racconta la sua sistemazione in quella che definisce una \u201ccabina\u201d a Pechino: un \u201c<a href=\"https:\/\/www.ad-italia.it\/article\/micro-appartamento-berlino-monolocale-11-metri-quadrati\/\" target=\"_blank\" rel=\"nofollow noopener\">piccolo nido<\/a>\u201d che ha ristrutturato da sola con un budget limitato nell\u2019arco di un mese. Ha ottimizzato ogni millimetro quadrato per organizzare lo spazio e <strong>dotarlo di tutti i comfort necessari<\/strong>: divano letto, micro fornello, forno, scaffali per riporre gli oggetti, macchina per il caff\u00e8, mini frigorifero, cuccia per il gatto&#8230; E anche un piccolo spazio per il d\u00e9cor, limitato a <a href=\"https:\/\/www.ad-italia.it\/article\/piante-piccole-per-decorare-casa\/\" target=\"_blank\" rel=\"nofollow noopener\">qualche pianta<\/a>, cornici e un <a href=\"https:\/\/www.ad-italia.it\/article\/piante-velenose-da-evitare-in-casa-se-avete-bambini-o-animali-domestici\/\" target=\"_blank\" rel=\"nofollow noopener\">mazzo di fiori<\/a>. La ristrutturazione le \u00e8 costata un mese di stipendio, ma sembra molto orgogliosa e soddisfatta. Nonostante tutto questo, riceve montagne di critiche e ha dovuto dichiarare pi\u00f9 volte di trovarsi in una situazione precaria e di aver salvato il suo gatto per giustificare l\u2019affitto di 650 yuan, ovvero 83 euro al mese, che le permette di vivere in uno spazio cos\u00ec piccolo solo con il suo animale.<\/p>\n","protected":false},"excerpt":{"rendered":"Come si vive davvero in 10 m2? \u00c8 vero che un affitto cos\u00ec basso potrebbe convincere chiunque, ma&hellip;\n","protected":false},"author":3,"featured_media":567215,"comment_status":"","ping_status":"","sticky":false,"template":"","format":"standard","meta":{"footnotes":"","_share_on_mastodon":"0"},"categories":[1446],"tags":[1615,1613,1614,1611,1610,1612,203,1619,16916,204,1537,90,89,26257],"class_list":["post-567214","post","type-post","status-publish","format-standard","has-post-thumbnail","category-arte-e-design","tag-arte","tag-arte-e-design","tag-arteedesign","tag-arts","tag-arts-and-design","tag-design","tag-entertainment","tag-home-tour","tag-how-to","tag-intrattenimento","tag-it","tag-italia","tag-italy","tag-piccoli-spazi"],"share_on_mastodon":{"url":"https:\/\/pubeurope.com\/@it\/116854377967234127","error":""},"_links":{"self":[{"href":"https:\/\/www.europesays.com\/it\/wp-json\/wp\/v2\/posts\/567214","targetHints":{"allow":["GET"]}}],"collection":[{"href":"https:\/\/www.europesays.com\/it\/wp-json\/wp\/v2\/posts"}],"about":[{"href":"https:\/\/www.europesays.com\/it\/wp-json\/wp\/v2\/types\/post"}],"author":[{"embeddable":true,"href":"https:\/\/www.europesays.com\/it\/wp-json\/wp\/v2\/users\/3"}],"replies":[{"embeddable":true,"href":"https:\/\/www.europesays.com\/it\/wp-json\/wp\/v2\/comments?post=567214"}],"version-history":[{"count":0,"href":"https:\/\/www.europesays.com\/it\/wp-json\/wp\/v2\/posts\/567214\/revisions"}],"wp:featuredmedia":[{"embeddable":true,"href":"https:\/\/www.europesays.com\/it\/wp-json\/wp\/v2\/media\/567215"}],"wp:attachment":[{"href":"https:\/\/www.europesays.com\/it\/wp-json\/wp\/v2\/media?parent=567214"}],"wp:term":[{"taxonomy":"category","embeddable":true,"href":"https:\/\/www.europesays.com\/it\/wp-json\/wp\/v2\/categories?post=567214"},{"taxonomy":"post_tag","embeddable":true,"href":"https:\/\/www.europesays.com\/it\/wp-json\/wp\/v2\/tags?post=567214"}],"curies":[{"name":"wp","href":"https:\/\/api.w.org\/{rel}","templated":true}]}}