{"id":567380,"date":"2026-07-03T07:49:17","date_gmt":"2026-07-03T07:49:17","guid":{"rendered":"https:\/\/www.europesays.com\/it\/567380\/"},"modified":"2026-07-03T07:49:17","modified_gmt":"2026-07-03T07:49:17","slug":"clima-lonu-lancia-lallarme-el-nino-diventera-forte-rischio-eventi-meteorologici-estremi-il-tempo","status":"publish","type":"post","link":"https:\/\/www.europesays.com\/it\/567380\/","title":{"rendered":"Clima, l&#8217;Onu lancia l&#8217;allarme El Ni\u00f1o: diventer\u00e0 forte, rischio eventi meteorologici estremi \u2013 Il Tempo"},"content":{"rendered":"<p>            <img decoding=\"async\" src=\"https:\/\/www.europesays.com\/it\/wp-content\/uploads\/2026\/07\/061443873-a80a0969-42b8-49a1-8854-432c9bfab1fe.jpg\" class=\"lazy\" alt=\"\"\/><\/p>\n<p>        Foto: Lapresse<\/p>\n<p>\t\t\t\t\t\t\t<a href=\"\" class=\"author\">Angela Bruni<\/a><\/p>\n<p>\t\t\t\t\t\t\t03 luglio 2026<\/p>\n<p>El Ni\u00f1o si trasformer\u00e0 rapidamente in un evento di forte intensit\u00e0 tra luglio e settembre, aumentando la probabilit\u00e0 di fenomeni meteorologici estremi: a lanciare l&#8217;allarme \u00e8 l&#8217;agenzia delle Nazioni Unite per il meteo e il clima. L&#8217;Organizzazione meteorologica mondiale (OMM) ha dichiarato che El Ni\u00f1o \u00e8 gi\u00e0 in atto e si rafforzer\u00e0 rapidamente, esortando i Paesi a prepararsi alle conseguenze. El Ni\u00f1o \u00e8 un fenomeno climatico naturale che provoca un aumento delle temperature superficiali nell&#8217;Oceano Pacifico equatoriale centrale e orientale, causando cambiamenti a livello globale nei venti, nella pressione atmosferica e nei regimi delle precipitazioni. Si verifica tipicamente ogni due-sette anni e ha una durata compresa tra i nove e i dodici mesi, oscillando tra El Ni\u00f1o e il suo opposto, La Ni\u00f1a, passando attraverso fasi di neutralit\u00e0.<\/p>\n<p>\u00a0<\/p>\n<p>\t\t\t\t\t\t\t\t<a href=\"https:\/\/www.iltempo.it\/attualita\/2026\/07\/02\/news\/meteo-dal-grande-caldo-ai-temporali-ecco-le-allerte-mentre-la-temperatura-cala-48398602\/\" rel=\"nofollow noopener\" target=\"_blank\"><\/p>\n<p>\t\t\t\t\t\t\t\t\t\t<img decoding=\"async\" src=\"https:\/\/img.iltempo.it\/images\/2026\/07\/02\/104959450-3b7c2147-c9db-4f8b-994c-3f43e4ed4bc4.jpg\" class=\"lazy\" alt=\"Meteo, dal grande caldo ai temporali: ecco le allerte, mentre la temperatura cala\" bad-src=\"https:\/\/www.europesays.com\/it\/wp-content\/uploads\/2025\/07\/placeholder_iltempo.png\"\/><\/p>\n<p>\t\t\t\t\t\t\t\t<\/a><\/p>\n<p>\u00a0<\/p>\n<p>L&#8217;aggiornamento mensile dell&#8217;OMM sul clima stagionale globale indica &#8220;una rapida evoluzione verso un forte evento di El Ni\u00f1o nel periodo luglio-settembre&#8221;. L&#8217;agenzia ONU classifica gli eventi di El Ni\u00f1o come deboli, moderati, forti o molto forti, il che significa che il fenomeno \u00e8 destinato a raggiungere il terzo livello di intensit\u00e0 su quattro. &#8220;Nel Pacifico tropicale si sono instaurate condizioni di El Ni\u00f1o che, secondo le previsioni, si rafforzeranno rapidamente nei prossimi mesi, aumentando la probabilit\u00e0 di eventi meteorologici estremi in molte parti del mondo&#8221; ha affermato l&#8217;OMM.<\/p>\n<p>\u00a0<\/p>\n<p>\t\t\t\t\t\t\t\t<a href=\"https:\/\/www.iltempo.it\/attualita\/2026\/07\/02\/news\/meteo-oggi-venerdi-3-luglio-previsioni-mario-giuliacci-dove-piove-quando-torna-il-caldo-temperature-48407620\/\" rel=\"nofollow noopener\" target=\"_blank\"><\/p>\n<p>\t\t\t\t\t\t\t\t\t\t<img decoding=\"async\" src=\"https:\/\/img.iltempo.it\/images\/2026\/07\/02\/202557163-a0fa9b72-413a-4324-a449-d4360baba4a4.jpg\" class=\"lazy\" alt=\"Cambia lo scenario. Giuliacci: Temporali e temperature gi\u00f9. Ecco dove\" bad-src=\"https:\/\/www.europesays.com\/it\/wp-content\/uploads\/2025\/07\/placeholder_iltempo.png\"\/><\/p>\n<p>\t\t\t\t\t\t\t\t<\/a><\/p>\n","protected":false},"excerpt":{"rendered":"Foto: Lapresse Angela Bruni 03 luglio 2026 El Ni\u00f1o si trasformer\u00e0 rapidamente in un evento di forte intensit\u00e0&hellip;\n","protected":false},"author":3,"featured_media":567381,"comment_status":"","ping_status":"","sticky":false,"template":"","format":"standard","meta":{"footnotes":"","_share_on_mastodon":"0"},"categories":[160],"tags":[8840,14,164,165,257130,419,166,7,15,971,11,167,12,168,161,162,163],"class_list":["post-567380","post","type-post","status-publish","format-standard","has-post-thumbnail","category-mondo","tag-clima","tag-cronaca","tag-dal-mondo","tag-dalmondo","tag-el-nino","tag-meteo","tag-mondo","tag-news","tag-notizie","tag-onu","tag-ultime-notizie","tag-ultime-notizie-di-mondo","tag-ultimenotizie","tag-ultimenotiziedimondo","tag-world","tag-world-news","tag-worldnews"],"share_on_mastodon":{"url":"https:\/\/pubeurope.com\/@it\/116854953042104997","error":""},"_links":{"self":[{"href":"https:\/\/www.europesays.com\/it\/wp-json\/wp\/v2\/posts\/567380","targetHints":{"allow":["GET"]}}],"collection":[{"href":"https:\/\/www.europesays.com\/it\/wp-json\/wp\/v2\/posts"}],"about":[{"href":"https:\/\/www.europesays.com\/it\/wp-json\/wp\/v2\/types\/post"}],"author":[{"embeddable":true,"href":"https:\/\/www.europesays.com\/it\/wp-json\/wp\/v2\/users\/3"}],"replies":[{"embeddable":true,"href":"https:\/\/www.europesays.com\/it\/wp-json\/wp\/v2\/comments?post=567380"}],"version-history":[{"count":0,"href":"https:\/\/www.europesays.com\/it\/wp-json\/wp\/v2\/posts\/567380\/revisions"}],"wp:featuredmedia":[{"embeddable":true,"href":"https:\/\/www.europesays.com\/it\/wp-json\/wp\/v2\/media\/567381"}],"wp:attachment":[{"href":"https:\/\/www.europesays.com\/it\/wp-json\/wp\/v2\/media?parent=567380"}],"wp:term":[{"taxonomy":"category","embeddable":true,"href":"https:\/\/www.europesays.com\/it\/wp-json\/wp\/v2\/categories?post=567380"},{"taxonomy":"post_tag","embeddable":true,"href":"https:\/\/www.europesays.com\/it\/wp-json\/wp\/v2\/tags?post=567380"}],"curies":[{"name":"wp","href":"https:\/\/api.w.org\/{rel}","templated":true}]}}