{"id":567398,"date":"2026-07-03T08:09:17","date_gmt":"2026-07-03T08:09:17","guid":{"rendered":"https:\/\/www.europesays.com\/it\/567398\/"},"modified":"2026-07-03T08:09:17","modified_gmt":"2026-07-03T08:09:17","slug":"delia-album-sicilia-bedda-sono-sempre-stata-una-piccola-donna-libera","status":"publish","type":"post","link":"https:\/\/www.europesays.com\/it\/567398\/","title":{"rendered":"Delia, album Sicilia Bedda: &#8216;Sono sempre stata una piccola donna libera&#8217;"},"content":{"rendered":"<p><strong>Delia<\/strong> debutta con l&#8217;album d\u2019esordio <strong>Sicilia Bedda<\/strong>.\u00a0Dopo il podio a <strong>X Factor<\/strong>, l\u2019esibizione accanto a Serena Brancale e Gregory Porter durante la serata delle cover del Festival di Sanremo, il successo del singolo <strong>Al Mio Paese<\/strong> con Serena Brancale e Levante e la sua performance sul palco del Primo Maggio a Roma, la giovane artista siciliana arriva al suo debutto discografico con un progetto che rappresenta il manifesto della sua identit\u00e0 artistica. Cantautrice e pianista classica, <strong>Delia<\/strong> Buglisi, racconta la Sicilia contemporanea attraverso un linguaggio musicale che unisce tradizione mediterranea e scrittura moderna, dando voce a temi come le radici, l\u2019appartenenza e la libert\u00e0 femminile.\u00a0A confermare il forte legame con il pubblico c\u2019\u00e8 anche il risultato straordinario del suo primo tour costellato di numerosi sold out in tantissimi teatri italiani. E in questa estate 2026 i concerti proseguono open air.<\/p>\n<p>\u00a0<\/p>\n<p>\u00a0<\/p>\n<p><strong>Delia partiamo dalla storia di Sicilia Bedda: \u00e8 un progetto di memoria, di radici ma soprattutto di identit\u00e0: come \u00e8 nato? Come ci hai lavorato?<\/strong><br \/>La mia missione, il mio manifesto sono fare capire che il siciliano \u00e8 una\u00a0 lingua che pu\u00f2 avere tantissimi abiti, \u00e8 universale, e io per esprimere certi sentimenti ne ho bisogno.<\/p>\n<p><strong>In un\u2019epoca di musica omologata tu ti sei subito imposta per uno stile unico: \u00e8 un grande merito ma \u00e8 anche un\u2019arma a doppio taglio perch\u00e9 quando si fa il tuo nome le aspettative sono sempre alte. Ne sei consapevole? Ti mette un pochino di ansia?<\/strong><br \/>Non ne sono consapevole e ti dico che me la vivo con tranquillit\u00e0, cerco di rispondere allo stimolo artistico. Mi fa piacere non essere omologata ma non c\u2019\u00e8 ansia da prestazione, faccio sempre del mio meglio.<\/p>\n<p><strong>Le protagoniste delle tue canzoni sono donne libere, consapevoli e determinate, che rivendicano il diritto di scegliere il proprio destino e la propria voce: nel 2026 \u00e8 ancora complicato essere donna e libera?<\/strong><br \/>Ho la fortuna di essere sempre stata una piccola donna libera; tanto dipende dalla famiglia, dagli amici e dall\u2019ambiente di lavoro ma passi da fare ce ne sono tanti.<\/p>\n<p><strong>Tra queste donne suppongo ci siano in primis quelle della tua famiglia: in cosa ti senti debitrice nei loro confronti per la giovane donna che sei oggi?<\/strong><br \/>E\u2019 come se fossi una custode della mia linea di sangue, porto con me quello che mi hanno insegnato e quello che posso essere io come donna.<\/p>\n<p><strong>\u201cSemu in Sicilia e non si cambia religione\u201d dici in Tango di Passione. Vieni da una regione molto religiosa. Sei credente?<\/strong><br \/>Lo sono. Prego ogni giorno, ma alle funzioni ci sono poco. Prima stavo a casa a studiare ora sono fuori a cantare, ma cerco di recitare sempre le mie preghiere, un ringraziamento a fine giornata per il dono della salute e per le persone vicine.<\/p>\n<p><strong>Rum e Cioccolata \u00e8 il ritratto che in amore non sa prendersi responsabilit\u00e0? Che ha paura di impegnarsi?<\/strong><br \/>Pi\u00f9 della paura di impegnarsi c\u2019\u00e8 quella di fermarsi: tutto oggi \u00e8 veloce, stare con una persona pu\u00f2 essere visto come un limite ed \u00e8 un peccato perch\u00e9 si perdono i valori della condivisione.<\/p>\n<p><strong>Le \u201cfacce vecchie, appese, stese gocciano frasi a tradimento\u201d di Sicilia Bedda sono le mamme e le nonne degli hater?<\/strong><br \/>S\u00ec sono loro. Bellissima la tua lettura, non ci avevo pensato. Quello \u00e8, non si fanno i fatti propri, pensano pi\u00f9 a quelli degli altri perch\u00e9 non hanno nulla da fare.<\/p>\n<p><strong>Tu sei \u201cnata ai piedi del vulcano\u201d: per voi siciliani \u00e8 semplicemente la Montagna cosa \u00e8 per te? C\u2019\u00e8 chi sostiene che sia la porta per gli inferi.<\/strong><br \/>La ho sempre vista, per noi della provincia di Catania (Delia \u00e8 nativa di Patern\u00f2, ndr) \u00e8 affettuosamente Mamma Etna, \u00e8 un punto di riferimento, quando mi allontano dalla Sicilia mi manca il Nord, \u00e8 anche un riferimento geografica. In chiave mitologica penso a Efesto, il dio pi\u00f9 sfigato.<br \/>\u00a0<\/p>\n<p><strong>Fimmina parte con la citazione di Ciuri Ciuri\u2026mi fai il ritratto della \u201cfimmina sicula\u201d 2.0? E\u2019 libera come la canti nell\u2019omonima canzone o, parlando delle donne in generale, \u00e8 ancora schiava del \u201cnon se po\u2019 fa\u201d? Ci sono ancora troppe femmine zitte e mute?<\/strong><br \/>Sta in mezzo. Esistono tutti i presupposti per essere libere ma ci sono situazioni che ci ingabbiano: per strada c\u2019\u00e8 da avere paura, non puoi essere tranquilla passeggiando. Ci sono prospettive per raggiungere l\u2019agognata libert\u00e0, basta partire dalla convinzione che libert\u00e0 \u00e8 non ledere il prossimo.<\/p>\n<p><strong>Ninna Nanna Natia \u00e8 una canzone di sospiri e silenzi: da piccola avevi una ninna nanna e una favola preferite?<\/strong><br \/>La Ninna Nanna era la Siminzina che sono i semi che butti in terra. Per le favole chiedevo a mio padre delle storie che si inventava lui.<\/p>\n<p><strong>Consideri Cleopatra una delle prime femministe della storia? Perch\u00e9 hai scelto lei per la domanda enorme \u201cci sar\u00e0 per me l\u2019amore oppure sono destinata a stare sola\u201d? Oggi \u201cLu cori ti scricchia\u201d, come dici in Cu Ti Lu Dissi?<br \/><\/strong>Assolutamente s\u00ec, tra tutte le canzoni \u00e8 quella che mi rispecchia maggiormente come donna. Sono solitaria come la signora Cleopatra ma felice, quello che mi fa stare bene \u00e8 dentro di me, quello che mi giunge da fuori \u00e8 un valore aggiunto.<\/p>\n<p><strong>Infine parlami della tua estate musicale, del tour e di quello che hai in agenda.<\/strong><br \/>L\u2019estate \u00e8 piena, ho fatto tante cose, vengo da un bel tour invernale, poi \u00e8 uscito Al Mio Paese che ho condiviso con Serena Brancale e Levante, poi i radio tour. Il debutto estivo \u00e8 stato a Palermo. Mi godo ogni attimo, mai do scontati i risultati e quando arrivano me li godo. Sono tre anni che viaggio tra Roma e Catania e canto gi\u00e0 da nostalgica.<\/p>\n<p>\t\t\t<a class=\"c-inline-card j-inline-card c-inline-card--with-image\" href=\"https:\/\/tg24.sky.it\/spettacolo\/musica\/2026\/02\/14\/delia-sicilia-bedda-tour\" rel=\"follow nofollow noopener\" data-intcmp=\"skytg24_articolo_approfondimenti_inline\" target=\"_blank\"><\/p>\n<p>\t\t\t         <img decoding=\"async\" crossorigin=\"anonymous\" alt=\"\" src=\"https:\/\/www.europesays.com\/it\/wp-content\/uploads\/2026\/07\/DELIA_VirginiaBettoja_2_1.jpeg\"  loading=\"lazy\"  bad-src=\"https:\/\/www.europesays.com\/it\/wp-content\/uploads\/2026\/07\/DELIA_VirginiaBettoja_2_1.jpeg\"\/><\/p>\n<p>\n\t\t\t         Approfondimento<br \/>\n\t\t\t         Delia, il Sicilia Bedda Tour: &#8220;Sul palco consapevolezza di X Factor&#8221;\n\t\t\t      <\/p>\n<p>\t\t\t<\/a><\/p>\n","protected":false},"excerpt":{"rendered":"Delia debutta con l&#8217;album d\u2019esordio Sicilia Bedda.\u00a0Dopo il podio a X Factor, l\u2019esibizione accanto a Serena Brancale e&hellip;\n","protected":false},"author":3,"featured_media":567399,"comment_status":"","ping_status":"","sticky":false,"template":"","format":"standard","meta":{"footnotes":"","_share_on_mastodon":"0"},"categories":[1443],"tags":[8133,203,204,1537,90,89,1538,1539,48718],"class_list":["post-567398","post","type-post","status-publish","format-standard","has-post-thumbnail","category-musica","tag-album","tag-entertainment","tag-intrattenimento","tag-it","tag-italia","tag-italy","tag-music","tag-musica","tag-x-factor"],"share_on_mastodon":{"url":"https:\/\/pubeurope.com\/@it\/116855031633529418","error":""},"_links":{"self":[{"href":"https:\/\/www.europesays.com\/it\/wp-json\/wp\/v2\/posts\/567398","targetHints":{"allow":["GET"]}}],"collection":[{"href":"https:\/\/www.europesays.com\/it\/wp-json\/wp\/v2\/posts"}],"about":[{"href":"https:\/\/www.europesays.com\/it\/wp-json\/wp\/v2\/types\/post"}],"author":[{"embeddable":true,"href":"https:\/\/www.europesays.com\/it\/wp-json\/wp\/v2\/users\/3"}],"replies":[{"embeddable":true,"href":"https:\/\/www.europesays.com\/it\/wp-json\/wp\/v2\/comments?post=567398"}],"version-history":[{"count":0,"href":"https:\/\/www.europesays.com\/it\/wp-json\/wp\/v2\/posts\/567398\/revisions"}],"wp:featuredmedia":[{"embeddable":true,"href":"https:\/\/www.europesays.com\/it\/wp-json\/wp\/v2\/media\/567399"}],"wp:attachment":[{"href":"https:\/\/www.europesays.com\/it\/wp-json\/wp\/v2\/media?parent=567398"}],"wp:term":[{"taxonomy":"category","embeddable":true,"href":"https:\/\/www.europesays.com\/it\/wp-json\/wp\/v2\/categories?post=567398"},{"taxonomy":"post_tag","embeddable":true,"href":"https:\/\/www.europesays.com\/it\/wp-json\/wp\/v2\/tags?post=567398"}],"curies":[{"name":"wp","href":"https:\/\/api.w.org\/{rel}","templated":true}]}}