{"id":567406,"date":"2026-07-03T08:13:18","date_gmt":"2026-07-03T08:13:18","guid":{"rendered":"https:\/\/www.europesays.com\/it\/567406\/"},"modified":"2026-07-03T08:13:18","modified_gmt":"2026-07-03T08:13:18","slug":"shorts-corti-azzurri-di-myrta-merlino-sono-meglio-dei-jeans-per-lestate-2026","status":"publish","type":"post","link":"https:\/\/www.europesays.com\/it\/567406\/","title":{"rendered":"Shorts corti azzurri di Myrta Merlino, sono meglio dei jeans per l&#8217;Estate 2026"},"content":{"rendered":"<p data-journey-content=\"true\" data-node-id=\"3\" class=\"css-1ood0zq emevuu60\">Dopo anni di battaglie generazionali, gli <strong data-node-id=\"3.1\"><a href=\"https:\/\/www.elle.com\/it\/moda\/tendenze\/g71289707\/shorts-tendenza-pantaloni-corti-estate-2026\/\" target=\"_blank\" data-vars-ga-outbound-link=\"https:\/\/www.elle.com\/it\/moda\/tendenze\/g71289707\/shorts-tendenza-pantaloni-corti-estate-2026\/\" data-vars-ga-ux-element=\"Hyperlink\" data-vars-ga-call-to-action=\"shorts\" data-node-id=\"3.1.0\" class=\"body-link css-ohbdae emevuu60\" rel=\"nofollow noopener\">shorts<\/a><\/strong> hanno conquistato un <strong data-node-id=\"3.3\">posto fisso nel guardaroba estivo di donne di tutte le et\u00e0<\/strong>, grazie alla loro capacit\u00e0 di unire comfort, praticit\u00e0 e stile. La vera differenza, infatti, non la fa la data di nascita, ma il modo in cui vengono abbinati. E a confermarlo \u00e8 anche <strong data-node-id=\"3.5\">Myrta Merlino<\/strong>, che a 57 anni sceglie un paio di <strong data-node-id=\"3.7\">micro shorts <\/strong>per affrontare con eleganza e leggerezza le temperature roventi di questo periodo. Un look semplice e curato, perfetto per dimostrare che anche i modelli pi\u00f9 corti possono essere raffinati se indossati con i giusti abbinamenti.<\/p>\n<p data-journey-content=\"true\" data-node-id=\"7\" class=\"css-1ood0zq emevuu60\"><a href=\"https:\/\/iscriviti-elle.hearst.it\/registrazione\/?utm_source=sito&amp;utm_medium=articoli&amp;utm_campaign=nl_beauty\" target=\"_blank\" data-vars-ga-outbound-link=\"https:\/\/iscriviti-elle.hearst.it\/registrazione\/?utm_source=sito&amp;utm_medium=articoli&amp;utm_campaign=nl_beauty\" data-vars-ga-ux-element=\"Hyperlink\" data-vars-ga-call-to-action=\"***Il meglio della settimana di moda e beauty. Iscriviti alla newsletter di Elle pensata per raccontarti trend, prodotti e insider tips.***\" data-mrf-link=\"https:\/\/iscriviti-elle.hearst.it\/registrazione\/?utm_source=sito&amp;utm_medium=articoli&amp;utm_campaign=nl_beauty\" data-node-id=\"7.0.0\" class=\"body-link css-ohbdae emevuu60\" rel=\"nofollow noopener\">Il meglio della settimana di moda e beauty. Iscriviti alla newsletter di Elle pensata per raccontarti trend, prodotti e insider tips.<\/a><\/p>\n<p data-journey-content=\"true\" data-node-id=\"12\" class=\"css-1ood0zq emevuu60\">In una foto condivisa su IG insieme al marito <a href=\"https:\/\/www.elle.com\/it\/showbiz\/gossip\/a46250261\/myrta-merlino-marco-tardelli\/\" target=\"_blank\" data-vars-ga-outbound-link=\"https:\/\/www.elle.com\/it\/showbiz\/gossip\/a46250261\/myrta-merlino-marco-tardelli\/\" data-vars-ga-ux-element=\"Hyperlink\" data-vars-ga-call-to-action=\"Marco Tardelli\" data-node-id=\"12.1\" class=\"body-link css-ohbdae emevuu60\" rel=\"nofollow noopener\">Marco Tardelli<\/a>, in cui annuncia un appuntamento dal 3 al 5 luglio a Pantelleria per l\u2019evento &#8220;Mediterraneo d\u2019autore&#8221;, la conduttrice Myrta Merlino opta per un look dall\u2019anima decisamente estiva. A catturare l\u2019attenzione sono soprattutto i suoi <strong data-node-id=\"12.3\">shorts ultracorti<\/strong>, realizzati in una <strong data-node-id=\"12.5\">delicata tonalit\u00e0 azzurro polvere<\/strong>, dal <strong data-node-id=\"12.7\">taglio essenziale e pulito<\/strong>. Il modello, nonostante sia molto corto, mantiene un\u2019eleganza discreta grazie alla linea morbida e ai volumi non aderenti. A completarli, poi, ci pensa una blusa bianca (in stile blazer) dal taglio avvolgente, con maniche a tre quarti e una silhouette morbida, lasciata cadere naturalmente sugli shorts.<\/p>\n<p>Come indossare gli shorts (super corti) azzurri di Myrta Merlino per i look dell&#8217;Estate 2026?<\/p>\n<p data-journey-content=\"true\" data-node-id=\"23\" class=\"css-1ood0zq emevuu60\">Il segreto per portare gli <strong data-node-id=\"23.1\">shorts mini<\/strong> con eleganza \u00e8 giocare con i contrasti. Chi ama uno stile pi\u00f9 giovanile pu\u00f2 abbinarli a un tank top in cotone, una camicia di lino lasciata aperta e sandali flat o sneakers leggere, creando un look perfetto per il mare o per una passeggiata in citt\u00e0. Per chi invece preferisce un\u2019eleganza pi\u00f9 composta e senza tempo, come insegna Myrta Merlino, basta scegliere capi dalle linee morbide, come una camicia oversize, una blusa fluida o un blazer leggero, che bilanciano la lunghezza degli shorts e rendono il look sofisticato. Ai piedi, via libera a mocassini, slingback, sandali bassi o espadrillas, a seconda dell\u2019occasione d\u2019uso. C\u2019\u00e8 poi un altro vantaggio che rende gli shorts un <strong data-node-id=\"23.3\">alleato irrinunciabile dell\u2019estate<\/strong>: occupano pochissimo spazio in valigia. Leggeri, versatili e facili da abbinare, questi shorts permettono poi di creare tanti look diversi con pochi capi, diventando il <strong data-node-id=\"23.5\">passepartout ideale per le vacanze<\/strong>, dalle giornate in spiaggia agli aperitivi in citt\u00e0.<\/p>\n<p><img decoding=\"async\" data-dynamic-svg=\"true\" src=\"https:\/\/www.elle.com\/_assets\/design-tokens\/fre\/static\/icons\/arrow-right.7440adc.svg?primary=%2523D4D4D4\" loading=\"lazy\" data-testid=\"dynamic-svg-base\" height=\"auto\" width=\"auto\" aria-label=\"Prev carousel button\" alt=\"Chevron Left Icon\" data-theme-key=\"icon-button-icon\" transform=\"scaleX(-1)\" class=\"css-14vtfey erhb41k0\"\/><img decoding=\"async\" data-dynamic-svg=\"true\" src=\"https:\/\/www.elle.com\/_assets\/design-tokens\/fre\/static\/icons\/arrow-right.7440adc.svg?primary=%25230f0f15\" loading=\"lazy\" data-testid=\"dynamic-svg-base\" height=\"auto\" width=\"auto\" aria-label=\"Next carousel button\" alt=\"Chevron Right Icon\" data-theme-key=\"icon-button-icon\" class=\"css-18znc9e erhb41k0\"\/>Dove acquistare gli  shorts (super corti) azzurri come quelli di Myrta MerlinoShorts azzurri in seta con pieghe, Jil Sander<a target=\"_blank\" rel=\"nofollow noopener\" data-theme-key=\"product-image-wrapper\" href=\"https:\/\/go.redirectingat.com?id=86393X1538931&amp;url=https%3A%2F%2Fwww.farfetch.com%2Fit%2Fshopping%2Fwomen%2Fjil-sander-shorts-con-pieghe-item-36257444.aspx\" aria-label=\"990\u00a0\u20ac su Farfetch per Shorts azzurri in seta con pieghe, Jil Sander\" data-href=\"https:\/\/www.farfetch.com\/it\/shopping\/women\/jil-sander-shorts-con-pieghe-item-36257444.aspx\" data-product-url=\"https:\/\/www.farfetch.com\/it\/shopping\/women\/jil-sander-shorts-con-pieghe-item-36257444.aspx\" data-affiliate=\"true\" data-affiliate-url=\"https:\/\/go.redirectingat.com?id=86393X1538931&amp;url=https%3A%2F%2Fwww.farfetch.com%2Fit%2Fshopping%2Fwomen%2Fjil-sander-shorts-con-pieghe-item-36257444.aspx\" data-affiliate-network=\"{&quot;site_id&quot;:&quot;315b2bba-c4a8-446d-9237-6e6750390ee7&quot;,&quot;network&quot;:{&quot;name&quot;:&quot;Skimlinks&quot;}}\" data-fp-affiliate-inline-link=\"true\" data-fp-affiliate-button-link=\"false\" data-vars-ga-call-to-action=\"990\u00a0\u20ac su Farfetch\" data-vars-ga-media-role=\"\" data-vars-ga-media-type=\"Single Product Embed\" data-vars-ga-outbound-link=\"https:\/\/www.farfetch.com\/it\/shopping\/women\/jil-sander-shorts-con-pieghe-item-36257444.aspx\" data-vars-ga-product-brand=\"Jil Sander\" data-vars-ga-product-id=\"b5d6ceea-aaf8-4c08-aa31-01cca1213a07\" data-vars-ga-product-price=\"990,00\u00a0\u20ac\" data-vars-ga-product-retailer-id=\"fe47e028-9617-4da5-bc56-00e15abcca56\" data-vars-ga-product-sem3-brand=\"Jil Sander\" data-vars-ga-link-treatment=\"(not set) | (not set)\" data-vars-ga-sku=\"farfetch_36257444\" data-vars-ga-magento-tracking=\"1\" class=\"product-image-link ebgq4gw7 e12px3ys0 css-g6od0w e1socmtw0\"><img  alt=\"Shorts azzurri in seta con pieghe, Jil Sander\" title=\"Shorts azzurri in seta con pieghe, Jil Sander\" data-fp-product-image=\"true\" datafptag=\"data-fp-product-image\" src=\"https:\/\/www.europesays.com\/it\/wp-content\/uploads\/2026\/07\/1782722628-86867615-55ab-417d-bac1-947272e73439.jpg\" width=\"551\" height=\"432\" decoding=\"async\" loading=\"lazy\"\/><\/a>Shorts azzurri in seta con pieghe, Jil SanderShorts azzurri in lino, Faithfull<a target=\"_blank\" rel=\"nofollow noopener\" data-theme-key=\"product-image-wrapper\" href=\"https:\/\/go.redirectingat.com?id=86393X1538931&amp;url=https%3A%2F%2Fwww.mytheresa.com%2Fit%2Fit%2Fdonna%2Ffaithfull-shorts-lila-in-lino-blu-p01173999%3Ffeed_num%3DP01173999%26feed_des%3DFaithfull%26feed_mwg%3Dclothing%26ptyp%3Dfeed%26dplink%3Dtrue%26pub_name%3D5074095%26chn%3Daff1%26src%3Dcj%26cmp%3Daff_cj_it%26tarea%3Dit%26pub_id%3D8752526%26utm_source%3Daffiliate%26utm_medium%3Daffiliate_cj_it%26utm_content%3D8752526%26cjevent%3D2700df28739611f183a3036f0a18ba72%26slink%3D1%26slink_id%3D61b7885f-3bdd-4be2-a42a-7ab426d33b94\" aria-label=\"160\u00a0\u20ac su Mytheresa per Shorts azzurri in lino, Faithfull\" data-href=\"https:\/\/www.mytheresa.com\/it\/it\/donna\/faithfull-shorts-lila-in-lino-blu-p01173999?feed_num=P01173999&amp;feed_des=Faithfull&amp;feed_mwg=clothing&amp;ptyp=feed&amp;dplink=true&amp;pub_name=5074095&amp;chn=aff1&amp;src=cj&amp;cmp=aff_cj_it&amp;tarea=it&amp;pub_id=8752526&amp;utm_source=affiliate&amp;utm_medium=affiliate_cj_it&amp;utm_content=8752526&amp;cjevent=2700df28739611f183a3036f0a18ba72&amp;slink=1&amp;slink_id=61b7885f-3bdd-4be2-a42a-7ab426d33b94\" data-product-url=\"https:\/\/www.mytheresa.com\/it\/it\/donna\/faithfull-shorts-lila-in-lino-blu-p01173999?feed_num=P01173999&amp;feed_des=Faithfull&amp;feed_mwg=clothing&amp;ptyp=feed&amp;dplink=true&amp;pub_name=5074095&amp;chn=aff1&amp;src=cj&amp;cmp=aff_cj_it&amp;tarea=it&amp;pub_id=8752526&amp;utm_source=affiliate&amp;utm_medium=affiliate_cj_it&amp;utm_content=8752526&amp;cjevent=2700df28739611f183a3036f0a18ba72&amp;slink=1&amp;slink_id=61b7885f-3bdd-4be2-a42a-7ab426d33b94\" data-affiliate=\"true\" data-affiliate-url=\"https:\/\/go.redirectingat.com?id=86393X1538931&amp;url=https%3A%2F%2Fwww.mytheresa.com%2Fit%2Fit%2Fdonna%2Ffaithfull-shorts-lila-in-lino-blu-p01173999%3Ffeed_num%3DP01173999%26feed_des%3DFaithfull%26feed_mwg%3Dclothing%26ptyp%3Dfeed%26dplink%3Dtrue%26pub_name%3D5074095%26chn%3Daff1%26src%3Dcj%26cmp%3Daff_cj_it%26tarea%3Dit%26pub_id%3D8752526%26utm_source%3Daffiliate%26utm_medium%3Daffiliate_cj_it%26utm_content%3D8752526%26cjevent%3D2700df28739611f183a3036f0a18ba72%26slink%3D1%26slink_id%3D61b7885f-3bdd-4be2-a42a-7ab426d33b94\" data-affiliate-network=\"{&quot;site_id&quot;:&quot;315b2bba-c4a8-446d-9237-6e6750390ee7&quot;,&quot;network&quot;:{&quot;name&quot;:&quot;Skimlinks&quot;}}\" data-fp-affiliate-inline-link=\"true\" data-fp-affiliate-button-link=\"false\" data-vars-ga-call-to-action=\"160\u00a0\u20ac su Mytheresa\" data-vars-ga-media-role=\"\" data-vars-ga-media-type=\"Single Product Embed\" data-vars-ga-outbound-link=\"https:\/\/www.mytheresa.com\/it\/it\/donna\/faithfull-shorts-lila-in-lino-blu-p01173999?feed_num=P01173999&amp;feed_des=Faithfull&amp;feed_mwg=clothing&amp;ptyp=feed&amp;dplink=true&amp;pub_name=5074095&amp;chn=aff1&amp;src=cj&amp;cmp=aff_cj_it&amp;tarea=it&amp;pub_id=8752526&amp;utm_source=affiliate&amp;utm_medium=affiliate_cj_it&amp;utm_content=8752526&amp;cjevent=2700df28739611f183a3036f0a18ba72&amp;slink=1&amp;slink_id=61b7885f-3bdd-4be2-a42a-7ab426d33b94\" data-vars-ga-product-id=\"882bda61-55fa-4721-a41b-306d7beb48f1\" data-vars-ga-product-price=\"160,00\u00a0\u20ac\" data-vars-ga-product-retailer-id=\"24ad59e1-32f0-4ae9-83ed-fa52ec8db289\" data-vars-ga-link-treatment=\"(not set) | (not set)\" class=\"product-image-link ebgq4gw7 e12px3ys0 css-g6od0w e1socmtw0\"><img  alt=\"Shorts azzurri in lino, Faithfull\" title=\"Shorts azzurri in lino, Faithfull\" data-fp-product-image=\"true\" datafptag=\"data-fp-product-image\" src=\"https:\/\/www.europesays.com\/it\/wp-content\/uploads\/2026\/07\/1782722724-cfa58cc8-4c13-4edf-ad19-00a1657bd098.jpg\" width=\"660\" height=\"570\" decoding=\"async\" loading=\"lazy\"\/><\/a>Shorts azzurri in lino, FaithfullShorts azzurri in cotone, H&amp;M<a target=\"_blank\" rel=\"nofollow noopener\" data-theme-key=\"product-image-wrapper\" href=\"https:\/\/click.linksynergy.com\/deeplink?id=2fv8O7DnZlc&amp;mid=43251&amp;u1=ellit|xid:{xid}&amp;murl=https%3A%2F%2Fwww2.hm.com%2Fit_it%2Fproductpage.1333545002.html%3Futm_source%3Dgoogle%26utm_medium%3Dcpc%26utm_campaign%3D%26utm_term%3D%26gad_source%3D1%26gad_campaignid%3D23731703228%26gbraid%3D0AAAAADvrmzQj2t9xh2_iteq3RczqYEqfy%26gclid%3DEAIaIQobChMImZedg4aslQMVtZ5oCR19TQFfEAQYECABEgLz8vD_BwE\" aria-label=\"15\u00a0\u20ac su H&amp;M per Shorts azzurri in cotone, H&amp;M\" data-href=\"https:\/\/www2.hm.com\/it_it\/productpage.1333545002.html?utm_source=google&amp;utm_medium=cpc&amp;utm_campaign=&amp;utm_term=&amp;gad_source=1&amp;gad_campaignid=23731703228&amp;gbraid=0AAAAADvrmzQj2t9xh2_iteq3RczqYEqfy&amp;gclid=EAIaIQobChMImZedg4aslQMVtZ5oCR19TQFfEAQYECABEgLz8vD_BwE\" data-product-url=\"https:\/\/www2.hm.com\/it_it\/productpage.1333545002.html?utm_source=google&amp;utm_medium=cpc&amp;utm_campaign=&amp;utm_term=&amp;gad_source=1&amp;gad_campaignid=23731703228&amp;gbraid=0AAAAADvrmzQj2t9xh2_iteq3RczqYEqfy&amp;gclid=EAIaIQobChMImZedg4aslQMVtZ5oCR19TQFfEAQYECABEgLz8vD_BwE\" data-affiliate=\"true\" data-affiliate-url=\"https:\/\/click.linksynergy.com\/deeplink?id=2fv8O7DnZlc&amp;mid=43251&amp;u1=ellit|xid:{xid}&amp;murl=https%3A%2F%2Fwww2.hm.com%2Fit_it%2Fproductpage.1333545002.html%3Futm_source%3Dgoogle%26utm_medium%3Dcpc%26utm_campaign%3D%26utm_term%3D%26gad_source%3D1%26gad_campaignid%3D23731703228%26gbraid%3D0AAAAADvrmzQj2t9xh2_iteq3RczqYEqfy%26gclid%3DEAIaIQobChMImZedg4aslQMVtZ5oCR19TQFfEAQYECABEgLz8vD_BwE\" data-affiliate-network=\"{&quot;site_id&quot;:&quot;315b2bba-c4a8-446d-9237-6e6750390ee7&quot;,&quot;network&quot;:{&quot;name&quot;:&quot;Trackonomics&quot;},&quot;metadata&quot;:{&quot;trackonomics&quot;:{&quot;network_name&quot;:&quot;ls&quot;}},&quot;product_metadata&quot;:{&quot;315b2bba-c4a8-446d-9237-6e6750390ee7&quot;:{&quot;network_name&quot;:&quot;ls&quot;,&quot;link&quot;:&quot;https:\/\/click.linksynergy.com\/deeplink?id=2fv8O7DnZlc&amp;mid=43251&amp;u1={subid}&amp;murl=https%3A%2F%2Fwww2.hm.com%2Fit_it%2Fproductpage.1333545002.html%3Futm_source%3Dgoogle%26utm_medium%3Dcpc%26utm_campaign%3D%26utm_term%3D%26gad_source%3D1%26gad_campaignid%3D23731703228%26gbraid%3D0AAAAADvrmzQj2t9xh2_iteq3RczqYEqfy%26gclid%3DEAIaIQobChMImZedg4aslQMVtZ5oCR19TQFfEAQYECABEgLz8vD_BwE&quot;}}}\" data-fp-affiliate-inline-link=\"true\" data-fp-affiliate-button-link=\"false\" data-vars-ga-call-to-action=\"15\u00a0\u20ac su H&amp;M\" data-vars-ga-media-role=\"\" data-vars-ga-media-type=\"Single Product Embed\" data-vars-ga-outbound-link=\"https:\/\/www2.hm.com\/it_it\/productpage.1333545002.html?utm_source=google&amp;utm_medium=cpc&amp;utm_campaign=&amp;utm_term=&amp;gad_source=1&amp;gad_campaignid=23731703228&amp;gbraid=0AAAAADvrmzQj2t9xh2_iteq3RczqYEqfy&amp;gclid=EAIaIQobChMImZedg4aslQMVtZ5oCR19TQFfEAQYECABEgLz8vD_BwE\" data-vars-ga-product-id=\"4308ae85-1da5-4d59-a396-f89339913c09\" data-vars-ga-product-price=\"14,99\u00a0\u20ac\" data-vars-ga-product-retailer-id=\"68890be5-0c48-4760-8b12-f326947c2b9b\" data-vars-ga-link-treatment=\"(not set) | (not set)\" class=\"product-image-link ebgq4gw7 e12px3ys0 css-g6od0w e1socmtw0\"><img  alt=\"Shorts azzurri in cotone, H&amp;M\" title=\"Shorts azzurri in cotone, H&amp;M\" data-fp-product-image=\"true\" datafptag=\"data-fp-product-image\" src=\"https:\/\/www.europesays.com\/it\/wp-content\/uploads\/2026\/07\/1782722839-28bcc6b7-c4ac-4cc7-87ad-f9978a978bdc.jpg\" width=\"548\" height=\"466\" decoding=\"async\" loading=\"lazy\"\/><\/a>Shorts azzurri in cotone, H&amp;M<\/p>\n","protected":false},"excerpt":{"rendered":"Dopo anni di battaglie generazionali, gli shorts hanno conquistato un posto fisso nel guardaroba estivo di donne di&hellip;\n","protected":false},"author":3,"featured_media":567407,"comment_status":"","ping_status":"","sticky":false,"template":"","format":"standard","meta":{"footnotes":"","_share_on_mastodon":"0"},"categories":[174],"tags":[203,204,1537,90,89,37508,312730,5140,91140,312731,312732,1780,287372],"class_list":["post-567406","post","type-post","status-publish","format-standard","has-post-thumbnail","category-intrattenimento","tag-entertainment","tag-intrattenimento","tag-it","tag-italia","tag-italy","tag-myrta-merlino","tag-pantaloncini-leggeri","tag-shopping","tag-shorts","tag-shorts-azzurri","tag-shorts-leggeri","tag-traffico","tag-trend-estate-2026"],"share_on_mastodon":{"url":"https:\/\/pubeurope.com\/@it\/116855047134348705","error":""},"_links":{"self":[{"href":"https:\/\/www.europesays.com\/it\/wp-json\/wp\/v2\/posts\/567406","targetHints":{"allow":["GET"]}}],"collection":[{"href":"https:\/\/www.europesays.com\/it\/wp-json\/wp\/v2\/posts"}],"about":[{"href":"https:\/\/www.europesays.com\/it\/wp-json\/wp\/v2\/types\/post"}],"author":[{"embeddable":true,"href":"https:\/\/www.europesays.com\/it\/wp-json\/wp\/v2\/users\/3"}],"replies":[{"embeddable":true,"href":"https:\/\/www.europesays.com\/it\/wp-json\/wp\/v2\/comments?post=567406"}],"version-history":[{"count":0,"href":"https:\/\/www.europesays.com\/it\/wp-json\/wp\/v2\/posts\/567406\/revisions"}],"wp:featuredmedia":[{"embeddable":true,"href":"https:\/\/www.europesays.com\/it\/wp-json\/wp\/v2\/media\/567407"}],"wp:attachment":[{"href":"https:\/\/www.europesays.com\/it\/wp-json\/wp\/v2\/media?parent=567406"}],"wp:term":[{"taxonomy":"category","embeddable":true,"href":"https:\/\/www.europesays.com\/it\/wp-json\/wp\/v2\/categories?post=567406"},{"taxonomy":"post_tag","embeddable":true,"href":"https:\/\/www.europesays.com\/it\/wp-json\/wp\/v2\/tags?post=567406"}],"curies":[{"name":"wp","href":"https:\/\/api.w.org\/{rel}","templated":true}]}}