{"id":567447,"date":"2026-07-03T08:44:11","date_gmt":"2026-07-03T08:44:11","guid":{"rendered":"https:\/\/www.europesays.com\/it\/567447\/"},"modified":"2026-07-03T08:44:11","modified_gmt":"2026-07-03T08:44:11","slug":"claudio-benelli-morto-nello-schianto-dellultraleggero-tragico-incidente-a-castiglion-fiorentino","status":"publish","type":"post","link":"https:\/\/www.europesays.com\/it\/567447\/","title":{"rendered":"Claudio Benelli, morto nello schianto dell&#8217;ultraleggero: tragico incidente a Castiglion Fiorentino"},"content":{"rendered":"<p>Castiglion Fiorentino (Arezzo), 3 luglio 2026 \u2013\u00a0Tragico incidente nelle prime ore della mattina di oggi, venerd\u00ec 3 luglio, all\u2019aviosuperficie Serristori, nel comune di Castiglion Fiorentino. Poco prima delle 07 un uomo di 58 anni \u00e8 morto in seguito allo schianto del suo\u00a0<strong>velivolo ultraleggero<\/strong>. La vittima si chiamava <strong>Claudio Benelli<\/strong>, era di Castelleone in provincia di Cremona.\u00a0<\/p>\n<p>La tragedia dopo il decollo davanti agli amici <\/p>\n<p>Secondo le prime ricostruzioni, il tragico impatto \u00e8 avvenuto subito dopo la <strong>fase di decollo<\/strong>.\u00a0Resta ancora del tutto da chiarire la dinamica esatta dell\u2019incidente ma in base a quanto appreso il velivolo si \u00e8 alzato in volo e subito dopo \u00e8 precipitato\u00a0finendo in un campo non lontano dalla pista.\u00a0<\/p>\n<p>In un altro ultraleggero erano appena <strong>decollati due amici<\/strong> che hanno assistito alla scena e sono subito atterrati.\u00a0<\/p>\n<p> <img alt=\"Gli amici della vittima hanno assistito al tragico incidente (foto Alessandro Falsetti)\" loading=\"lazy\" width=\"3543\" height=\"2362\" decoding=\"async\" data-nimg=\"1\" style=\"color:transparent;max-width:100%;height:auto\"   src=\"https:\/\/www.europesays.com\/it\/wp-content\/uploads\/2026\/07\/gli-amici-della-vittima-hanno-assistito-al-tragico-incidente-foto-alessandro-falsetti.webp\"\/><\/p>\n<p>Gli amici della vittima hanno assistito al tragico incidente (foto Alessandro Falsetti)<\/p>\n<p>I soccorsi <\/p>\n<p>Immediato l\u2019allarme lanciato al numero unico di emergenza 112.\u00a0La chiamata ai soccorritori \u00e8 arrivata intorno alle 06:37. Sul posto sono intervenuti i sanitari del 118 con un\u2019ambulanza della Misericordia di Castiglion Fiorentino, l\u2019automedica de La Fratta e i vigili del fuoco.<\/p>\n<p> <img alt=\"Ultraleggero precipitato, deceduto il pilota. I rilievi dei carabinieri (foto Alessandro Falsetti)\" loading=\"lazy\" width=\"3543\" height=\"2362\" decoding=\"async\" data-nimg=\"1\" style=\"color:transparent;max-width:100%;height:auto\"   src=\"https:\/\/www.europesays.com\/it\/wp-content\/uploads\/2026\/07\/ultraleggero-precipitato-deceduto-il-pilota-i-rilievi-dei-carabinieri-foto-alessandro-falsetti.webp\"\/><\/p>\n<p>Ultraleggero precipitato, deceduto il pilota. I rilievi dei carabinieri (foto Alessandro Falsetti)<\/p>\n<p>Nonostante la rapidit\u00e0 dei soccorsi, per il pilota lombardo non c&#8217;\u00e8 stato purtroppo nulla da fare: l&#8217;uomo \u00e8 deceduto sul colpo a causa dei <strong>gravissimi traumi <\/strong>riportati nell&#8217;impatto. Rimasto incastrato nell\u2019abitacolo \u00e8 stato poi liberato dai vigili del fuoco.\u00a0I carabinieri\u00a0hanno avviato i rilievi di rito per ricostruire con precisione le cause del sinistro.<\/p>\n<p><strong>Notizia in aggiornamento<\/strong><\/p>\n","protected":false},"excerpt":{"rendered":"Castiglion Fiorentino (Arezzo), 3 luglio 2026 \u2013\u00a0Tragico incidente nelle prime ore della mattina di oggi, venerd\u00ec 3 luglio,&hellip;\n","protected":false},"author":3,"featured_media":567448,"comment_status":"","ping_status":"","sticky":false,"template":"","format":"standard","meta":{"footnotes":"","_share_on_mastodon":"0"},"categories":[79],"tags":[110830,4123,14,93,94,9286,1537,90,89,13293,7,15,3333,43017,22469,11,84,91,12,85,92,1477],"class_list":["post-567447","post","type-post","status-publish","format-standard","has-post-thumbnail","category-italia","tag-benelli","tag-claudio","tag-cronaca","tag-cronaca-italiana","tag-cronacaitaliana","tag-decollo","tag-it","tag-italia","tag-italy","tag-muore","tag-news","tag-notizie","tag-pilota","tag-precipita","tag-schianto","tag-ultime-notizie","tag-ultime-notizie-e-news-di-oggi","tag-ultime-notizie-italia","tag-ultimenotizie","tag-ultimenotizieenewsdioggi","tag-ultimenotizieitalia","tag-ultraleggero"],"share_on_mastodon":{"url":"https:\/\/pubeurope.com\/@it\/116855168735832496","error":""},"_links":{"self":[{"href":"https:\/\/www.europesays.com\/it\/wp-json\/wp\/v2\/posts\/567447","targetHints":{"allow":["GET"]}}],"collection":[{"href":"https:\/\/www.europesays.com\/it\/wp-json\/wp\/v2\/posts"}],"about":[{"href":"https:\/\/www.europesays.com\/it\/wp-json\/wp\/v2\/types\/post"}],"author":[{"embeddable":true,"href":"https:\/\/www.europesays.com\/it\/wp-json\/wp\/v2\/users\/3"}],"replies":[{"embeddable":true,"href":"https:\/\/www.europesays.com\/it\/wp-json\/wp\/v2\/comments?post=567447"}],"version-history":[{"count":0,"href":"https:\/\/www.europesays.com\/it\/wp-json\/wp\/v2\/posts\/567447\/revisions"}],"wp:featuredmedia":[{"embeddable":true,"href":"https:\/\/www.europesays.com\/it\/wp-json\/wp\/v2\/media\/567448"}],"wp:attachment":[{"href":"https:\/\/www.europesays.com\/it\/wp-json\/wp\/v2\/media?parent=567447"}],"wp:term":[{"taxonomy":"category","embeddable":true,"href":"https:\/\/www.europesays.com\/it\/wp-json\/wp\/v2\/categories?post=567447"},{"taxonomy":"post_tag","embeddable":true,"href":"https:\/\/www.europesays.com\/it\/wp-json\/wp\/v2\/tags?post=567447"}],"curies":[{"name":"wp","href":"https:\/\/api.w.org\/{rel}","templated":true}]}}