{"id":567505,"date":"2026-07-03T09:38:13","date_gmt":"2026-07-03T09:38:13","guid":{"rendered":"https:\/\/www.europesays.com\/it\/567505\/"},"modified":"2026-07-03T09:38:13","modified_gmt":"2026-07-03T09:38:13","slug":"milano-28enne-muore-annegato-nella-piscina-romano-era-entrato-con-amici-nella-notte-scavalcando-la-recinzione","status":"publish","type":"post","link":"https:\/\/www.europesays.com\/it\/567505\/","title":{"rendered":"Milano, 28enne muore annegato nella piscina Romano: era entrato con amici nella notte scavalcando la recinzione"},"content":{"rendered":"<p>    di<br \/>\n    Pierpaolo Lio<\/p>\n<p class=\"summary-art is-line-h-12\">Il gruppo, composto da almeno quattro giovani, avrebbe scavalcato la recinzione per fare un bagno notturno in piscina. Alfredo Arustigue Encarnacion, di origini peruviane, si \u00e8 tuffato e non \u00e8 pi\u00f9 riemerso<\/p>\n<p class=\"chapter-paragraph\">Hanno <b>scavalcato i cancelli\u00a0<\/b>per farsi <b>un tuffo in piscina.<\/b> Almeno <b>quattro ragazzi, tutti di origine sudamericana<\/b>. Ma durante il bagno notturno alla <b>piscina Romano a Milano, in zona Piola,<\/b> uno dei giovani si sarebbe sentito male.\u00a0<\/p>\n<p class=\"chapter-paragraph\">A dare <b>l\u2019allarme <\/b>sono stati gli amici. I soccorritori hanno tentato di rianimarlo. Ma per la vittima, <b>Alfredo Arustigue Encarnacion,<\/b>\u00a0<b>un 28enne peruviano<\/b>, non c\u2019\u00e8 stato nulla da fare. Trasportato d\u2019urgenza al Policlinico, al suo arrivo era gi\u00e0 deceduto.\u00a0    &#13;<br \/>\n&#13;<br \/>\n&#13;<br \/>\n&#13;<br \/>\n&#13;<br \/>\n&#13;<br \/>\n&#13;<br \/>\n&#13;<br \/>\n&#13;<br \/>\n&#13;<br \/>\n&#13;<br \/>\n&#13;<br \/>\n&#13;<br \/>\n&#13;<br \/>\n&#13;<br \/>\n&#13;<br \/>\n&#13;<br \/>\n&#13;<br \/>\n&#13;<br \/>\n&#13;<br \/>\n&#13;<br \/>\n&#13;<br \/>\n&#13;<br \/>\n&#13;<br \/>\n&#13;<br \/>\n&#13;<br \/>\n&#13;<br \/>\n&#13;<br \/>\n&#13;<br \/>\n&#13;<br \/>\n&#13;<br \/>\n&#13;<br \/>\n&#13;<br \/>\n&#13;<br \/>\n&#13;<br \/>\n&#13;<br \/>\n&#13;<br \/>\n&#13;<br \/>\n&#13;<br \/>\n&#13;<br \/>\n&#13;<br \/>\n&#13;<br \/>\n&#13;<br \/>\n&#13;<br \/>\n&#13;<br \/>\n&#13;<br \/>\n&#13;<br \/>\n&#13;<br \/>\n&#13;<br \/>\n&#13;<br \/>\n&#13;<br \/>\n&#13;<br \/>\n&#13;\n<\/p>\n<p class=\"chapter-paragraph\">Sul posto sono intervenuti gli agenti delle Volanti, il personale del 118 e gli agenti della <b>polizia locale <\/b>che hanno aperto<b> il comando di zona che si trova proprio a fianco alla struttura<\/b> per agevolare le operazioni di salvataggio.<\/p>\n<p class=\"chapter-paragraph\">Restano da chiarire le cause della morte di Alfredo, che <b>potrebbe aver accusato un malore in acqua o essere annegato<\/b> nella parte pi\u00f9 profonda della piscina. Gli investigatori stanno raccogliendo le testimonianze degli amici per chiarire cosa \u00e8 accaduto.<\/p>\n<p class=\"chapter-paragraph\">Nel<b> luglio 2019 <\/b>era accaduto un fatto analogo, sempre a Milano:<b> <a href=\"https:\/\/milano.corriere.it\/notizie\/cronaca\/19_luglio_19\/morto-piscina-sant-abbondio-comunale-ragazzo-annegato-bagno-vasca-notte-9692fb22-a9f1-11e9-a88c-fde1fa123548.shtml\" rel=\"nofollow noopener\" target=\"_blank\">un altro 28enne, Marco Scarcella<\/a><\/b>, di notte era entrato abusivamente con la fidanzata nella <b>piscina comunale di via Sant\u2019Abbondio<\/b>. Si era tuffato, ma nell&#8217;impatto aveva battuto la testa perdendo i sensi. Anche in quel caso i soccorsi erano stati vani.<\/p>\n<p class=\"is-mr-t-20 is-mr-b-20\"><b><br \/>\n                    <a href=\"https:\/\/milano.corriere.it\/?intcmp=Notizielocali_nd_010623_corriere_ss_milano\" target=\"_blank\" rel=\"nofollow noopener\">Vai a tutte le notizie di Milano<\/a><br \/>\n            <\/b><\/p>\n<p class=\"chapter-paragraph\"><b><a href=\"https:\/\/www.corriere.it\/newsletter\/?theme=41&amp;intcmp=IIIcolonna_NL_CorMilano\" target=\"_blank\" rel=\"nofollow noopener\">Iscriviti alla newsletter di Corriere Milano<\/a><\/b><\/p>\n<p class=\"is-last-update\" datetime=\"2026-07-03T11:29:16+02:00\">3 luglio 2026 ( modifica il 3 luglio 2026 | 11:29)<\/p>\n<p class=\"is-copyright\">\n            \u00a9 RIPRODUZIONE RISERVATA\n        <\/p>\n","protected":false},"excerpt":{"rendered":"di Pierpaolo Lio Il gruppo, composto da almeno quattro giovani, avrebbe scavalcato la recinzione per fare un bagno&hellip;\n","protected":false},"author":3,"featured_media":567506,"comment_status":"","ping_status":"","sticky":false,"template":"","format":"standard","meta":{"footnotes":"","_share_on_mastodon":"0"},"categories":[79],"tags":[500,3534,10112,312802,312803,839,1266,39273,312804,312805,1240,312806,312807,14,93,94,1537,90,89,28,7,15,15027,11,84,91,12,85,92],"class_list":["post-567505","post","type-post","status-publish","format-standard","has-post-thumbnail","category-italia","tag-accaduto","tag-agenti","tag-alfredo","tag-alfredo-arustigue","tag-alfredo-arustigue-encarnacion","tag-almeno","tag-amici","tag-annegato","tag-arustigue","tag-arustigue-encarnacion","tag-bagno","tag-bagno-notturno","tag-bagno-notturno-piscina","tag-cronaca","tag-cronaca-italiana","tag-cronacaitaliana","tag-it","tag-italia","tag-italy","tag-milano","tag-news","tag-notizie","tag-piscina","tag-ultime-notizie","tag-ultime-notizie-e-news-di-oggi","tag-ultime-notizie-italia","tag-ultimenotizie","tag-ultimenotizieenewsdioggi","tag-ultimenotizieitalia"],"share_on_mastodon":{"url":"","error":"Validation failed: Text character limit of 500 exceeded"},"_links":{"self":[{"href":"https:\/\/www.europesays.com\/it\/wp-json\/wp\/v2\/posts\/567505","targetHints":{"allow":["GET"]}}],"collection":[{"href":"https:\/\/www.europesays.com\/it\/wp-json\/wp\/v2\/posts"}],"about":[{"href":"https:\/\/www.europesays.com\/it\/wp-json\/wp\/v2\/types\/post"}],"author":[{"embeddable":true,"href":"https:\/\/www.europesays.com\/it\/wp-json\/wp\/v2\/users\/3"}],"replies":[{"embeddable":true,"href":"https:\/\/www.europesays.com\/it\/wp-json\/wp\/v2\/comments?post=567505"}],"version-history":[{"count":0,"href":"https:\/\/www.europesays.com\/it\/wp-json\/wp\/v2\/posts\/567505\/revisions"}],"wp:featuredmedia":[{"embeddable":true,"href":"https:\/\/www.europesays.com\/it\/wp-json\/wp\/v2\/media\/567506"}],"wp:attachment":[{"href":"https:\/\/www.europesays.com\/it\/wp-json\/wp\/v2\/media?parent=567505"}],"wp:term":[{"taxonomy":"category","embeddable":true,"href":"https:\/\/www.europesays.com\/it\/wp-json\/wp\/v2\/categories?post=567505"},{"taxonomy":"post_tag","embeddable":true,"href":"https:\/\/www.europesays.com\/it\/wp-json\/wp\/v2\/tags?post=567505"}],"curies":[{"name":"wp","href":"https:\/\/api.w.org\/{rel}","templated":true}]}}