{"id":567541,"date":"2026-07-03T10:14:16","date_gmt":"2026-07-03T10:14:16","guid":{"rendered":"https:\/\/www.europesays.com\/it\/567541\/"},"modified":"2026-07-03T10:14:16","modified_gmt":"2026-07-03T10:14:16","slug":"tennis-aspria-tennis-cup-cecchinato-vince-il-derby-e-va-ai-quarti","status":"publish","type":"post","link":"https:\/\/www.europesays.com\/it\/567541\/","title":{"rendered":"Tennis, Aspria Tennis Cup: Cecchinato vince il derby e va ai quarti"},"content":{"rendered":"<p>                                I risultati della quarta giornata del torneo milanese al termine\u00a0del secondo turno dell\u2019Atp Challenger<\/p>\n<p class=\"paragraph\" spellcheck=\"true\">Si \u00e8 chiuso oggi il secondo turno dell\u2019Atp Challenger di Milano. Sono quattro azzurri gli azzurri qualififati ai quarti di finale dell\u2019Aspria Tennis Cup 2026. Dopo Dalla Valle, oggi hanno strappato il pass anche Martin Manzano, Basile e Cecchinato. Un tripudio azzurro che consentir\u00e0, venerd\u00ec 3 luglio, di vivere un programma all\u2019insegna del tennis italiano: si apre con Heide-Dalla Valle alle 10, poi non prima delle 11.30 Basile-Cecchinato e Diaz Acosta-Martin Manzano, si chiude con Comesana-Rincon non prima delle 14<\/p>\n<p>        bene manzano e basile\u2014 \u00a0<\/p>\n<p class=\"paragraph\" spellcheck=\"true\">Juan Cruz Martin Manzano e Pierluigi Basile, le due wild card del torneo, scendono in campo insieme. E insieme regalano spettacolo. Martin Manzano lotta, sfiora la vittoria, cade e si rialza: 6-0 5-7 6-3 sullo spagnolo Jorda Sanchis. La partenza sprint vede una frenata nel secondo set, quando Manzano arriva a due punti dal match sul 5-4 e 30-15 in suo favore. Un passaggio a vuoto regala tre game di fila all\u2019avversario, ma \u00e8 solo un sussulto perch\u00e9 poi l\u2019azzurro ritrova se stesso e il suo miglior tennis: \u201cA fine secondo set mi sono un po\u2019 innervosito. Ero avanti, vicino alla vittoria con un avversario pi\u00f9 forte, quindi ero dispiaciuto per l\u2019occasione mancata. Ma poi ho resettato tutto e sono ripartito &#8211; le sue parole a fine match -. Mi sento bene fisicamente e questo torneo mi piace molto. Mi alleno qui vicino, \u00e8 come se fosse il torneo di casa, sono con la mia famiglia, i miei amici, la mia fidanzata\u201d. Pierluigi Basile parte fortissimo, va subito avanti 5-1 sul danese Moller con un tennis spumeggiante, conquista il primo set ma nel secondo \u00e8 un\u2019altalena di break e contro-break. L\u2019avversario \u00e8 avanti 4-2 ma l\u2019azzurro tira fuori il meglio di s\u00e9, torna aggressivo e centrato mentalmente. Quattro giochi di fila e un regalo dell\u2019avversario, che commette due doppi falli nel game decisivo e consegna i quarti di finale all\u2019italiano: 6-4 6-4 il punteggio finale. \u201cHo giocato bene, aggressivo e mettendo i piedi dentro il campo. Sono riuscito a spingere quando volevo, non \u00e8 stato facile perch\u00e9 lui mi ha messo costantemente sotto pressione e mi sono anche innervosito pi\u00f9 di quanto avrei dovuto \u2013 ha detto Basile a fine match \u2013.  Nel secondo set, sotto 4-2, sono tornato a servire bene, mettendo sempre prime palle con 3 ace. \u00c8 stata la svolta per rimontare. Ai quarti continuer\u00f2 a fare il mio gioco, ho lavorato bene nelle ultime settimane\u201d.<\/p>\n<p>        avanza cecchinato\u2014 \u00a0<\/p>\n<p class=\"paragraph\" spellcheck=\"true\">Marco Cecchinato ha conquistato il derby di giornata contro Brancaccio. Il primo set \u00e8 andato via liscio, nel secondo Brancaccio ha reagito andando addirittura a servire per il parziale. Qui il palermitano ha fatto valere la maggiore esperienza portando il set al tie break per poi dominarlo 7 punti a 1: 6-2 7-6 lo score finale. \u201cNon era facile giocare contro un amico come Raul, ci conosciamo davvero da tanto tempo. Il fatto di difendere il titolo mi d\u00e0 la carica per dare il massimo, al primo turno ho sentito pi\u00f9 tensione mentre oggi ho sbagliato pochissimo giocando bene tutti i momenti chiave. Mi sento bene fisicamente e non vedo l\u2019ora di ritornare in campo per i quarti\u201d, ha detto Cecchinato, campione in carica a Milano, a fine partita. Peccato solo per Daniele Rapagnetta, che nulla ha potuto contro il mancino argentino Diaz Acosta, ex vincitore del torneo e numero 120 del mondo. Sconfitta netta per 6-2 6-1 che comunque non oscura la buona settimana di Rapagnetta, bravo a qualificarsi e a superare il primo turno.<\/p>\n","protected":false},"excerpt":{"rendered":"I risultati della quarta giornata del torneo milanese al termine\u00a0del secondo turno dell\u2019Atp Challenger Si \u00e8 chiuso oggi&hellip;\n","protected":false},"author":3,"featured_media":567542,"comment_status":"","ping_status":"","sticky":false,"template":"","format":"standard","meta":{"footnotes":"","_share_on_mastodon":"0"},"categories":[1457],"tags":[3656,4595,306957,306958,306959,7919,171942,15961,4700,7920,101758,312813,10993,3649,921,2204,278135,30778,4299,5187,18350,312814,2606,1820,1426,5014,28699,5183,250975,1537,90,89,312811,3443,312812,1894,4426,3645,245,244,1273,6663,19627],"class_list":["post-567541","post","type-post","status-publish","format-standard","has-post-thumbnail","category-tennis","tag-acosta","tag-aggressivo","tag-aspria","tag-aspria-tennis","tag-aspria-tennis-cup","tag-atp","tag-atp-challenger","tag-avversario","tag-azzurri","tag-azzurro","tag-basile","tag-basile-cecchinato","tag-brancaccio","tag-break","tag-campo","tag-carica","tag-cecchinato","tag-challenger","tag-cup","tag-derby","tag-diaz","tag-diaz-acosta","tag-facile","tag-fila","tag-finale","tag-fisicamente","tag-game","tag-giornata","tag-innervosito","tag-it","tag-italia","tag-italy","tag-manzano","tag-martin","tag-martin-manzano","tag-match","tag-quarti","tag-set","tag-sport","tag-sports","tag-tennis","tag-torneo","tag-turno"],"share_on_mastodon":{"url":"https:\/\/pubeurope.com\/@it\/116855522426477821","error":""},"_links":{"self":[{"href":"https:\/\/www.europesays.com\/it\/wp-json\/wp\/v2\/posts\/567541","targetHints":{"allow":["GET"]}}],"collection":[{"href":"https:\/\/www.europesays.com\/it\/wp-json\/wp\/v2\/posts"}],"about":[{"href":"https:\/\/www.europesays.com\/it\/wp-json\/wp\/v2\/types\/post"}],"author":[{"embeddable":true,"href":"https:\/\/www.europesays.com\/it\/wp-json\/wp\/v2\/users\/3"}],"replies":[{"embeddable":true,"href":"https:\/\/www.europesays.com\/it\/wp-json\/wp\/v2\/comments?post=567541"}],"version-history":[{"count":0,"href":"https:\/\/www.europesays.com\/it\/wp-json\/wp\/v2\/posts\/567541\/revisions"}],"wp:featuredmedia":[{"embeddable":true,"href":"https:\/\/www.europesays.com\/it\/wp-json\/wp\/v2\/media\/567542"}],"wp:attachment":[{"href":"https:\/\/www.europesays.com\/it\/wp-json\/wp\/v2\/media?parent=567541"}],"wp:term":[{"taxonomy":"category","embeddable":true,"href":"https:\/\/www.europesays.com\/it\/wp-json\/wp\/v2\/categories?post=567541"},{"taxonomy":"post_tag","embeddable":true,"href":"https:\/\/www.europesays.com\/it\/wp-json\/wp\/v2\/tags?post=567541"}],"curies":[{"name":"wp","href":"https:\/\/api.w.org\/{rel}","templated":true}]}}