{"id":567712,"date":"2026-07-03T12:34:10","date_gmt":"2026-07-03T12:34:10","guid":{"rendered":"https:\/\/www.europesays.com\/it\/567712\/"},"modified":"2026-07-03T12:34:10","modified_gmt":"2026-07-03T12:34:10","slug":"gol-annullato-in-portogallo-croazia-ibrahimovic-un-furto-non-era-fuorigioco","status":"publish","type":"post","link":"https:\/\/www.europesays.com\/it\/567712\/","title":{"rendered":"Gol annullato in Portogallo-Croazia, Ibrahimovic: &#8220;Un furto, non era fuorigioco&#8221;"},"content":{"rendered":"<p>                                In qualit\u00e0 di opinionista di Fox Sports, il senior advisor di RedBird si scaglia contro la decisione dell&#8217;arbitro di non convalidare il gol di Gvardiol per fuorigioco e attacca Cristiano Ronaldo: &#8220;Il suo ego che tiene in ostaggio la squadra&#8221;<\/p>\n<p>                    3 luglio &#8211; 13:09  &#8211; BOSTON (STATI UNITI)<\/p>\n<p class=\"paragraph\" spellcheck=\"true\">Zlatan Ibrahimovic ha preso malissimo <a href=\"https:\/\/www.gazzetta.it\/Calcio\/Mondiali\/03-07-2026\/mondiali-fifa-2026-gol-gvardiol-annullato-dal-var-ecco-perche.shtml?intcmp=hyperlink-articolo-gazit\" title=\"L&#039;&quot;onda&quot; che ha fatto annullare il gol del 2-2 di Gvardiol: come funziona il chip dentro al pallone\" rel=\"nofollow noopener\" target=\"_blank\">la rete annullata alla Croazia nel finale del match contro il Portogallo<\/a>. Non c&#8217;entra il tifo in questo caso: l&#8217;advisor del Milan, nelle vesti di opinionista di Fox Sports, ha parlato a caldo come appassionato di calcio e si \u00e8 scagliato contro la decisione presa dall&#8217;arbitro dopo essere andato al Var. &#8220;\u00c8 stata una gran bella partita &#8211; ha tuonato -, rovinata nel finale dal Var. Non vedo nulla di irregolare nel gol del 2-2: il Var lo ha annullato, ma per me \u00e8 stato un furto. Il sensore nel pallone non funzionava o qualcosa \u00e8 andato storto, dato che Renato Veiga aveva toccato la palla, il che significa che non c&#8217;era fuorigioco. Guardate l&#8217;angolazione: il numero 20 della Croazia non tocca la sfera, non ne cambia minimamente la traiettoria. \u00c8 il numero 13 del Portogallo (Veiga, ndr) a toccarla! Come fa a essere fuorigioco? La tocca un avversario e all&#8217;improvviso il marcatore croato si ritrova in fuorigioco? Assurdo! I croati che avevano combattuto con il cuore sono stati provati di un momento da sogno in questi Mondiali. Per annullare un gol al 90&#8242;, la decisione deve essere cristallina. Qui non lo era affatto. Questo non \u00e8 stato arbitraggio. \u00c8 stato un furto in piena regola. Per me \u00e8 evidente che volevano che il Portogallo e Ronaldo arrivassero agli ottavi a sfidare la Spagna&#8221;.<\/p>\n<p>    critiche anche a ronaldo\u2014 \u00a0<\/p>\n<p class=\"paragraph is-inline\" spellcheck=\"true\">Ibra non \u00e8 stato tenere neppure con CR7: &#8220;I tifosi del Portogallo potevano aspettarsi quello che sta succedendo&#8230; Non si pu\u00f2 pensare di vincere qualcosa nel 2026 con <a href=\"https:\/\/www.gazzetta.it\/Calcio\/Mondiali\/02-07-2026\/mondiali-ronaldo-non-corre-piu-i-numeri-raccontano-il-nuovo-cr7.shtml?intcmp=hyperlink-articolo-gazit\" title=\"A 41 anni Ronaldo non corre, cammina: i dati che lo provano\" rel=\"nofollow noopener\" target=\"_blank\">un Cristiano Ronaldo di 41 anni<\/a> a guidare l&#8217;attacco. Anche perch\u00e9 in panchina c&#8217;\u00e8 Ramos che \u00e8 entrato e ha segnato. Questa non \u00e8 &#8220;leadership leggendaria&#8221;. \u00c8 l&#8217;ego che tiene in ostaggio la squadra. Ronaldo ha perso il tocco e la mobilit\u00e0. Ora sta solo in area&#8230; A questo punto \u00e8 l&#8217;aura a sostenerlo pi\u00f9 delle gambe. Continuare a schierarlo titolare \u00e8 pura follia dettata dalla nostalgia&#8221;.<\/p>\n<p><a class=\"is-partner-link\" href=\"https:\/\/abbonamenti.gazzetta.it\/de-promo-mondiali\/?pwcmp=cta&amp;forceBrowser=true\" rel=\"nofollow noopener\" target=\"_blank\">Gazzetta Mondiale: ogni notte un\u2019edizione straordinaria esclusiva. Non perdertela, abbonati a 1\u20ac\/mese!<\/a><\/p>\n<p>    leao e la gara\u2014 \u00a0<\/p>\n<p class=\"paragraph is-inline\" spellcheck=\"true\">Zlatan ha parlato anche dello svolgimento del match: &#8220;Alla fine il Portogallo si \u00e8 qualificato per gli ottavi di finale: questo \u00e8 il calcio&#8230; A volte le regole giocano a tuo favore, altre volte contro. \u00c8 un vero peccato che questa volta abbiano penalizzato la Croazia. Luka Modri\u0107 e Mateo Kovacic escono a testa alta: hanno dato il massimo, anche se le cose non sono andate come speravano. <a href=\"https:\/\/www.gazzetta.it\/Calcio\/Mondiali\/02-07-2026\/portogallo-croazia-live-risultato-e-gol-in-diretta-mondiali.shtml?intcmp=hyperlink-articolo-gazit\" title=\"Che partita pazzesca! CR7 e Gon\u00e7alo Ramos ribaltano la Croazia, Portogallo agli ottavi con la Spagna\" rel=\"nofollow noopener\" target=\"_blank\">Il Portogallo nel complesso \u00e8 stato superiore<\/a> e ha giocato davvero bene, ma anche la Croazia \u00e8 scesa in campo con l&#8217;obiettivo di segnare. Non sono rimasto colpito dalle prestazioni di Pedro Neto e Bruno Fernandes, che hanno reso al di sotto delle aspettative, mentre Rafael Le\u00e3o \u00e8 stato eccellente e ha messo in seria difficolt\u00e0 la difesa croata. Roberto Mart\u00ednez ha deciso la partita con sostituzioni intelligenti, inserendo Semedo, Francisco Concei\u00e7\u00e3o, Bernardo Silva e Gon\u00e7alo Ramos. Leao <a href=\"https:\/\/www.gazzetta.it\/Calcio\/Mondiali\/03-07-2026\/goncalo-ramos-l-abbraccio-a-modric-e-l-assist-di-leao-quanto-milan.shtml?intcmp=hyperlink-articolo-gazit\" title=\"Quanto Milan nella notte magica di Ramos tra assist di Leao e abbracci a Modric: \" il=\"\" gol=\"\" lo=\"\" sapevo=\"\" rel=\"nofollow noopener\" target=\"_blank\">ha servito un bellissimo assist a Ramos<\/a> che ha portato il Portogallo in vantaggio&#8221;.<\/p>\n<p class=\"is-copyright\">\u00a9 RIPRODUZIONE RISERVATA<\/p>\n","protected":false},"excerpt":{"rendered":"In qualit\u00e0 di opinionista di Fox Sports, il senior advisor di RedBird si scaglia contro la decisione dell&#8217;arbitro&hellip;\n","protected":false},"author":3,"featured_media":567713,"comment_status":"","ping_status":"","sticky":false,"template":"","format":"standard","meta":{"footnotes":"","_share_on_mastodon":"0"},"categories":[1452],"tags":[20908,2940,6467,13146,721,6101,6140,7144,1277,1368,312852,118133,312853,312854,1426,1740,12451,265143,11510,7100,1976,94951,1537,90,89,8007,1894,312855,1312,85448,312856,34979,17294,24823,1956,1739,245,244,29373],"class_list":["post-567712","post","type-post","status-publish","format-standard","has-post-thumbnail","category-calcio","tag-advisor","tag-andato","tag-annullato","tag-arbitro","tag-calcio","tag-cristiano","tag-cristiano-ronaldo","tag-croazia","tag-dato","tag-decisione","tag-decisione-arbitro","tag-ego","tag-ego-tiene","tag-ego-tiene-ostaggio","tag-finale","tag-football","tag-fox","tag-fox-sports","tag-fuorigioco","tag-furto","tag-gol","tag-ibra","tag-it","tag-italia","tag-italy","tag-leao","tag-match","tag-match-portogallo","tag-numero","tag-opinionista","tag-opinionista-fox","tag-ottavi","tag-portogallo","tag-ramos","tag-ronaldo","tag-soccer","tag-sport","tag-sports","tag-var"],"share_on_mastodon":{"url":"https:\/\/pubeurope.com\/@it\/116856073005581535","error":""},"_links":{"self":[{"href":"https:\/\/www.europesays.com\/it\/wp-json\/wp\/v2\/posts\/567712","targetHints":{"allow":["GET"]}}],"collection":[{"href":"https:\/\/www.europesays.com\/it\/wp-json\/wp\/v2\/posts"}],"about":[{"href":"https:\/\/www.europesays.com\/it\/wp-json\/wp\/v2\/types\/post"}],"author":[{"embeddable":true,"href":"https:\/\/www.europesays.com\/it\/wp-json\/wp\/v2\/users\/3"}],"replies":[{"embeddable":true,"href":"https:\/\/www.europesays.com\/it\/wp-json\/wp\/v2\/comments?post=567712"}],"version-history":[{"count":0,"href":"https:\/\/www.europesays.com\/it\/wp-json\/wp\/v2\/posts\/567712\/revisions"}],"wp:featuredmedia":[{"embeddable":true,"href":"https:\/\/www.europesays.com\/it\/wp-json\/wp\/v2\/media\/567713"}],"wp:attachment":[{"href":"https:\/\/www.europesays.com\/it\/wp-json\/wp\/v2\/media?parent=567712"}],"wp:term":[{"taxonomy":"category","embeddable":true,"href":"https:\/\/www.europesays.com\/it\/wp-json\/wp\/v2\/categories?post=567712"},{"taxonomy":"post_tag","embeddable":true,"href":"https:\/\/www.europesays.com\/it\/wp-json\/wp\/v2\/tags?post=567712"}],"curies":[{"name":"wp","href":"https:\/\/api.w.org\/{rel}","templated":true}]}}