{"id":567874,"date":"2026-07-03T14:45:21","date_gmt":"2026-07-03T14:45:21","guid":{"rendered":"https:\/\/www.europesays.com\/it\/567874\/"},"modified":"2026-07-03T14:45:21","modified_gmt":"2026-07-03T14:45:21","slug":"ciclomercato-giosue-epis-lascia-la-petrolike-e-debutta-subito-con-la-gallina-lucchini-ecotek-colosio","status":"publish","type":"post","link":"https:\/\/www.europesays.com\/it\/567874\/","title":{"rendered":"CicloMercato, Giosu\u00e8 Epis lascia la Petrolike e debutta subito con la Gallina Lucchini Ecotek Colosio"},"content":{"rendered":"<p>\t\t<img width=\"2560\" height=\"1707\" src=\"https:\/\/www.europesays.com\/it\/wp-content\/uploads\/2025\/09\/1195074986-scaled.jpg\" class=\"attachment-full size-full wp-post-image\" alt=\"\" data-main-img=\"1\" decoding=\"async\" fetchpriority=\"high\"  \/><\/p>\n<p>\t\t\t\t\t\t\t \u00a9 Sirotti<\/p>\n<p>\t\t\t\t\t<a href=\"https:\/\/cyclingpro.net\/spaziociclismo\/altro\/scopri-lapp-ufficiale-di-spaziociclismo\/\" title=\"\" rel=\"nofollow noopener\" target=\"_blank\"><br \/>\n\t\t\t\t\t\t<img loading=\"lazy\" decoding=\"async\" src=\"https:\/\/www.europesays.com\/it\/wp-content\/uploads\/2025\/09\/1758060682_662_Banner-App-SpazioCiclismo.png\" alt=\"\" width=\"728\" height=\"91\"\/><br \/>\n\t\t\t\t\t<\/a><\/p>\n<p>Dopo <strong>Giacomo Villa<\/strong>, un altro corridore italiano \u00e8 protagonista di un movimento di <strong>CicloMercato<\/strong> di met\u00e0 stagione. Questa volta tocca a <strong>Giosu\u00e8 Epis<\/strong>, che,<a href=\"https:\/\/cyclingpro.net\/spaziociclismo\/ciclomercato\/ciclomercato-giacomo-villa-lascia-la-pericolante-petrolike-e-firma-per-la-biesse-carrera-premac\/\" target=\"_blank\" rel=\"noopener nofollow\"> come il collega sopracitato, ha lasciato la pericolante Petrolike per accasarsi in una formazione italiana<\/a>. Epis, 24 anni, entra infatti con effetto immediato nell\u2019organico della <strong data-renderer-mark=\"true\">Gallina Lucchini Ecotek Colosio,<\/strong> squadra attiva sulla realt\u00e0 dilettantistica. Formalizzato il cambio di colori, il bresciano sar\u00e0 subito in azione con la nuova maglia, dato che far\u00e0 parte della selezione della formazione di \u201ccasa\u201d schierata al Giro delle Valli Aretine 2026, in programma domenica 5 luglio.<\/p>\n<p>Per Epis si tratta di un nuovo trasferimento per certi versi forzato. A fine 2025 era infatti rimasto senza squadra per via <a href=\"https:\/\/cyclingpro.net\/spaziociclismo\/esclusive\/esclusiva-giosue-epis-cerca-il-rilancio-con-la-petrolike-demare-mi-ha-detto-di-non-smettere-alla-mia-eta\/\" target=\"_blank\" rel=\"noopener nofollow\">della chiusura della WorldTour francese Ark\u00e9a-B&amp;B Hotels<\/a>, mentre nell\u2019arco di questa stagione si \u00e8 trovato coinvolto nelle difficolt\u00e0 operative della Continental messicana Petrolike.<\/p>\n<p>Seguici<\/p>\n<p>\t\t\t\t\t\t\t\t\t\t<a href=\"https:\/\/news.google.com\/publications\/CAAqBwgKMNaVhQswhaiCAw?hl=it&amp;gl=IT&amp;ceid=IT%3Ait\" title=\"Google News\" target=\"_blank\" rel=\"nofollow noopener\" class=\"post-followus-btn google-new-btn\"><br \/>\n\t\t\t\t\t\t<img decoding=\"async\" src=\"https:\/\/cyclingpro.net\/spaziociclismo\/wp-content\/themes\/jannah\/assets\/images\/google-news.svg\" alt=\"Google News\" loading=\"lazy\" width=\"120\" height=\"22\"\/><br \/>\n\t\t\t\t\t<\/a><br \/>\n\t\t\t\t\t\t\t\t\t\t<a href=\"https:\/\/flipboard.com\/@SpazioCiclismo\" title=\"Flipboard\" target=\"_blank\" rel=\"nofollow noopener\" class=\"post-followus-btn flipboard-btn\"><br \/>\n\t\t\t\t\t\t<img decoding=\"async\" src=\"https:\/\/cyclingpro.net\/spaziociclismo\/wp-content\/themes\/jannah\/assets\/images\/flipboard.svg\" alt=\"Flipboard\" loading=\"lazy\" width=\"152\" height=\"30\"\/><br \/>\n\t\t\t\t\t<\/a><\/p>\n","protected":false},"excerpt":{"rendered":"\u00a9 Sirotti Dopo Giacomo Villa, un altro corridore italiano \u00e8 protagonista di un movimento di CicloMercato di met\u00e0&hellip;\n","protected":false},"author":3,"featured_media":120087,"comment_status":"","ping_status":"","sticky":false,"template":"","format":"standard","meta":{"footnotes":"","_share_on_mastodon":"0"},"categories":[1456],"tags":[1824,18904,1825,312955,81469,1537,90,89,245,244],"class_list":["post-567874","post","type-post","status-publish","format-standard","has-post-thumbnail","category-ciclismo","tag-ciclismo","tag-ciclomercato","tag-cycling","tag-gallina-ecotek-lucchini-colosio-2026","tag-giosue-epis","tag-it","tag-italia","tag-italy","tag-sport","tag-sports"],"share_on_mastodon":{"url":"https:\/\/pubeurope.com\/@it\/116856588813275597","error":""},"_links":{"self":[{"href":"https:\/\/www.europesays.com\/it\/wp-json\/wp\/v2\/posts\/567874","targetHints":{"allow":["GET"]}}],"collection":[{"href":"https:\/\/www.europesays.com\/it\/wp-json\/wp\/v2\/posts"}],"about":[{"href":"https:\/\/www.europesays.com\/it\/wp-json\/wp\/v2\/types\/post"}],"author":[{"embeddable":true,"href":"https:\/\/www.europesays.com\/it\/wp-json\/wp\/v2\/users\/3"}],"replies":[{"embeddable":true,"href":"https:\/\/www.europesays.com\/it\/wp-json\/wp\/v2\/comments?post=567874"}],"version-history":[{"count":0,"href":"https:\/\/www.europesays.com\/it\/wp-json\/wp\/v2\/posts\/567874\/revisions"}],"wp:featuredmedia":[{"embeddable":true,"href":"https:\/\/www.europesays.com\/it\/wp-json\/wp\/v2\/media\/120087"}],"wp:attachment":[{"href":"https:\/\/www.europesays.com\/it\/wp-json\/wp\/v2\/media?parent=567874"}],"wp:term":[{"taxonomy":"category","embeddable":true,"href":"https:\/\/www.europesays.com\/it\/wp-json\/wp\/v2\/categories?post=567874"},{"taxonomy":"post_tag","embeddable":true,"href":"https:\/\/www.europesays.com\/it\/wp-json\/wp\/v2\/tags?post=567874"}],"curies":[{"name":"wp","href":"https:\/\/api.w.org\/{rel}","templated":true}]}}