{"id":568088,"date":"2026-07-03T17:46:13","date_gmt":"2026-07-03T17:46:13","guid":{"rendered":"https:\/\/www.europesays.com\/it\/568088\/"},"modified":"2026-07-03T17:46:13","modified_gmt":"2026-07-03T17:46:13","slug":"andrea-mazzucchi-e-il-nuovo-rettore-della-federico-ii-scoppia-la-festa-alluniversita-foto","status":"publish","type":"post","link":"https:\/\/www.europesays.com\/it\/568088\/","title":{"rendered":"Andrea Mazzucchi \u00e8 il nuovo rettore della Federico II: scoppia la festa all&#8217;Universit\u00e0| Foto"},"content":{"rendered":"<p>Andrea Mazzucchi \u00e8 il nuovo rettore della Federico II. Succede a Matteo Lorito. Nelle ultime ore la comunit\u00e0 dell&#8217;universit\u00e0 \u00e8 stata chiamata alle urne per eleggere il nuovo rettore. Oggi, secondo giorno della prima tornata, le urne sono state chiuse alle 15, poi \u00e8 iniziato immediatamente lo spoglio. Per il prossimo sessennio erano candidati Andrea Mazzucchi, Santolo Meo e Alessandro Pezzella. La tornata elettorale era gi\u00e0 valida da ieri, poich\u00e9 \u00e8 stato abbondantemente superato il quorum: alle 19, a chiusura dei seggi, ieri aveva votato\u00a0 il 61% dei 2.943 aventi diritto tra docenti e rappresentanti del personale tecnico amministrativo e degli studenti. L\u2019elezione al primo turno richiedeva la maggioranza assoluta pi\u00f9 uno dei voti espressi. Alle 16.09 \u00e8 iniziato lo spoglio, 2532 i votanti: vincitore Andrea Mazzucchi.<\/p>\n<p><p>APPROFONDIMENTI<\/p>\n<\/p>\n<p><img decoding=\"async\" alt=\"\" class=\"wnv-lazy\" src=\"https:\/\/www.europesays.com\/it\/wp-content\/uploads\/2026\/07\/whatsapp_image_2026_07_03_at_19.07.56_03190841.jpg\"\/><\/p>\n<p>Chi \u00e8 Andrea Mazzucchi <\/p>\n<p>Andrea Mazzucchi, ordinario di Filologia della letteratura italiana e attualmente al secondo mandato come direttore del Dipartimento di Studi Umanistici, \u00e8 tra i pi\u00f9 autorevoli studiosi italiani di Dante e della tradizione letteraria medievale, formatosi tra Napoli e Firenze. Autore di oltre trecento pubblicazioni, \u00e8 socio ordinario dell&#8217;Accademia Pontaniana e della Societ\u00e0 Nazionale di Scienze, Lettere e Arti, oltre che presidente della Societ\u00e0 dei Filologi della Letteratura Italiana e membro dell&#8217;Accademia della Crusca. Il suo programma, sviluppato in 53 pagine, si articola in nove impegni programmatici che pongono al centro gli studenti, una nuova stagione per la ricerca, l&#8217;internazionalizzazione, la sostenibilit\u00e0 dei campus e un uso governato dell&#8217;intelligenza artificiale, entro una visione dell&#8217;ateneo come bene comune e comunit\u00e0 della conoscenza.<\/p>\n<p> Il messaggio di Manfredi <\/p>\n<p>\u00abAuguri di buon lavoro ad Andrea Mazzucchi. Governer\u00e0 con equilibrio e saggezza la Federico II, un grande patrimonio della nostra citt\u00e0 e di tutta l&#8217;Italia\u00bb \u00e8 il messaggio del sindaco di Napoli Gaetano Manfredi al neo rettore.<\/p>\n<p><img decoding=\"async\" alt=\"\" class=\"wnv-lazy\" src=\"https:\/\/www.europesays.com\/it\/wp-content\/uploads\/2026\/07\/whatsapp_image_2026_07_03_at_19.27.00_1_03192744.jpg\"\/><\/p>\n","protected":false},"excerpt":{"rendered":"Andrea Mazzucchi \u00e8 il nuovo rettore della Federico II. Succede a Matteo Lorito. Nelle ultime ore la comunit\u00e0&hellip;\n","protected":false},"author":3,"featured_media":568089,"comment_status":"","ping_status":"","sticky":false,"template":"","format":"standard","meta":{"footnotes":"","_share_on_mastodon":"0"},"categories":[79],"tags":[14,93,94,123,123077,1537,90,89,248,7,15,11,84,91,12,85,92],"class_list":["post-568088","post","type-post","status-publish","format-standard","has-post-thumbnail","category-italia","tag-cronaca","tag-cronaca-italiana","tag-cronacaitaliana","tag-elezioni","tag-federico-ii","tag-it","tag-italia","tag-italy","tag-napoli","tag-news","tag-notizie","tag-ultime-notizie","tag-ultime-notizie-e-news-di-oggi","tag-ultime-notizie-italia","tag-ultimenotizie","tag-ultimenotizieenewsdioggi","tag-ultimenotizieitalia"],"share_on_mastodon":{"url":"https:\/\/pubeurope.com\/@it\/116857300442948785","error":""},"_links":{"self":[{"href":"https:\/\/www.europesays.com\/it\/wp-json\/wp\/v2\/posts\/568088","targetHints":{"allow":["GET"]}}],"collection":[{"href":"https:\/\/www.europesays.com\/it\/wp-json\/wp\/v2\/posts"}],"about":[{"href":"https:\/\/www.europesays.com\/it\/wp-json\/wp\/v2\/types\/post"}],"author":[{"embeddable":true,"href":"https:\/\/www.europesays.com\/it\/wp-json\/wp\/v2\/users\/3"}],"replies":[{"embeddable":true,"href":"https:\/\/www.europesays.com\/it\/wp-json\/wp\/v2\/comments?post=568088"}],"version-history":[{"count":0,"href":"https:\/\/www.europesays.com\/it\/wp-json\/wp\/v2\/posts\/568088\/revisions"}],"wp:featuredmedia":[{"embeddable":true,"href":"https:\/\/www.europesays.com\/it\/wp-json\/wp\/v2\/media\/568089"}],"wp:attachment":[{"href":"https:\/\/www.europesays.com\/it\/wp-json\/wp\/v2\/media?parent=568088"}],"wp:term":[{"taxonomy":"category","embeddable":true,"href":"https:\/\/www.europesays.com\/it\/wp-json\/wp\/v2\/categories?post=568088"},{"taxonomy":"post_tag","embeddable":true,"href":"https:\/\/www.europesays.com\/it\/wp-json\/wp\/v2\/tags?post=568088"}],"curies":[{"name":"wp","href":"https:\/\/api.w.org\/{rel}","templated":true}]}}