{"id":568122,"date":"2026-07-03T18:13:17","date_gmt":"2026-07-03T18:13:17","guid":{"rendered":"https:\/\/www.europesays.com\/it\/568122\/"},"modified":"2026-07-03T18:13:17","modified_gmt":"2026-07-03T18:13:17","slug":"venezia-a-18-anni-si-arrampica-sul-tettuccio-del-vaporetto-in-movimento-mentre-un-amico-lo-filma-con-il-cellulare-denunciato","status":"publish","type":"post","link":"https:\/\/www.europesays.com\/it\/568122\/","title":{"rendered":"Venezia, a 18 anni si arrampica sul tettuccio del vaporetto in movimento mentre un amico lo filma con il cellulare: denunciato"},"content":{"rendered":"<p>    di<br \/>\n    Pierfrancesco Carcassi e Antonella Gasparini<\/p>\n<p class=\"summary-art is-line-h-12\">Bravata in laguna, interviene la polizia locale. Il video diffuso sui social da \u00abLady pickpocket\u00bb. Il sindaco: tolleranza zero, valutiamo i danni di immagine alla citt\u00e0<\/p>\n<p class=\"chapter-paragraph\">Si <b>arrampica <\/b>sul tettuccio di un <b>vaporetto <\/b>in piena navigazione nella laguna di Venezia e si fa filmare da un amico con il cellulare. \u00c8 stato fermato dagli agenti della Polizia locale il turista 18enne che la mattina di venerd\u00ec 3 luglio \u00e8 salito in cima a un battello del trasporto pubblico in movimento nel bacino di San Marco, <b>tra i Giardini della Biennale e San Zaccaria<\/b>\u00a0e che, poche ore dopo, ha ripetuto lo stesso pericoloso gesto. Gli agenti lo hanno <b>bloccato <\/b>a bordo dell&#8217;imbarcazione e portato al Comando del Tronchetto. Si tratta di un ragazzo residente in provincia di Reggio Emilia: \u00e8 stato\u00a0<b>denunciato <\/b>per <b>interruzione di pubblico servizio<\/b> e pericolo per la navigazione. Identificato anche <b>l&#8217;amico <\/b>che si trovava con lui e riprendeva la bravata con il cellulare, proviene dalla provincia di Treviso.<\/p>\n<p>    Il video diffuso da\u00a0\u00abLady pickpocket\u00bb<\/p>\n<p class=\"chapter-paragraph\">Le immagini sono diventate virali sui social. Un video dell&#8217;episodio \u00e8 stato diffuso su Facebook, tra gli altri, dalla consigliera comunale Monica Poli, nota come \u00ab<a href=\"https:\/\/corrieredelveneto.corriere.it\/notizie\/venezia-mestre\/politica\/26_giugno_17\/la-lega-scompare-dal-consiglio-comunale-di-venezia-giovanni-giusto-e-monica-poli-lady-pickpocket-subito-al-gruppo-misto-a4238be4-71c8-4ac6-95aa-c032358f0xlk.shtml\" rel=\"nofollow noopener\" target=\"_blank\">Lady pickpocket<\/a>\u00bb per la sua lotta contro i borseggiatori e per il decoro urbano. \u00abBasta, rispetto per la nostra citt\u00e0!\u00bb, ha scritto a commento del filmato. Si vede il protagonista della bravata, in maglietta gialla e con un <b>berretto bianco<\/b>, sopra il tetto del vaporetto, mentre fa qualche passo e sembra rispondere a gesti contro chi lo invita a scendere. Un natante della <b>Polizia <\/b>locale ha acceso la sirena per accostare al vaporetto e bloccarlo, riuscendoci poco pi\u00f9 in l\u00e0, nella zona di San Zaccaria.    &#13;<br \/>\n&#13;<br \/>\n&#13;<br \/>\n&#13;<br \/>\n&#13;<br \/>\n&#13;<br \/>\n&#13;<br \/>\n&#13;<br \/>\n&#13;<br \/>\n&#13;<br \/>\n&#13;<br \/>\n&#13;<br \/>\n&#13;<br \/>\n&#13;<br \/>\n&#13;<br \/>\n&#13;<br \/>\n&#13;<br \/>\n&#13;<br \/>\n&#13;<br \/>\n&#13;<br \/>\n&#13;<br \/>\n&#13;<br \/>\n&#13;<br \/>\n&#13;<br \/>\n&#13;<br \/>\n&#13;<br \/>\n&#13;<br \/>\n&#13;<br \/>\n&#13;<br \/>\n&#13;<br \/>\n&#13;<br \/>\n&#13;<br \/>\n&#13;<br \/>\n&#13;<br \/>\n&#13;<br \/>\n&#13;<br \/>\n&#13;<br \/>\n&#13;<br \/>\n&#13;<br \/>\n&#13;<br \/>\n&#13;<br \/>\n&#13;<br \/>\n&#13;<br \/>\n&#13;<br \/>\n&#13;<br \/>\n&#13;<br \/>\n&#13;<br \/>\n&#13;<br \/>\n&#13;<br \/>\n&#13;<br \/>\n&#13;<br \/>\n&#13;<br \/>\n&#13;\n<\/p>\n<p>    Il sindaco:\u00a0\u00abValutiamo i danni di immagine\u00bb<\/p>\n<p class=\"chapter-paragraph\">\u00abRingrazio gli agenti della Polizia Locale per la tempestivit\u00e0 e la professionalit\u00e0 dell\u2019intervento, cos\u00ec come il personale ACTV (l&#8217;azienda di trasporto pubblico, ndr) che anche in questa occasione ha collaborato con senso di responsabilit\u00e0 e attenzione alla sicurezza dei passeggeri e della navigazione\u00bb, ha dichiarato il sindaco Simone Venturini. \u00abComportamenti come quello a cui abbiamo assistito oggi sono inaccettabili e non possono essere derubricati a bravate. Chi pensa di <b>usare Venezia come un palcoscenico<\/b> per qualche like in pi\u00f9 sui social manca di rispetto alla citt\u00e0, ai veneziani, ai lavoratori del trasporto pubblico e a tutti i cittadini e visitatori che ogni giorno si muovono nel rispetto delle regole. Lo diciamo con chiarezza: su questi episodi la linea deve essere quella della <b>tolleranza zero<\/b>\u00bb. Venturini ha annunciato che la storia non finisce con la denuncia: \u00abHo chiesto agli uffici di valutare ogni ulteriore iniziativa consentita, compresa la richiesta di risarcimento per il danno d\u2019immagine arrecato alla citt\u00e0\u00bb.<\/p>\n<p>    Stefani:\u00a0\u00abAtto incosciente\u00bb<\/p>\n<p class=\"chapter-paragraph\">Anche il presidente della Regione Veneto, <b>Alberto Stefani<\/b>, ha condannato l&#8217;accaduto: \u00abMettere a rischio la propria incolumit\u00e0 e quella degli altri per un video sui social \u00e8 un atto <b>incosciente <\/b>e <b>imprudente<\/b>\u00bb, ha detto. \u00abVenezia merita rispetto, non gesti esibizionistici che ne mettono a rischio la sicurezza e l&#8217;immagine. Ringrazio la Polizia locale per il tempestivo intervento e auspico che il responsabile venga individuato e sanzionato. La Regione continuer\u00e0 a collaborare con il Comune e le forze dell&#8217;ordine per rafforzare i controlli e tutelare la sicurezza e il decoro della citt\u00e0\u00bb.<\/p>\n<p class=\"is-mr-t-20 is-mr-b-20\"><b><br \/>\n                                    <a href=\"https:\/\/corrieredelveneto.corriere.it\/venezia-mestre\/?intcmp=Notizielocali_nd_010623_corriere_ss_venezia\" target=\"_blank\" rel=\"nofollow noopener\">Vai a tutte le notizie di Venezia Mestre<\/a><br \/>\n                        <\/b><\/p>\n<p class=\"chapter-paragraph\"><b><a href=\"https:\/\/www.corriere.it\/newsletter\/?theme=39&amp;intcmp=NL-artic_nd_060624_corriere_ss_veneto\" target=\"_blank\" rel=\"nofollow noopener\">Iscriviti alla newsletter del Corriere del Veneto<\/a><\/b><\/p>\n<p class=\"is-last-update\" datetime=\"2026-07-03T17:37:32+02:00\">3 luglio 2026 ( modifica il 3 luglio 2026 | 17:37)<\/p>\n<p class=\"is-copyright\">\n            \u00a9 RIPRODUZIONE RISERVATA\n        <\/p>\n","protected":false},"excerpt":{"rendered":"di Pierfrancesco Carcassi e Antonella Gasparini Bravata in laguna, interviene la polizia locale. Il video diffuso sui social&hellip;\n","protected":false},"author":3,"featured_media":568123,"comment_status":"","ping_status":"","sticky":false,"template":"","format":"standard","meta":{"footnotes":"","_share_on_mastodon":"0"},"categories":[79],"tags":[3534,8131,43731,4008,125555,313076,313077,1026,313078,59922,12206,14,93,94,420,259331,78989,20301,3636,6852,1537,90,89,35479,77281,695,17755,7,15,53608,531,698,179,1270,532,863,19,1686,7232,40337,11,84,91,12,85,92,62260,222,2392],"class_list":["post-568122","post","type-post","status-publish","format-standard","has-post-thumbnail","category-italia","tag-agenti","tag-agenti-polizia","tag-agenti-polizia-locale","tag-amico","tag-arrampica","tag-arrampica-tettuccio","tag-arrampica-tettuccio-vaporetto","tag-atto","tag-atto-incosciente","tag-bravata","tag-cellulare","tag-cronaca","tag-cronaca-italiana","tag-cronacaitaliana","tag-danni","tag-danni-immagine","tag-decoro","tag-denunciato","tag-diffuso","tag-immagine","tag-it","tag-italia","tag-italy","tag-lady","tag-lady-pickpocket","tag-locale","tag-navigazione","tag-news","tag-notizie","tag-pickpocket","tag-polizia","tag-polizia-locale","tag-pubblico","tag-rispetto","tag-san","tag-sicurezza","tag-sindaco","tag-social","tag-trasporto","tag-trasporto-pubblico","tag-ultime-notizie","tag-ultime-notizie-e-news-di-oggi","tag-ultime-notizie-italia","tag-ultimenotizie","tag-ultimenotizieenewsdioggi","tag-ultimenotizieitalia","tag-vaporetto","tag-venezia","tag-video"],"share_on_mastodon":{"url":"","error":"Validation failed: Text character limit of 500 exceeded"},"_links":{"self":[{"href":"https:\/\/www.europesays.com\/it\/wp-json\/wp\/v2\/posts\/568122","targetHints":{"allow":["GET"]}}],"collection":[{"href":"https:\/\/www.europesays.com\/it\/wp-json\/wp\/v2\/posts"}],"about":[{"href":"https:\/\/www.europesays.com\/it\/wp-json\/wp\/v2\/types\/post"}],"author":[{"embeddable":true,"href":"https:\/\/www.europesays.com\/it\/wp-json\/wp\/v2\/users\/3"}],"replies":[{"embeddable":true,"href":"https:\/\/www.europesays.com\/it\/wp-json\/wp\/v2\/comments?post=568122"}],"version-history":[{"count":0,"href":"https:\/\/www.europesays.com\/it\/wp-json\/wp\/v2\/posts\/568122\/revisions"}],"wp:featuredmedia":[{"embeddable":true,"href":"https:\/\/www.europesays.com\/it\/wp-json\/wp\/v2\/media\/568123"}],"wp:attachment":[{"href":"https:\/\/www.europesays.com\/it\/wp-json\/wp\/v2\/media?parent=568122"}],"wp:term":[{"taxonomy":"category","embeddable":true,"href":"https:\/\/www.europesays.com\/it\/wp-json\/wp\/v2\/categories?post=568122"},{"taxonomy":"post_tag","embeddable":true,"href":"https:\/\/www.europesays.com\/it\/wp-json\/wp\/v2\/tags?post=568122"}],"curies":[{"name":"wp","href":"https:\/\/api.w.org\/{rel}","templated":true}]}}