{"id":568133,"date":"2026-07-03T18:27:15","date_gmt":"2026-07-03T18:27:15","guid":{"rendered":"https:\/\/www.europesays.com\/it\/568133\/"},"modified":"2026-07-03T18:27:15","modified_gmt":"2026-07-03T18:27:15","slug":"khalaili-inter-cosa-manca-per-chiudere-tra-calciatore-e-societa","status":"publish","type":"post","link":"https:\/\/www.europesays.com\/it\/568133\/","title":{"rendered":"Khalaili-Inter, cosa manca per chiudere tra calciatore e societ\u00e0"},"content":{"rendered":"<p>                                L&#8217;israeliano \u00e8 stato individuato come il profilo ideale a cui affidare la fascia destra: l&#8217;Union Saint-Gilloise chiede poco pi\u00f9 di 25 milioni ma c&#8217;\u00e8 fiducia\u00a0<\/p>\n<p class=\"paragraph\" spellcheck=\"true\">&#8220;Il prescelto&#8221; non \u00e8 solo Nicholas Cage nell&#8217;omonimo film (&#8220;The Wicker Man&#8221;), ma pure Anan Khalaili. Perch\u00e9 l&#8217;Inter ha scelto l&#8217;esterno israeliano come profilo ideale a cui affidare la fascia destra rimasta vacante a seguito dell&#8217;addio di Dumfries e del mancato arrivo di Palestra, e adesso \u00e8 pronta ad affondare il colpo. Negli ultimi giorni la dirigenza nerazzurra ha mosso passi importanti, sia per trovare un accordo con il giocatore sia per raggiungere una quadra con l&#8217;Union Saint-Gilloise, club proprietario del cartellino. E se con Khalaili non ci sono problemi &#8211; firmerebbe un contratto quinquennale di poco superiore al milione e mezzo di euro a stagione -, dall&#8217;altra parte non manca molto nemmeno per quello con la dirigenza belga.\u00a0\u00a0<\/p>\n<p>        countdown\u2014 \u00a0<\/p>\n<p class=\"paragraph\" spellcheck=\"true\">Su Khalaili si era mosso in anticipo il Napoli, trovando proprio l&#8217;accordo con il giocatore. Ma la lunga rosa degli azzurri impone al club di Aurelio De Laurentiis di cedere prima di comprare, e allora l&#8217;inserimento dell&#8217;Inter potrebbe rapidamente diventare decisivo. L&#8217;Union Saint-Gilloise \u00e8 ben consapevole di essersi ritrovato con un potenziale tesoro tra le mani, in quanto l&#8217;esterno israeliano risulta ambito non solo dai due club italiani ma pure da altri all&#8217;estero (il Dortmund su tutti ha chiesto informazioni), per\u00f2 la dirigenza nerazzurra ha gi\u00e0 allacciato i rapporti con quella belga e le parti sono ormai vicine ad un accordo definitivo. Inizialmente la richiesta del Saint-Gilloise era leggermente superiore ai 25 milioni, ma il pressing dell&#8217;Inter sta funzionando e una squadra definitiva potrebbe trovarsi attorno ad una proposta di 23 circa con qualche bonus eventuale in aggiunta. Una distanza ridotta, quasi minima, e un colpo in piena linea con la politica di Oaktree sul mercato: Khalaili \u00e8 giovane (21 anni), affidabile gi\u00e0 da subito e soprattutto ha margini di crescita ancora parecchio elevati. Ecco perch\u00e9 l&#8217;Inter si \u00e8 definitivamente convinta: quello dell&#8217;israeliano \u00e8 il profilo perfetto a cui affidare la fascia destra. E cos\u00ec sar\u00e0.\u00a0<\/p>\n","protected":false},"excerpt":{"rendered":"L&#8217;israeliano \u00e8 stato individuato come il profilo ideale a cui affidare la fascia destra: l&#8217;Union Saint-Gilloise chiede poco&hellip;\n","protected":false},"author":3,"featured_media":568134,"comment_status":"","ping_status":"","sticky":false,"template":"","format":"standard","meta":{"footnotes":"","_share_on_mastodon":"0"},"categories":[1452],"tags":[579,291828,67542,313079,313080,721,554,3177,5524,3074,45907,1740,78270,350,760,1537,90,89,192610,2717,17237,78271,1739,245,244,5190,78272,78273],"class_list":["post-568133","post","type-post","status-publish","format-standard","has-post-thumbnail","category-calcio","tag-accordo","tag-accordo-giocatore","tag-affidare","tag-affidare-fascia","tag-affidare-fascia-destra","tag-calcio","tag-club","tag-destra","tag-dirigenza","tag-fascia","tag-fascia-destra","tag-football","tag-gilloise","tag-inter","tag-israeliano","tag-it","tag-italia","tag-italy","tag-khalaili","tag-profilo","tag-saint","tag-saint-gilloise","tag-soccer","tag-sport","tag-sports","tag-union","tag-union-saint","tag-union-saint-gilloise"],"share_on_mastodon":{"url":"https:\/\/pubeurope.com\/@it\/116857460930344342","error":""},"_links":{"self":[{"href":"https:\/\/www.europesays.com\/it\/wp-json\/wp\/v2\/posts\/568133","targetHints":{"allow":["GET"]}}],"collection":[{"href":"https:\/\/www.europesays.com\/it\/wp-json\/wp\/v2\/posts"}],"about":[{"href":"https:\/\/www.europesays.com\/it\/wp-json\/wp\/v2\/types\/post"}],"author":[{"embeddable":true,"href":"https:\/\/www.europesays.com\/it\/wp-json\/wp\/v2\/users\/3"}],"replies":[{"embeddable":true,"href":"https:\/\/www.europesays.com\/it\/wp-json\/wp\/v2\/comments?post=568133"}],"version-history":[{"count":0,"href":"https:\/\/www.europesays.com\/it\/wp-json\/wp\/v2\/posts\/568133\/revisions"}],"wp:featuredmedia":[{"embeddable":true,"href":"https:\/\/www.europesays.com\/it\/wp-json\/wp\/v2\/media\/568134"}],"wp:attachment":[{"href":"https:\/\/www.europesays.com\/it\/wp-json\/wp\/v2\/media?parent=568133"}],"wp:term":[{"taxonomy":"category","embeddable":true,"href":"https:\/\/www.europesays.com\/it\/wp-json\/wp\/v2\/categories?post=568133"},{"taxonomy":"post_tag","embeddable":true,"href":"https:\/\/www.europesays.com\/it\/wp-json\/wp\/v2\/tags?post=568133"}],"curies":[{"name":"wp","href":"https:\/\/api.w.org\/{rel}","templated":true}]}}