{"id":568159,"date":"2026-07-03T18:41:15","date_gmt":"2026-07-03T18:41:15","guid":{"rendered":"https:\/\/www.europesays.com\/it\/568159\/"},"modified":"2026-07-03T18:41:15","modified_gmt":"2026-07-03T18:41:15","slug":"fi-pi-li-cede-un-tratto-di-asfalto-chiusa-durgenza-la-strada-in-direzione-mare-code-a-caos-traffico-alle-19-la-parziale-riapertura","status":"publish","type":"post","link":"https:\/\/www.europesays.com\/it\/568159\/","title":{"rendered":"Fi-Pi-Li, cede un tratto di asfalto: chiusa d\u2019urgenza la strada in direzione mare, code a caos traffico. Alle 19 la parziale riapertura"},"content":{"rendered":"<p>    di<br \/>\n    Lorenzo Sarra e Redazione Online<\/p>\n<p class=\"summary-art is-line-h-12\">Gli automobilisti sono stati fatti uscire ad Empoli. Cinque ore di disagi<\/p>\n<p class=\"chapter-paragraph\">Forti disagi in FiPiLi\u00a0 venerd\u00ec 3 luglio per un cedimento stradale (una \u00abgrossa buca\u00bb) che ha portato alla\u00a0 chiusura del tratto Empoli Ovest-San Miniato in direzione mare. Da Avr si fa sapere che la chiusura \u00e8 stata necessaria per il<b> ripristino urgente di uno sfondamento dell&#8217;asfalto al km 31+500.<\/b>\u00a0<\/p>\n<p class=\"chapter-paragraph\">Gli automobilisti vengono <b>fatti uscire gi\u00e0 a Empoli Ovest<\/b> per poi rientrare a San Miniato, ma il traffico risulta estremamente congestionato, con mezzi a passo d\u2019uomo.    &#13;<br \/>\n&#13;<br \/>\n&#13;<br \/>\n&#13;<br \/>\n&#13;<br \/>\n&#13;<br \/>\n&#13;<br \/>\n&#13;<br \/>\n&#13;<br \/>\n&#13;<br \/>\n&#13;<br \/>\n&#13;<br \/>\n&#13;<br \/>\n&#13;<br \/>\n&#13;<br \/>\n&#13;<br \/>\n&#13;<br \/>\n&#13;<br \/>\n&#13;<br \/>\n&#13;<br \/>\n&#13;<br \/>\n&#13;<br \/>\n&#13;<br \/>\n&#13;<br \/>\n&#13;<br \/>\n&#13;<br \/>\n&#13;<br \/>\n&#13;<br \/>\n&#13;<br \/>\n&#13;<br \/>\n&#13;<br \/>\n&#13;<br \/>\n&#13;<br \/>\n&#13;<br \/>\n&#13;<br \/>\n&#13;<br \/>\n&#13;<br \/>\n&#13;<br \/>\n&#13;<br \/>\n&#13;<br \/>\n&#13;<br \/>\n&#13;<br \/>\n&#13;<br \/>\n&#13;<br \/>\n&#13;<br \/>\n&#13;<br \/>\n&#13;<br \/>\n&#13;<br \/>\n&#13;<br \/>\n&#13;<br \/>\n&#13;<br \/>\n&#13;<br \/>\n&#13;\n<\/p>\n<p class=\"chapter-paragraph\">\u00abQuesto cedimento \u00e8 l&#8217;epilogo di una situazione che era gi\u00e0 allo stremo\u00bb. <b>Cristina Divito, portavoce del comitato I dannati della FiPiLi<\/b>, non nasconde la preoccupazione dopo il nuovo cedimento del manto stradale. \u00abL&#8217;intera carreggiata della superstrada versa in condizioni critiche, anche se ci sono tratti dove le problematiche sono pi\u00f9 gravi\u00bb. Tra questi c&#8217;\u00e8 appunto quello di Empoli, che il comitato aveva gi\u00e0 indicato come uno dei punti pi\u00f9 delicati della FiPiLi. \u00ab<b>Due settimane fa avevamo segnalato proprio quel tratto, dove le auto subivano scossoni fortissimi<\/b> a causa del manto stradale deteriorato. Inoltre, all&#8217;altezza di Empoli Ovest, sul ponte, ci sono anche alcuni giunti che destano preoccupazione\u00bb<\/p>\n<p>    La riapertura (parziale) in serata<\/p>\n<p class=\"chapter-paragraph\">Alle 18.50, dopo <b>quasi cinque ore<\/b> dal cedimento dell\u2019asfalto e il successivo intervento di Avr con operatori e mezzi pesanti, l\u2019azienda ha comunicato che la superstrada \u00e8 stata <b>riaperta parzialmente<\/b>, una sola corsia, nel tratto tra Empoli Ovest e San Miniato. Dal comitato \u00abI dannati della FiPiLi\u00bb fanno sapere che \u00abla viabilit\u00e0 risulta ancora molto congestionata in tutte le strade secondarie tra Sovigliana, Cerreto Guidi e San Miniato Basso, con la Tosco-Romagnola piena di camion obbligati alla deviazione. E ci avviciniamo all\u2019orario di partenza di molte persone che passeranno il weekend sulla costa. Consigliamo, per chi pu\u00f2, di prendere l\u2019A11 Firenze-Mare\u00bb. Avr specifica che la seconda corsia di marcia dovrebbe essere riaperta intorno alle ore 22. Sulla base delle prime analisi, la causa principale dell&#8217;avvallamento potrebbe essere ricondotta a infiltrazioni nel rilevato stradale.<\/p>\n<p class=\"is-mr-t-20 is-mr-b-20\"><b><br \/>\n                    <a href=\"https:\/\/corrierefiorentino.corriere.it\/?intcmp=Notizielocali_nd_010623_corriere_ss_fior\" target=\"_blank\" rel=\"nofollow noopener\">Vai a tutte le notizie di Firenze<\/a><br \/>\n            <\/b><\/p>\n<p class=\"chapter-paragraph\"><b><a href=\"https:\/\/www.corriere.it\/newsletter\/?theme=45&amp;intcmp=NL-artic_nd_050624_corriere_ss_fior\" target=\"_blank\" rel=\"nofollow noopener\">Iscriviti alla newsletter del Corriere Fiorentino<\/a><\/b><\/p>\n<p class=\"is-last-update\" datetime=\"2026-07-03T19:08:45+02:00\">3 luglio 2026 ( modifica il 3 luglio 2026 | 19:08)<\/p>\n<p class=\"is-copyright\">\n            \u00a9 RIPRODUZIONE RISERVATA\n        <\/p>\n","protected":false},"excerpt":{"rendered":"di Lorenzo Sarra e Redazione Online Gli automobilisti sono stati fatti uscire ad Empoli. Cinque ore di disagi&hellip;\n","protected":false},"author":3,"featured_media":568160,"comment_status":"","ping_status":"","sticky":false,"template":"","format":"standard","meta":{"footnotes":"","_share_on_mastodon":"0"},"categories":[6],"tags":[17724,14137,313096,1048,9300,432,631,2334,313097,313098,12722,14,313099,313100,274,5531,313095,83218,8,1537,90,89,2050,81851,7,15,82,9,83,10,4563,532,76956,13570,13,12516,11,80,84,12,81,85],"class_list":["post-568159","post","type-post","status-publish","format-standard","has-post-thumbnail","category-ultime-notizie","tag-asfalto","tag-automobilisti","tag-avr","tag-causa","tag-cedimento","tag-chiusura","tag-cinque","tag-comitato","tag-comitato-dannati","tag-comitato-dannati-fipili","tag-corsia","tag-cronaca","tag-dannati","tag-dannati-fipili","tag-direzione","tag-empoli","tag-empoli-ovest","tag-fipili","tag-headlines","tag-it","tag-italia","tag-italy","tag-mare","tag-miniato","tag-news","tag-notizie","tag-notizie-di-cronaca","tag-notizie-principali","tag-notiziedicronaca","tag-notizieprincipali","tag-ovest","tag-san","tag-san-miniato","tag-stradale","tag-titoli","tag-tratto","tag-ultime-notizie","tag-ultime-notizie-di-cronaca","tag-ultime-notizie-e-news-di-oggi","tag-ultimenotizie","tag-ultimenotiziedicronaca","tag-ultimenotizieenewsdioggi"],"share_on_mastodon":{"url":"","error":"Validation failed: Text character limit of 500 exceeded"},"_links":{"self":[{"href":"https:\/\/www.europesays.com\/it\/wp-json\/wp\/v2\/posts\/568159","targetHints":{"allow":["GET"]}}],"collection":[{"href":"https:\/\/www.europesays.com\/it\/wp-json\/wp\/v2\/posts"}],"about":[{"href":"https:\/\/www.europesays.com\/it\/wp-json\/wp\/v2\/types\/post"}],"author":[{"embeddable":true,"href":"https:\/\/www.europesays.com\/it\/wp-json\/wp\/v2\/users\/3"}],"replies":[{"embeddable":true,"href":"https:\/\/www.europesays.com\/it\/wp-json\/wp\/v2\/comments?post=568159"}],"version-history":[{"count":0,"href":"https:\/\/www.europesays.com\/it\/wp-json\/wp\/v2\/posts\/568159\/revisions"}],"wp:featuredmedia":[{"embeddable":true,"href":"https:\/\/www.europesays.com\/it\/wp-json\/wp\/v2\/media\/568160"}],"wp:attachment":[{"href":"https:\/\/www.europesays.com\/it\/wp-json\/wp\/v2\/media?parent=568159"}],"wp:term":[{"taxonomy":"category","embeddable":true,"href":"https:\/\/www.europesays.com\/it\/wp-json\/wp\/v2\/categories?post=568159"},{"taxonomy":"post_tag","embeddable":true,"href":"https:\/\/www.europesays.com\/it\/wp-json\/wp\/v2\/tags?post=568159"}],"curies":[{"name":"wp","href":"https:\/\/api.w.org\/{rel}","templated":true}]}}