{"id":568213,"date":"2026-07-03T19:30:17","date_gmt":"2026-07-03T19:30:17","guid":{"rendered":"https:\/\/www.europesays.com\/it\/568213\/"},"modified":"2026-07-03T19:30:17","modified_gmt":"2026-07-03T19:30:17","slug":"palio-di-siena-la-contrada-dellaquila-con-tittia-ha-vinto-la-corsa-del-3-luglio-2026","status":"publish","type":"post","link":"https:\/\/www.europesays.com\/it\/568213\/","title":{"rendered":"Palio di Siena, la contrada dell&#8217;Aquila con Tittia ha vinto la corsa del 3 luglio 2026"},"content":{"rendered":"<p>                                Era la contrada a cui mancava il successo da pi\u00f9 tempo: per il fantino Giovanni Atzeni, il pi\u00f9 titolato in Piazza del Campo, \u00e8 la vittoria numero 12<\/p>\n<p>            <a class=\"image is-50x50\" href=\"https:\/\/www.gazzetta.it\/redazione\/giuseppe-nigro\/\" rel=\"nofollow noopener\" target=\"_blank\"><br \/>\n                <img decoding=\"async\" class=\"is-rounded\" src=\"https:\/\/www.europesays.com\/it\/wp-content\/uploads\/2026\/05\/giuseppe-nigro_avatar.png\" alt=\"Giuseppe Nigro\"\/><br \/>\n            <\/a><\/p>\n<p>Giornalista<\/p>\n<p>                    3 luglio 2026 (modifica alle 20:56)  &#8211; MILANO<\/p>\n<p class=\"paragraph\" spellcheck=\"true\">Il re della Piazza toglie la cuffia alla contrada nonna del Palio di Siena. Giovanni Atzeni detto Tittia, il fantino pi\u00f9 titolato tra quelli in attivit\u00e0, con il dodicesimo successo personale, porta alla vittoria l&#8217;Aquila, la contrada che non vinceva da pi\u00f9 tempo: dal 1992, anche allora si corse il 3 luglio, quando fu Aceto a vincere l&#8217;ultima volta col giubbetto giallo.\u00a0\u00a0Il modo in cui l&#8217;Aquila ha vinto racconta tutta la grandezza di quella che era l&#8217;accoppiata favorita, con Tittia sopra al cavallo pi\u00f9 ambito: Diodoro, castrone baio di 7 anni, al secondo successo in tre palii corsi dopo quello di un anno fa l&#8217;Oca ancora insieme a Tittia.<\/p>\n<p>    la mossa\u2014 \u00a0<\/p>\n<p class=\"paragraph is-inline\" spellcheck=\"true\">Il modo, si diceva. La sorte, che decide l&#8217;ordine di ingresso ai canapi, aveva assegnato all&#8217;altra contrada favorita, l&#8217;Onda, con Carlo Sanna detto Brigante su Anda e Bola, la posizione di rincorsa. Tra i canapi appunto, col mossiere Renato Bircolotti a richiamare le contrade fuori quattro volte per fare ordine, il grosso delle scintille le ha offerte la Torre che, pur essendo in quarta posizione, \u00e8 andata spesso a cercare l&#8217;Oca, che era in prima, con la terza accoppiata pi\u00f9 temuta (Sebastiano Murtas detto Grandine su Benitos), per una marcatura a uomo che \u00e8 costata un avvertimento a Enrico Bruschelli detto Bellocchio. Ma per l&#8217;Aquila, settima nell&#8217;ordine ai canapi, c&#8217;era tutto lo spazio del mondo per partire bene, lasciato in basso dal Drago e in alto dalla Giraffa e dal Valdimontone.\u00a0<\/p>\n<p>    la corsa\u2014 \u00a0<\/p>\n<p class=\"paragraph is-inline\" spellcheck=\"true\">E dunque, senza altre contrade addosso e con un agile corridoio davanti, ha avuto gioco facile Tittia su Diodoro, una volta colto il tempo di mossa dato dall&#8217;Onda, di partire davanti a tutti. E da l\u00ec \u00e8 stato un monologo. Alle spalle hanno retto per un po&#8217; la Civetta (che aveva in piazza la rivale Leocorno) e il Valdimontone, superato poi al terzo posto dal cavallo scosso della Giraffa, una delle tre cadute insieme a Torre e Bruco. La corsa, che da calendario si tiene il 2 luglio, per la quarta volta gli ultimi cinque palii, e per il terzo anno di fila nell&#8217;edizione di luglio, era stata posticipata di un giorno per maltempo, per ragioni di sicurezza legate alle condizioni dopo la pioggia della pista di tufo di Piazza del Campo.<\/p>\n<p class=\"is-copyright\">\u00a9 RIPRODUZIONE RISERVATA<\/p>\n","protected":false},"excerpt":{"rendered":"Era la contrada a cui mancava il successo da pi\u00f9 tempo: per il fantino Giovanni Atzeni, il pi\u00f9&hellip;\n","protected":false},"author":3,"featured_media":568214,"comment_status":"","ping_status":"","sticky":false,"template":"","format":"standard","meta":{"footnotes":"","_share_on_mastodon":"0"},"categories":[176],"tags":[3467,39552,242936,921,43158,4644,39927,39928,1276,39929,39923,29326,2759,40173,42090,1537,90,89,426,1428,23450,9167,6183,268899,5543,245,244,1886,39932],"class_list":["post-568213","post","type-post","status-publish","format-standard","has-post-thumbnail","category-sport","tag-accoppiata","tag-aquila","tag-atzeni","tag-campo","tag-canapi","tag-cavallo","tag-contrada","tag-contrade","tag-corsa","tag-diodoro","tag-fantino","tag-favorita","tag-giovanni","tag-giovanni-atzeni","tag-giraffa","tag-it","tag-italia","tag-italy","tag-luglio","tag-mossa","tag-oca","tag-onda","tag-ordine","tag-palii","tag-piazza","tag-sport","tag-sports","tag-successo","tag-tittia"],"share_on_mastodon":{"url":"https:\/\/pubeurope.com\/@it\/116857708735613757","error":""},"_links":{"self":[{"href":"https:\/\/www.europesays.com\/it\/wp-json\/wp\/v2\/posts\/568213","targetHints":{"allow":["GET"]}}],"collection":[{"href":"https:\/\/www.europesays.com\/it\/wp-json\/wp\/v2\/posts"}],"about":[{"href":"https:\/\/www.europesays.com\/it\/wp-json\/wp\/v2\/types\/post"}],"author":[{"embeddable":true,"href":"https:\/\/www.europesays.com\/it\/wp-json\/wp\/v2\/users\/3"}],"replies":[{"embeddable":true,"href":"https:\/\/www.europesays.com\/it\/wp-json\/wp\/v2\/comments?post=568213"}],"version-history":[{"count":0,"href":"https:\/\/www.europesays.com\/it\/wp-json\/wp\/v2\/posts\/568213\/revisions"}],"wp:featuredmedia":[{"embeddable":true,"href":"https:\/\/www.europesays.com\/it\/wp-json\/wp\/v2\/media\/568214"}],"wp:attachment":[{"href":"https:\/\/www.europesays.com\/it\/wp-json\/wp\/v2\/media?parent=568213"}],"wp:term":[{"taxonomy":"category","embeddable":true,"href":"https:\/\/www.europesays.com\/it\/wp-json\/wp\/v2\/categories?post=568213"},{"taxonomy":"post_tag","embeddable":true,"href":"https:\/\/www.europesays.com\/it\/wp-json\/wp\/v2\/tags?post=568213"}],"curies":[{"name":"wp","href":"https:\/\/api.w.org\/{rel}","templated":true}]}}